{"id":112843,"date":"2025-09-13T19:19:09","date_gmt":"2025-09-13T19:19:09","guid":{"rendered":"https:\/\/www.europesays.com\/es\/112843\/"},"modified":"2025-09-13T19:19:09","modified_gmt":"2025-09-13T19:19:09","slug":"torneo-golf-nocturno-castellon-festival-capla","status":"publish","type":"post","link":"https:\/\/www.europesays.com\/es\/112843\/","title":{"rendered":"TORNEO GOLF NOCTURNO CASTELL\u00d3N, festival capla"},"content":{"rendered":"<p class=\"ft-text\"><a class=\"ft-link ft-link--decoration\" href=\"https:\/\/www.elperiodicomediterraneo.com\/castello\/\" target=\"_blank\" rel=\"nofollow noopener\">Castell\u00f3<\/a> vivir\u00e1 el <strong>13 de septiembre<\/strong> una cita muy especial: el <strong>primer torneo de <\/strong><a class=\"ft-link ft-link--decoration\" href=\"https:\/\/www.elperiodicomediterraneo.com\/tags\/golf\/\" target=\"_blank\" rel=\"nofollow noopener\"><strong>golf<\/strong><\/a><strong> nocturno de la ciudad<\/strong>, que tendr\u00e1 lugar en el <strong>Club de Golf Costa Azahar<\/strong>. Se jugar\u00e1 con <strong>bolas luminosas<\/strong>, lo que dar\u00e1 un toque diferente y divertido a la competici\u00f3n. Adem\u00e1s, este evento contar\u00e1 con un patrocinador de excepci\u00f3n: <strong>Capla Festival<\/strong>, que se celebrar\u00e1 pocas semanas despu\u00e9s en el Recinto de Ferias y Mercados.<\/p>\n<p class=\"ft-text\">El torneo reunir\u00e1 a jugadores de distintos niveles en un entorno \u00fanico junto al <a class=\"ft-link ft-link--decoration\" href=\"https:\/\/www.elperiodicomediterraneo.com\/\" target=\"_blank\" rel=\"nofollow noopener\">Mediterr\u00e1neo<\/a>. Ser\u00e1 una noche distinta, con un formato pensado para disfrutar del deporte de una manera m\u00e1s relajada, donde la originalidad del juego bajo las estrellas marcar\u00e1 la diferencia. La idea es que todos los participantes, tanto los m\u00e1s competitivos como los que simplemente quieren pasar un buen rato, disfruten de una velada en buena compa\u00f1\u00eda.<\/p>\n<p class=\"ft-text\">Con este patrocinio, <strong>Capla Festival<\/strong> refuerza su apuesta por conectar con la gente de <a class=\"ft-link ft-link--decoration\" href=\"https:\/\/www.elperiodicomediterraneo.com\/castello-provincia\/\" target=\"_blank\" rel=\"nofollow noopener\">Castell\u00f3n<\/a> tambi\u00e9n fuera de la <a class=\"ft-link ft-link--decoration\" href=\"https:\/\/www.elperiodicomediterraneo.com\/tags\/musica\/\" target=\"_blank\" rel=\"nofollow noopener\">m\u00fasica<\/a>. El festival tendr\u00e1 lugar el <strong>4 de octubre<\/strong>, con <strong>12 horas de <\/strong><a class=\"ft-link ft-link--decoration\" href=\"https:\/\/www.elperiodicomediterraneo.com\/tags\/conciertos\/\" target=\"_blank\" rel=\"nofollow noopener\"><strong>conciertos<\/strong><\/a> de 16:00 a 04:00 y un cartel de lujo en el que destacan <strong>Fangoria<\/strong>, <strong>La LaLoveYou<\/strong>, <strong>Sidonie<\/strong>, <a class=\"ft-link ft-link--decoration\" href=\"https:\/\/www.elperiodicomediterraneo.com\/tags\/seguridad-social\/\" target=\"_blank\" rel=\"nofollow noopener\"><strong>Seguridad Social<\/strong><\/a>, <strong>Nancys Rubias<\/strong>, <strong>We Are NotDJs<\/strong>, y el talento local de <strong>Valiente Bosque<\/strong><\/p>\n<p class=\"ft-text\">El festival no solo ofrecer\u00e1 m\u00fasica, sino tambi\u00e9n una amplia variedad de<strong>foodtrucks<\/strong>, zonas de descanso y espacios sorpresa para hacerse fotos con amigos. Adem\u00e1s, tendr\u00e1 un marcado car\u00e1cter social: varias asociaciones ben\u00e9ficas organizar\u00e1n <strong>juegos solidarios<\/strong> para recaudar fondos, en colaboraci\u00f3n con <strong>Fundaci\u00f3 Caixa Castell\u00f3<\/strong>.<\/p>\n<p class=\"ft-text\">La organizaci\u00f3n ha pensado en todos los detalles para que la experiencia sea c\u00f3moda y divertida: carriles de entrada extra, el doble de ba\u00f1os de lo exigido por ley y personal de apoyo para evitar colas en barra. Tambi\u00e9n habr\u00e1 dos tipos de entradas: la <strong>general<\/strong>, con acceso a todos los conciertos, y la <strong>VIP<\/strong>, que incluye carril exclusivo, zona chillout, ba\u00f1os y barras premium, adem\u00e1s de vistas privilegiadas del escenario.<\/p>\n<p><img decoding=\"async\" src=\"https:\/\/www.europesays.com\/es\/wp-content\/uploads\/2025\/09\/2dd1fec7-8b03-4365-8ade-b9c8831072e9_alta-libre-aspect-ratio_default_0.jpg\" width=\"1200\" height=\"1697\" alt=\"Torneo Golf Capla Castell\u00f3n\" class=\"ft-helper-img-rd\" loading=\"lazy\" hasdataaida=\"true\"\/><\/p>\n<p class=\"ft-helper-fontColor-quaternary ft-helper-fontSize-body-S ft-helper-spacer-t-xxs\">Torneo Golf Capla Castell\u00f3n  \/ MEDITERR\u00c1NEO<\/p>\n<p class=\"ft-text\">Toda la<strong> informaci\u00f3n y entradas<\/strong> a la venta en <a class=\"ft-link ft-link--decoration\" href=\"https:\/\/caplafestival.com\/\" rel=\"nofollow noopener\" target=\"_blank\">caplafestival.com<\/a><\/p>\n<p class=\"ft-text\">El <strong>torneo nocturno de golf<\/strong> ser\u00e1 una gran oportunidad para disfrutar de una noche diferente en Castell\u00f3n, mezclando deporte, ocio y diversi\u00f3n. Y, como guinda, servir\u00e1 de antesala a un festival que promete convertirse en la gran cita <a class=\"ft-link ft-link--decoration\" href=\"https:\/\/www.elperiodicomediterraneo.com\/cultura\/\" target=\"_blank\" rel=\"nofollow noopener\">cultural<\/a> y social del a\u00f1o en la provincia.<\/p>\n<p class=\"ft-text\"><strong>El 13 de septiembre, golf bajo las estrellas. El 4 de octubre, m\u00fasica sin descanso. Dos fechas que Castell\u00f3n no puede perderse.<\/strong><\/p>\n","protected":false},"excerpt":{"rendered":"Castell\u00f3 vivir\u00e1 el 13 de septiembre una cita muy especial: el primer torneo de golf nocturno de la&hellip;\n","protected":false},"author":2,"featured_media":112844,"comment_status":"","ping_status":"","sticky":false,"template":"","format":"standard","meta":{"footnotes":""},"categories":[275],"tags":[38261,31003,3965,208,168,25,24,3931,329,185,38262,977,1971,23,167,775],"class_list":{"0":"post-112843","1":"post","2":"type-post","3":"status-publish","4":"format-standard","5":"has-post-thumbnail","7":"category-golf","8":"tag-capla","9":"tag-castello","10":"tag-castellon","11":"tag-conciertos","12":"tag-deportes","13":"tag-es","14":"tag-espana","15":"tag-festival","16":"tag-golf","17":"tag-musica","18":"tag-patrocina","19":"tag-primer","20":"tag-septiembre","21":"tag-spain","22":"tag-sports","23":"tag-torneo"},"share_on_mastodon":{"url":"","error":""},"_links":{"self":[{"href":"https:\/\/www.europesays.com\/es\/wp-json\/wp\/v2\/posts\/112843","targetHints":{"allow":["GET"]}}],"collection":[{"href":"https:\/\/www.europesays.com\/es\/wp-json\/wp\/v2\/posts"}],"about":[{"href":"https:\/\/www.europesays.com\/es\/wp-json\/wp\/v2\/types\/post"}],"author":[{"embeddable":true,"href":"https:\/\/www.europesays.com\/es\/wp-json\/wp\/v2\/users\/2"}],"replies":[{"embeddable":true,"href":"https:\/\/www.europesays.com\/es\/wp-json\/wp\/v2\/comments?post=112843"}],"version-history":[{"count":0,"href":"https:\/\/www.europesays.com\/es\/wp-json\/wp\/v2\/posts\/112843\/revisions"}],"wp:featuredmedia":[{"embeddable":true,"href":"https:\/\/www.europesays.com\/es\/wp-json\/wp\/v2\/media\/112844"}],"wp:attachment":[{"href":"https:\/\/www.europesays.com\/es\/wp-json\/wp\/v2\/media?parent=112843"}],"wp:term":[{"taxonomy":"category","embeddable":true,"href":"https:\/\/www.europesays.com\/es\/wp-json\/wp\/v2\/categories?post=112843"},{"taxonomy":"post_tag","embeddable":true,"href":"https:\/\/www.europesays.com\/es\/wp-json\/wp\/v2\/tags?post=112843"}],"curies":[{"name":"wp","href":"https:\/\/api.w.org\/{rel}","templated":true}]}}