{"id":112845,"date":"2025-09-13T19:20:07","date_gmt":"2025-09-13T19:20:07","guid":{"rendered":"https:\/\/www.europesays.com\/es\/112845\/"},"modified":"2025-09-13T19:20:07","modified_gmt":"2025-09-13T19:20:07","slug":"equipos-ya-clasificados-y-tres-grandes-casi-ko","status":"publish","type":"post","link":"https:\/\/www.europesays.com\/es\/112845\/","title":{"rendered":"equipos ya clasificados y tres grandes casi KO"},"content":{"rendered":"<p data-gtm-element-container=\"modulo-texto-link\" class=\"paragraph\">Los dos equipos m\u00e1s laureados de la historia de la Copa Davis y Espa\u00f1a, de los mejores pa\u00edses desde que abriera su palmar\u00e9s de seis &#8216;ensaladeras de plata&#8217; en 2000, se hallan al borde del KO en torneo centenario de selecciones, que ya tiene a cinco de los ocho conjuntos que disputar\u00e1n la Final a 8, en la localidad italiana de <strong>Bolonia<\/strong> del 18 al 23 de noviembre.<\/p>\n<p data-gtm-element-container=\"modulo-texto-link\" class=\"paragraph\">Espa\u00f1a empez\u00f3 pagando las ausencias, especialmente la del n\u00famero uno mundial y campe\u00f3n del US Open<strong>, Carlos Alcaraz<\/strong>, que opt\u00f3 por descansar despu\u00e9s de triunfar en Nueva York. Sin \u00e9l, como tampoco <strong>Alejandro Davidovich,<\/strong> doble derrota en los individuales de la jornada inaugural.<\/p>\n<p data-gtm-element-container=\"modulo-texto-link\" class=\"paragraph\"><strong>Pablo Carre\u00f1o<\/strong> cedi\u00f3 ante <strong>Holger Rune<\/strong>, 7-5 y 6-3, m\u00e1s sorprendente result\u00f3 la derrota de <strong>Jaume Munar<\/strong>, n\u00ba 37 mundial, ante el n\u00ba 113, <strong>Elmer Moller<\/strong>, por 2-6, 6-1 y 6-4. Los de David Ferrer, contra las cuerdas, abocados a todo (una remontada heroica) o nada el domingo, con el dobles de entrada y dos individuales, m\u00e1s, si fueran necesarios.\u00a0Dura experiencia en la tierra batida de Marbella.<\/p>\n<blockquote class=\"twitter-tweet\" data-lang=\"es\"><p>\n<a href=\"https:\/\/twitter.com\/DavisCup\/status\/1966894598170558881\" rel=\"nofollow noopener\" target=\"_blank\">\n<\/p><\/blockquote>\n<p data-gtm-element-container=\"modulo-texto-link\" class=\"paragraph\">Otras dos grandes potencias se hallan en dificultades. Especialmente Australia, dominada 0-2 por B\u00e9lgica. <strong>Alex de Mi\u00f1aur<\/strong> no pudo con<strong> Raphael Collignon<\/strong>, 7-5, 3-6 y 6-3; Zizou Bergs puso en alerta a los &#8216;aussies&#8217;, en su casa de Sydney, superando a Jordan Thompson por 7-6 (4) y 6-4.<\/p>\n<p data-gtm-element-container=\"modulo-texto-link\" class=\"paragraph\">Estados Unidos lo tiene un poco mejor en Delray Beach contra la Rep\u00fablica Checa, ya que <strong>Taylor Fritz<\/strong> fue al rescate venciendo a Jakub Mensik por 6-4 y 6-2, tras ceder Frances Tiafoe ante Jiri Lehecka por 6-3 y 6-2.\u00a0<\/p>\n<p data-gtm-element-container=\"modulo-texto-link\" class=\"paragraph\">El resto, decidido. Italia, anfitriona y defensora de la corona, no pas\u00f3 por unas eliminatorias en las que se ganaron un puesto <strong>Alemania, Argentina, Austria y Francia<\/strong>. Todos ellos, parad\u00f3jicamente, imponi\u00e9ndose a domicilio, haciendo menguar el factor casa tan fuerte hist\u00f3ricamente en la Copa Davis.<\/p>\n<p data-gtm-element-container=\"modulo-texto-link\" class=\"paragraph\">Alemania sentenci\u00f3 r\u00e1pido en Jap\u00f3n (0-4). <strong>Kevin Krawietz y Tim Puetz <\/strong>solucionaron batiendo a Yosuke Watanuki y Takeru Yuzuki por 6-3 y 7-6 (4). Sin trascendencia, Justin Engel gan\u00f3 a Rei Sakamoto por 6-3, 6-7 (2) y 10-7.\u00a0<\/p>\n<p data-gtm-element-container=\"modulo-texto-link\" class=\"paragraph\">Tambi\u00e9n Argentina cant\u00f3 victoria con el dobles, el 1-3 en Pa\u00edses Bajos, finalista en M\u00e1laga 2024. <strong>Andr\u00e9s Molteni y Horacio Zeballos<\/strong> se hicieron fuertes ante Sander Arends y Botic Van de Zandschulp por 6-3 y 7-5. Con todo decidido, Jesper de Jong gan\u00f3 a Francisco Comesa\u00f1a por 6-4 y 6-3.<\/p>\n<blockquote class=\"twitter-tweet\" data-lang=\"es\"><p>\n<a href=\"https:\/\/twitter.com\/DavisCup\/status\/1966898248485929401\" rel=\"nofollow noopener\" target=\"_blank\">\n<\/p><\/blockquote>\n<p data-gtm-element-container=\"modulo-texto-link\" class=\"paragraph\">Francia, otro cl\u00e1sico de la competici\u00f3n, se impuso en Croacia, 1-3. Nikola Metkic y Mate Pavic dieron vida a los balc\u00e1nicos al derrotar a Benjamin Bonzi y Pierre-Hugues Herbert por 6-3 y 7-5, pero <strong>Corentin Moutet<\/strong> sentenci\u00f3 a costa de <strong>Marin Cilic,<\/strong> 7-5 y 6-4.<\/p>\n<p>    Lee tambi\u00e9n<\/p>\n<p data-gtm-element-container=\"modulo-texto-link\" class=\"paragraph\">Hungr\u00eda amag\u00f3 con la remontada, ya que Fabian Marozsan y Zsombor Piros batieron a Alexander Erler y Lucas Miedler, 7-6 (4), 7-6 (2) . Despu\u00e9s\u00a0Zsombor Piros puso el 2-2 derrotando a Lukas Neumayer por 7-5 y 7-6 (6). Clasific\u00f3 por vez primera a Austria para unas Finales <strong>Jurij Rodionov,<\/strong> superando a Marton Fucsovics por 6-2 y 6-1.<\/p>\n<p><script async src=\"https:\/\/platform.twitter.com\/widgets.js\" charset=\"utf-8\"><\/script><\/p>\n","protected":false},"excerpt":{"rendered":"Los dos equipos m\u00e1s laureados de la historia de la Copa Davis y Espa\u00f1a, de los mejores pa\u00edses&hellip;\n","protected":false},"author":2,"featured_media":112846,"comment_status":"","ping_status":"","sticky":false,"template":"","format":"standard","meta":{"footnotes":""},"categories":[274],"tags":[168,25,24,23,167,327,326],"class_list":{"0":"post-112845","1":"post","2":"type-post","3":"status-publish","4":"format-standard","5":"has-post-thumbnail","7":"category-tenis","8":"tag-deportes","9":"tag-es","10":"tag-espana","11":"tag-spain","12":"tag-sports","13":"tag-tenis","14":"tag-tennis"},"share_on_mastodon":{"url":"","error":""},"_links":{"self":[{"href":"https:\/\/www.europesays.com\/es\/wp-json\/wp\/v2\/posts\/112845","targetHints":{"allow":["GET"]}}],"collection":[{"href":"https:\/\/www.europesays.com\/es\/wp-json\/wp\/v2\/posts"}],"about":[{"href":"https:\/\/www.europesays.com\/es\/wp-json\/wp\/v2\/types\/post"}],"author":[{"embeddable":true,"href":"https:\/\/www.europesays.com\/es\/wp-json\/wp\/v2\/users\/2"}],"replies":[{"embeddable":true,"href":"https:\/\/www.europesays.com\/es\/wp-json\/wp\/v2\/comments?post=112845"}],"version-history":[{"count":0,"href":"https:\/\/www.europesays.com\/es\/wp-json\/wp\/v2\/posts\/112845\/revisions"}],"wp:featuredmedia":[{"embeddable":true,"href":"https:\/\/www.europesays.com\/es\/wp-json\/wp\/v2\/media\/112846"}],"wp:attachment":[{"href":"https:\/\/www.europesays.com\/es\/wp-json\/wp\/v2\/media?parent=112845"}],"wp:term":[{"taxonomy":"category","embeddable":true,"href":"https:\/\/www.europesays.com\/es\/wp-json\/wp\/v2\/categories?post=112845"},{"taxonomy":"post_tag","embeddable":true,"href":"https:\/\/www.europesays.com\/es\/wp-json\/wp\/v2\/tags?post=112845"}],"curies":[{"name":"wp","href":"https:\/\/api.w.org\/{rel}","templated":true}]}}