{"id":112847,"date":"2025-09-13T19:21:08","date_gmt":"2025-09-13T19:21:08","guid":{"rendered":"https:\/\/www.europesays.com\/es\/112847\/"},"modified":"2025-09-13T19:21:08","modified_gmt":"2025-09-13T19:21:08","slug":"vingegaard-sobre-los-incidentes-en-la-vuelta-nos-hemos-sentido-seguros-ciclismo-deportes","status":"publish","type":"post","link":"https:\/\/www.europesays.com\/es\/112847\/","title":{"rendered":"Vingegaard, sobre los incidentes en la Vuelta: \u201cNos hemos sentido seguros\u201d | Ciclismo | Deportes"},"content":{"rendered":"<p class=\"\">Jonas Vingegaard apareci\u00f3 por la sala de prensa improvisada en Navacerrada con paso lento por el cansancio, pero con una sonrisa de oreja a oreja, pues <a href=\"https:\/\/elpais.com\/deportes\/ciclismo\/2025-09-13\/vingegaard-sentencia-la-vuelta-a-espana-en-otra-jornada-marcada-por-gaza.html\" target=\"_blank\" rel=\"noreferrer nofollow noopener\" title=\"https:\/\/elpais.com\/deportes\/ciclismo\/2025-09-13\/vingegaard-sentencia-la-vuelta-a-espana-en-otra-jornada-marcada-por-gaza.html\">su corona en la Vuelta tras dos laureles en el Tour de Francia (2022 y 2023) lo val\u00eda<\/a>. \u201cEs la Vuelta, una de las grandes carreras del mundo, algo siempre so\u00f1ado. Y ganar en la Bola del Mundo, en una cima tan especial, ha sido algo incre\u00edble\u201d, resolvi\u00f3, orgulloso. Y, paciente \u2014al contrario que su jefe de prensa, que quer\u00eda cortar cuanto antes la comparecencia\u2014, el dan\u00e9s respondi\u00f3 a todas las preguntas, tambi\u00e9n a las que abordaban el tema de las manifestaciones en favor de Palestina y en contra de la ofensiva de Israel en Gaza, que ya se ha cobrado la vida de m\u00e1s de 64.800 personas, seg\u00fan las autoridades del enclave.<\/p>\n<p class=\"\">Unas manifestaciones que han alterado el transcurso de la carrera, al punto de que se acort\u00f3 la llegada a meta en un par de etapas en marcha (Bilbao y Castro de Herville), adem\u00e1s del recorrido de la crono individual en Valladolid y el de este mismo s\u00e1bado, que evit\u00f3 el paso por Cercedilla. \u201cTodo el mundo, tras el segundo d\u00eda de descanso, dud\u00e1bamos de que la carrera seguir\u00eda. Pero creo que la organizaci\u00f3n y la polic\u00eda <a href=\"https:\/\/elpais.com\/deportes\/ciclismo\/2025-09-13\/ecologistas-y-propalestinos-amenazan-el-ascenso-final-de-la-vuelta-en-la-bola-del-mundo.html\" target=\"_blank\" rel=\"noreferrer nofollow noopener\" title=\"https:\/\/elpais.com\/deportes\/ciclismo\/2025-09-13\/ecologistas-y-propalestinos-amenazan-el-ascenso-final-de-la-vuelta-en-la-bola-del-mundo.html\">han hecho un gran trabajo para hacernos sentir seguros y poder correr<\/a>\u201d, manifest\u00f3. Un discurso muy similar al de Jo\u00e3o Almeida y Tom Pidcock, los ciclistas que completaron el podio de la Vuelta y que hablaron del incidente vivido esta misma tarde, cuando un grupo de manifestantes irrumpi\u00f3 en pleno recorrido. \u201cLo que han hecho no es algo muy bueno, la verdad, pero ten\u00edamos un hueco por la derecha gracias al trabajo policial y no ha cambiado mucho la carrera. No tiene mucho sentido que lo hagan, pero\u2026. No s\u00e9. No tengo mucho que decir\u201d, desliz\u00f3 Almeida. \u201cYo no tuve miedo\u201d, expuso el brit\u00e1nico; \u201c<a href=\"https:\/\/elpais.com\/deportes\/ciclismo\/2025-09-12\/los-equipos-ciclistas-preocupados-por-su-seguridad-en-la-vuelta-se-va-a-liar-en-madrid-verdad.html\" target=\"_blank\" rel=\"noreferrer nofollow noopener\" title=\"https:\/\/elpais.com\/deportes\/ciclismo\/2025-09-12\/los-equipos-ciclistas-preocupados-por-su-seguridad-en-la-vuelta-se-va-a-liar-en-madrid-verdad.html\">la polic\u00eda y la organizaci\u00f3n nos han hecho sentir seguros ante las manifestaciones<\/a>. Y eso que los protestantes hoy parec\u00edan m\u00e1s pac\u00edficos\u2026\u201d. <\/p>\n<p class=\"\">En Becerril de la Sierra, los manifestantes cortaron la carretera con una sentada, momento cr\u00edtico y de absoluto caos. \u201cHa estado cerca de afectar al grupo\u201d, convino Vingegaard; \u201cpero lo hemos podido sortear y la polic\u00eda ha hecho un gran trabajo para permitirnos seguir corriendo. Tuvimos que improvisar, pero me he sentido seguro en el d\u00eda de hoy\u201d. Y el dan\u00e9s a\u00f1adi\u00f3: \u201cTodo el mundo tiene derecho a protestar, pero nosotros estamos para correr y es una pena que pase aqu\u00ed. Pero entiendo por qu\u00e9 lo hacen\u201d.<\/p>\n<p>M\u00e1s informaci\u00f3n<\/p>\n<p class=\"\">Los activistas se han dejado ver y notar en varias etapas. \u201cS\u00ed, pero no creo que hayan condicionado mucho la carrera. <a href=\"https:\/\/elpais.com\/deportes\/ciclismo\/2025-09-10\/la-etapa-18-de-la-vuelta-se-reduce-a-solo-125-kilometros-por-seguridad.html\" target=\"_blank\" rel=\"noreferrer nofollow noopener\" title=\"https:\/\/elpais.com\/deportes\/ciclismo\/2025-09-10\/la-etapa-18-de-la-vuelta-se-reduce-a-solo-125-kilometros-por-seguridad.html\">En la contrarreloj me benefici\u00f3 que se acortara<\/a>, pero en Bilbao creo que pod\u00eda haber sacado m\u00e1s segundos a mis rivales\u201d, intervino Vingegaard. \u201cEse fue mi mejor y peor d\u00eda porque me encontraba muy bien\u201d, incidi\u00f3 Pidcock, recordando que \u00e9l y el dan\u00e9s se hab\u00edan escapado; \u201cpero perd\u00ed la oportunidad de ganar y fue un hecho que mentalmente fue dif\u00edcil de procesar. Me afect\u00f3 en el resto de competici\u00f3n\u201d. Aunque ha quedado tercero, un resultado sorprendente porque no hace tanto ven\u00eda del ciclocross. \u201cEn las \u00faltimas temporadas, no disfrut\u00e9 las grandes, pero aqu\u00ed me he demostrado que puedo conseguir lo que mucha gente y el equipo cree que puedo conseguir. Me he quitado un peso de encima\u201d.<\/p>\n<p class=\"\">Menos contento estaba Almeida, que ten\u00eda la oportunidad de superar a Vingegaard \u2014<a href=\"https:\/\/elpais.com\/deportes\/ciclismo\/2025-09-12\/la-vuelta-a-espana-es-cosa-de-dos-vingegaard-o-almeida.html\" target=\"_blank\" rel=\"noreferrer nofollow noopener\" title=\"https:\/\/elpais.com\/deportes\/ciclismo\/2025-09-12\/la-vuelta-a-espana-es-cosa-de-dos-vingegaard-o-almeida.html\">solo los separaban 44 segundos antes de la etapa de este s\u00e1bado\u2014<\/a>, pero se qued\u00f3 con las ganas. \u201cEsta semana he estado enfermo y me ha limitado bastante. He tenido gripe y ten\u00eda el cuerpo dolorido. Pero creo que le ha pasado a la mitad del pelot\u00f3n\u201d, desvel\u00f3. Y as\u00ed fue. \u201cLlegu\u00e9 en muy buena forma, pero en la segunda semana sufr\u00ed porque estaba enfermo. No lo quer\u00edamos decir, claro. Pero por suerte me he recuperado a tiempo\u201d. Y, entre altercados, detenciones y manifestaciones, se ha llevado la Vuelta.<\/p>\n","protected":false},"excerpt":{"rendered":"Jonas Vingegaard apareci\u00f3 por la sala de prensa improvisada en Navacerrada con paso lento por el cansancio, pero&hellip;\n","protected":false},"author":2,"featured_media":112848,"comment_status":"","ping_status":"","sticky":false,"template":"","format":"standard","meta":{"footnotes":""},"categories":[273],"tags":[2839,313,2838,1540,312,168,25,24,8993,16735,76,18278,23,167,325],"class_list":{"0":"post-112847","1":"post","2":"type-post","3":"status-publish","4":"format-standard","5":"has-post-thumbnail","7":"category-ciclismo","8":"tag-carreras-ciclistas","9":"tag-ciclismo","10":"tag-ciclistas","11":"tag-competiciones","12":"tag-cycling","13":"tag-deportes","14":"tag-es","15":"tag-espana","16":"tag-joao-almeida","17":"tag-manifestaciones","18":"tag-palestina","19":"tag-pidcock","20":"tag-spain","21":"tag-sports","22":"tag-vingegaard"},"share_on_mastodon":{"url":"","error":""},"_links":{"self":[{"href":"https:\/\/www.europesays.com\/es\/wp-json\/wp\/v2\/posts\/112847","targetHints":{"allow":["GET"]}}],"collection":[{"href":"https:\/\/www.europesays.com\/es\/wp-json\/wp\/v2\/posts"}],"about":[{"href":"https:\/\/www.europesays.com\/es\/wp-json\/wp\/v2\/types\/post"}],"author":[{"embeddable":true,"href":"https:\/\/www.europesays.com\/es\/wp-json\/wp\/v2\/users\/2"}],"replies":[{"embeddable":true,"href":"https:\/\/www.europesays.com\/es\/wp-json\/wp\/v2\/comments?post=112847"}],"version-history":[{"count":0,"href":"https:\/\/www.europesays.com\/es\/wp-json\/wp\/v2\/posts\/112847\/revisions"}],"wp:featuredmedia":[{"embeddable":true,"href":"https:\/\/www.europesays.com\/es\/wp-json\/wp\/v2\/media\/112848"}],"wp:attachment":[{"href":"https:\/\/www.europesays.com\/es\/wp-json\/wp\/v2\/media?parent=112847"}],"wp:term":[{"taxonomy":"category","embeddable":true,"href":"https:\/\/www.europesays.com\/es\/wp-json\/wp\/v2\/categories?post=112847"},{"taxonomy":"post_tag","embeddable":true,"href":"https:\/\/www.europesays.com\/es\/wp-json\/wp\/v2\/tags?post=112847"}],"curies":[{"name":"wp","href":"https:\/\/api.w.org\/{rel}","templated":true}]}}