{"id":112851,"date":"2025-09-13T19:23:08","date_gmt":"2025-09-13T19:23:08","guid":{"rendered":"https:\/\/www.europesays.com\/es\/112851\/"},"modified":"2025-09-13T19:23:08","modified_gmt":"2025-09-13T19:23:08","slug":"cob-y-breogan-pelean-por-el-tercer-puesto-de-la-as-burgas-basket-cup","status":"publish","type":"post","link":"https:\/\/www.europesays.com\/es\/112851\/","title":{"rendered":"COB y Breog\u00e1n pelean por el tercer puesto de la As Burgas Basket Cup"},"content":{"rendered":"<p class=\"paragraph-atom &#10;        B-500-500-700-N B-600-500-700-N--md  \"><strong>El <\/strong><a href=\"https:\/\/www.laregion.es\/zona-cob\/\" rel=\"nofollow noopener\" target=\"_blank\"><strong>COB<\/strong><\/a><strong> y el Breog\u00e1n<\/strong> se enfrentan esta tarde de s\u00e1bado en el Pazo dos Deportes Paco Paz. Se trata de la pelea por el tercer y cuarto puesto de la <strong>As Burgas Basket Cup<\/strong>, en una ronda a la que llegan tras perder sus partidos del viernes.<\/p>\n<p class=\"paragraph-atom &#10;        B-500-500-700-N B-600-500-700-N--md  \">Pese a la buena imagen ante todo un cl\u00e1sico de la ACB, el COB perdi\u00f3 frente a <strong>Bilbao B\u00e1sket<\/strong> (72-91), pasando as\u00ed los vascos a la final. Por su parte, el Breog\u00e1n no pudo con un <strong>Gran Canaria<\/strong> donde Albicy fue determinante en los minutos finales (93-90).<\/p>\n<p>        COB-Breog\u00e1n, en directo<\/p>\n<p class=\"paragraph-atom &#10;        B-500-500-700-N B-600-500-700-N--md  \">Sigue el partido en directo, aqu\u00ed.<\/p>\n","protected":false},"excerpt":{"rendered":"El COB y el Breog\u00e1n se enfrentan esta tarde de s\u00e1bado en el Pazo dos Deportes Paco Paz.&hellip;\n","protected":false},"author":2,"featured_media":112852,"comment_status":"","ping_status":"","sticky":false,"template":"","format":"standard","meta":{"footnotes":""},"categories":[269],"tags":[299,298,10569,22068,168,2125,25,24,38263,23,167,619],"class_list":{"0":"post-112851","1":"post","2":"type-post","3":"status-publish","4":"format-standard","5":"has-post-thumbnail","7":"category-baloncesto","8":"tag-baloncesto","9":"tag-basketball","10":"tag-breogan","11":"tag-cob","12":"tag-deportes","13":"tag-directo","14":"tag-es","15":"tag-espana","16":"tag-pelean","17":"tag-spain","18":"tag-sports","19":"tag-tercer"},"share_on_mastodon":{"url":"","error":""},"_links":{"self":[{"href":"https:\/\/www.europesays.com\/es\/wp-json\/wp\/v2\/posts\/112851","targetHints":{"allow":["GET"]}}],"collection":[{"href":"https:\/\/www.europesays.com\/es\/wp-json\/wp\/v2\/posts"}],"about":[{"href":"https:\/\/www.europesays.com\/es\/wp-json\/wp\/v2\/types\/post"}],"author":[{"embeddable":true,"href":"https:\/\/www.europesays.com\/es\/wp-json\/wp\/v2\/users\/2"}],"replies":[{"embeddable":true,"href":"https:\/\/www.europesays.com\/es\/wp-json\/wp\/v2\/comments?post=112851"}],"version-history":[{"count":0,"href":"https:\/\/www.europesays.com\/es\/wp-json\/wp\/v2\/posts\/112851\/revisions"}],"wp:featuredmedia":[{"embeddable":true,"href":"https:\/\/www.europesays.com\/es\/wp-json\/wp\/v2\/media\/112852"}],"wp:attachment":[{"href":"https:\/\/www.europesays.com\/es\/wp-json\/wp\/v2\/media?parent=112851"}],"wp:term":[{"taxonomy":"category","embeddable":true,"href":"https:\/\/www.europesays.com\/es\/wp-json\/wp\/v2\/categories?post=112851"},{"taxonomy":"post_tag","embeddable":true,"href":"https:\/\/www.europesays.com\/es\/wp-json\/wp\/v2\/tags?post=112851"}],"curies":[{"name":"wp","href":"https:\/\/api.w.org\/{rel}","templated":true}]}}