{"id":112855,"date":"2025-09-13T19:25:09","date_gmt":"2025-09-13T19:25:09","guid":{"rendered":"https:\/\/www.europesays.com\/es\/112855\/"},"modified":"2025-09-13T19:25:09","modified_gmt":"2025-09-13T19:25:09","slug":"cuando-llegue-el-momento-celebraremos-la-boda","status":"publish","type":"post","link":"https:\/\/www.europesays.com\/es\/112855\/","title":{"rendered":"\u201cCuando llegue el momento celebraremos la boda\u00bb"},"content":{"rendered":"<p>Si todo hubiera seguido seg\u00fan lo planeado, <a href=\"https:\/\/okdiario.com\/look\/actualidad\/preocupante-mensaje-nuera-makoke-dia-que-habria-celebrado-boda-2378364\" rel=\"nofollow noopener\" target=\"_blank\"><strong>Makoke<\/strong><\/a> ya ser\u00eda la esposa de Gonzalo Fern\u00e1ndez. Sin embargo, finalmente no ha podido ser as\u00ed. En plena cuenta atr\u00e1s para la celebraci\u00f3n, la pareja se vio obligada a<strong> cancelar el enlace<\/strong> por motivos de salud de un familiar. Hasta ahora, no se conoc\u00edan m\u00e1s datos al respecto, pero ha sido justo el mismo d\u00eda en el que se tendr\u00eda que haber celebrado la boda cuando su nuera, <strong>Marina Romero, ha roto su silencio<\/strong> con un preocupante mensaje en la red que ha hecho saltar todas las alarmas. En \u00e9l, la joven se ha deshecho en halagos hacia su pareja, <strong>Javier Tudela<\/strong>, confesando que se encontraban atravesando<strong> \u00abuno de los momentos m\u00e1s dif\u00edciles de su camino juntos\u00bb<\/strong>, as\u00ed como tambi\u00e9n publicaba una alarmante fotograf\u00eda sentada en la silla de un hospital y con una v\u00eda puesta en el brazo.<\/p>\n<p>Como no pod\u00eda ser de otra manera, Makoke no tardaba en interactuar con el post, comentando que \u00ables quer\u00eda con toda su alma\u00bb. Pero eso no ha sido todo. Y es que, acudiendo a su habitual puesto de trabajo en el <strong>programa Fiesta<\/strong>, la colaboradora no ha podido evitar romperse a llorar al hablar sobre el precioso mensaje que la influencer le ha dedicado a su hijo en Instagram.<\/p>\n<p>\n<img decoding=\"async\" loading=\"lazy\" class=\"size-medium wp-image-2378654\" alt=\"Marina Romero, Javier Tudela, Makoke\" width=\"620\" height=\"349\"  src=\"https:\/\/www.europesays.com\/es\/wp-content\/uploads\/2025\/09\/1757554452_849_placeholder.jpg\"  bad-src=\"https:\/\/www.europesays.com\/es\/wp-content\/uploads\/2025\/09\/1757554452_849_placeholder.jpg\"\/><\/p>\n<p><img decoding=\"async\" loading=\"lazy\" class=\"size-medium wp-image-2378654\" src=\"https:\/\/www.europesays.com\/es\/wp-content\/uploads\/2025\/09\/fiesa-620x349.jpg\" alt=\"Marina Romero, Javier Tudela, Makoke\" width=\"620\" height=\"349\"  \/><\/p>\n<p> Makoke en el programa \u2018Fiesta\u2019. (Foto: Mediaset)\n<\/p>\n<p>\u00abEst\u00e1 siendo un fin de semana complicado. Deber\u00eda estar ya casada, pero no ha podido ser. <strong>Estamos pasando unos momentos muy duros\u00bb<\/strong>, comenzaba a decir. \u00abEstoy muy sensible. Llevamos tres semanas de no parar. [\u2026] Pero no pasa nada, cuando llegue el momento, celebraremos la boda m\u00e1s que nunca [\u2026] <strong>Ojal\u00e1 salga todo bien\u00bb<\/strong>, a\u00f1ad\u00eda, desvelando, por primera vez, que el bienestar de Marina fue el motivo por el que decidieron paralizar todos los planes nupciales.<\/p>\n<p>Sin poder evitar las l\u00e1grimas, Makoke comentaba que Marina no quer\u00eda que nada de esto se supiera, pero ahora que ya hab\u00eda dado el paso de hacerlo p\u00fablico, reconoc\u00eda que era un peso que se hab\u00eda quitado de encima. <strong>\u00abEs una pareja que se quiere much\u00edsimo.<\/strong> Est\u00e1n muy unidos. Son muy fuertes los cuatro y la carta es preciosa\u00bb, expresaba.<\/p>\n<blockquote class=\"instagram-media\" style=\"background: #FFF; border: 0; border-radius: 3px; box-shadow: 0 0 1px 0 rgba(0,0,0,0.5),0 1px 10px 0 rgba(0,0,0,0.15); margin: 1px; max-width: 540px; min-width: 326px; padding: 0; width: calc(100% - 2px);\" data-instgrm-captioned=\"\" data-instgrm-permalink=\"https:\/\/www.instagram.com\/p\/DOgi1fsDPRU\/?utm_source=ig_embed&amp;utm_campaign=loading\" data-instgrm-version=\"14\">\n<\/blockquote>\n<p>Al hablar sobre c\u00f3mo estaba llevando su hijo, Javier Tudela, estos duros momentos, la colaboradora no ha podido dejar de llorar. <strong>\u00abMi hijo est\u00e1 fuerte.<\/strong> Hay cosas y momentos que son muy duros y \u00e9l siempre est\u00e1 ah\u00ed para hacernos re\u00edr a todos. En alg\u00fan momento explotar\u00e1, porque est\u00e1 teniendo una fuerza con los ni\u00f1os y con todo\u2026 Nos est\u00e1 dando un ejemplo a todos. <strong>Yo no sab\u00eda que mi hijo ten\u00eda esa fuerza\u00bb<\/strong>, confesaba.<\/p>\n<p>La televisiva narraba que se enter\u00f3 de todo cuando estaba de vacaciones en Estepona, momento en el que se dio cuenta \u00abde que la vida te cambia en cuesti\u00f3n de segundos\u00bb. <strong>\u00abEn cuanto me enter\u00e9, dej\u00e9 todo y me vine para Madrid.<\/strong> Sal\u00ed corriendo. [\u2026] De estar pidiendo a la gente que si quer\u00eda solomillo o lubina, a de repente todo fuera. Es muy fuerte la vida\u00bb, reflexionaba. Antes de concluir, hac\u00eda hincapi\u00e9 en que Marina \u00abes un amor de ni\u00f1a\u00bb y que Gonzalo, su prometido, estaba convirti\u00e9ndose en un apoyo muy s\u00f3lido para todos. <strong>\u00abEstamos todos m\u00e1s unidos que nunca\u00bb<\/strong>, se\u00f1alaba.<\/p>\n<p>\t\t\t\t\t\t\t<script async src=\"\/\/www.instagram.com\/embed.js\"><\/script><\/p>\n","protected":false},"excerpt":{"rendered":"Si todo hubiera seguido seg\u00fan lo planeado, Makoke ya ser\u00eda la esposa de Gonzalo Fern\u00e1ndez. Sin embargo, finalmente&hellip;\n","protected":false},"author":2,"featured_media":112856,"comment_status":"","ping_status":"","sticky":false,"template":"","format":"standard","meta":{"footnotes":""},"categories":[174],"tags":[255,146,147,25,24,256,15187,23],"class_list":{"0":"post-112855","1":"post","2":"type-post","3":"status-publish","4":"format-standard","5":"has-post-thumbnail","7":"category-famosos","8":"tag-celebrities","9":"tag-entertainment","10":"tag-entretenimiento","11":"tag-es","12":"tag-espana","13":"tag-famosos","14":"tag-makoke","15":"tag-spain"},"share_on_mastodon":{"url":"","error":""},"_links":{"self":[{"href":"https:\/\/www.europesays.com\/es\/wp-json\/wp\/v2\/posts\/112855","targetHints":{"allow":["GET"]}}],"collection":[{"href":"https:\/\/www.europesays.com\/es\/wp-json\/wp\/v2\/posts"}],"about":[{"href":"https:\/\/www.europesays.com\/es\/wp-json\/wp\/v2\/types\/post"}],"author":[{"embeddable":true,"href":"https:\/\/www.europesays.com\/es\/wp-json\/wp\/v2\/users\/2"}],"replies":[{"embeddable":true,"href":"https:\/\/www.europesays.com\/es\/wp-json\/wp\/v2\/comments?post=112855"}],"version-history":[{"count":0,"href":"https:\/\/www.europesays.com\/es\/wp-json\/wp\/v2\/posts\/112855\/revisions"}],"wp:featuredmedia":[{"embeddable":true,"href":"https:\/\/www.europesays.com\/es\/wp-json\/wp\/v2\/media\/112856"}],"wp:attachment":[{"href":"https:\/\/www.europesays.com\/es\/wp-json\/wp\/v2\/media?parent=112855"}],"wp:term":[{"taxonomy":"category","embeddable":true,"href":"https:\/\/www.europesays.com\/es\/wp-json\/wp\/v2\/categories?post=112855"},{"taxonomy":"post_tag","embeddable":true,"href":"https:\/\/www.europesays.com\/es\/wp-json\/wp\/v2\/tags?post=112855"}],"curies":[{"name":"wp","href":"https:\/\/api.w.org\/{rel}","templated":true}]}}