{"id":112870,"date":"2025-09-13T19:36:08","date_gmt":"2025-09-13T19:36:08","guid":{"rendered":"https:\/\/www.europesays.com\/es\/112870\/"},"modified":"2025-09-13T19:36:08","modified_gmt":"2025-09-13T19:36:08","slug":"rumania-detecta-la-presencia-de-un-dron-ruso-en-su-espacio-aereo-internacional","status":"publish","type":"post","link":"https:\/\/www.europesays.com\/es\/112870\/","title":{"rendered":"Rumania detecta la presencia de un dron ruso en su espacio a\u00e9reo | Internacional"},"content":{"rendered":"<p class=\"\">Rumania ha detectado este s\u00e1bado la presencia en su espacio a\u00e9reo de un dron durante un ataque ruso a instalaciones en suelo ucranio cerca de la frontera con Rumania, por lo que el Ministerio de Defensa ha movilizado dos cazas. <a href=\"https:\/\/x.com\/DowOperSZ\/status\/1966872407408246872\" target=\"_self\" rel=\"nofollow\" title=\"https:\/\/x.com\/DowOperSZ\/status\/1966872407408246872\">Tambi\u00e9n la Fuerza A\u00e9rea polaca ha recibido se\u00f1ales, en un primer momento, de una posible amenaza de veh\u00edculos a\u00e9reos rusos<\/a> en las regiones fronterizas con Ucrania, pero la alerta m\u00e1xima lanzada fue desactivada al cabo de dos horas, sin que finalmente se detectara ninguna invasi\u00f3n de su espacio a\u00e9reo polaco.<\/p>\n<p class=\"\">El ministro de Defensa rumano, Ionu\u021b Mosteanu, comunic\u00f3 en redes sociales que dos aviones F-16 despegaron este s\u00e1bado \u2015a las 17:05, hora espa\u00f1ola\u2015 desde la Base 86 Fete\u0219ti, al suroeste de Rumania, despu\u00e9s de que un dron violara el espacio a\u00e9reo de este pa\u00eds. El ministro precis\u00f3 que se trataba de un aparato ruso. \u201cLas Fuerzas A\u00e9reas Rumanas detectaron hoy, 13 de septiembre, un dron ruso que ingres\u00f3 en el espacio a\u00e9reo nacional\u201d, se\u00f1al\u00f3 el responsable de la cartera de Defensa, d\u00edas despu\u00e9s de que una veintena de drones entraran en Polonia y generara alerta entre los aliados de la OTAN.<\/p>\n<p class=\"\">Los cazas rumanos siguieron al objeto durante unos 20 kil\u00f3metros, hasta que desapareci\u00f3 del radar en la zona de Chilia Veche, una comuna rumana ubicada en la desembocadura del Danubio y lim\u00edtrofe con Ucrania. En ese lugar se encuentran <a href=\"https:\/\/elpais.com\/internacional\/2025-04-20\/el-mar-negro-se-rebela-pese-al-miedo-a-rusia.html\" target=\"_self\" rel=\"nofollow noopener\" title=\"https:\/\/elpais.com\/internacional\/2025-04-20\/el-mar-negro-se-rebela-pese-al-miedo-a-rusia.html\">los puertos ucranios desde donde se exportan los cereales a trav\u00e9s del mar Negro<\/a>.<\/p>\n<p class=\"\">\u201cLa situaci\u00f3n fue monitoreada constantemente y la poblaci\u00f3n no estuvo en peligro. La misi\u00f3n est\u00e1 en curso y proporcionaremos m\u00e1s detalles\u201d, prosigui\u00f3 Mosteanu, quien recalc\u00f3 que Bucarest defender\u00e1 su espacio a\u00e9reo y se mantendr\u00e1 vigilante ante la agresi\u00f3n rusa. <\/p>\n<p class=\"\">Las autoridades rumanas aseguraron tambi\u00e9n que el dron no sobrevol\u00f3 zonas habitadas y no supuso ning\u00fan peligro sobre la seguridad de los ciudadanos.<\/p>\n<p class=\"\">Pocos minutos despu\u00e9s de que Rumania hiciera despegar a dos aviones para surcar el cielo, el Departamento General para Situaciones de Emergencia envi\u00f3 un mensaje de alerta a los habitantes del condado de Tulcea en el que se informaba a los ciudadanos sobre la posible ca\u00edda de objetos desde el cielo y se les aconsejaba adoptar medidas de protecci\u00f3n. Al mismo tiempo, se recordaba que Rumania no es blanco de los ataques de la Federaci\u00f3n Rusa y se ped\u00eda no entrar en p\u00e1nico.<\/p>\n<p class=\"\">Tras conocerse el incidente, el presidente ucranio, Volod\u00edmir Zelenski, <a href=\"https:\/\/x.com\/ZelenskyyUa\/status\/1966913269261619296\" target=\"_self\" rel=\"nofollow\" title=\"https:\/\/x.com\/ZelenskyyUa\/status\/1966913269261619296\">afirm\u00f3 en un mensaje en la red social X<\/a> que el dron detectado por los aviones enviados por Rumania penetr\u00f3 10 kil\u00f3metros en territorio rumano y que sobrevol\u00f3 durante 50 minutos en el espacio a\u00e9reo de la OTAN. El mandatario ucranio se\u00f1al\u00f3 que el incidente no se debe a ning\u00fan error, sino que se trata de una acci\u00f3n intencionada de Mosc\u00fa que busca \u201cuna expansi\u00f3n evidente\u201d de la guerra.<\/p>\n<p class=\"\">El pasado mes de febrero, Rumania adopt\u00f3 una nueva ley que permite al ej\u00e9rcito derribar a los drones que se adentren en el territorio rumano. La norma se adopt\u00f3 despu\u00e9s de que hayan ca\u00eddo en varias ocasiones fragmentos de los aparatos a\u00e9reos no tripulados, desde que Rusia invadi\u00f3 Ucrania en febrero de 2022. Hasta el momento, solo se han producido algunos desperfectos en viviendas en poblaciones casi deshabitadas, sin ninguna consecuencia m\u00e1s grave.<\/p>\n<p class=\"\">En Polonia se vivi\u00f3 una situaci\u00f3n similar. Tres d\u00edas despu\u00e9s de que <a href=\"https:\/\/elpais.com\/internacional\/2025-09-10\/polonia-y-varios-aliados-activan-sus-aviones-caza-ante-una-ofensiva-rusa-con-drones-en-ucrania.html\" target=\"_self\" rel=\"nofollow noopener\" title=\"https:\/\/elpais.com\/internacional\/2025-09-10\/polonia-y-varios-aliados-activan-sus-aviones-caza-ante-una-ofensiva-rusa-con-drones-en-ucrania.html\">drones rusos violaran su espacio a\u00e9reo hasta en 19 ocasiones, en el marco de una ofensiva contra Ucrania<\/a>, el Mando Operacional de las Fuerzas Armadas del pa\u00eds comunitario activ\u00f3 \u201ctodos los procedimientos necesarios\u201d ante una nueva amenaza por posibles ataques de veh\u00edculos a\u00e9reos no tripulados. Unos minutos despu\u00e9s de las cuatro de la tarde de este s\u00e1bado, el \u00f3rgano de direcci\u00f3n militar inform\u00f3 en un mensaje de que la aviaci\u00f3n militar polaca y de pa\u00edses aliados de la OTAN emprend\u00edan el vuelo con \u201ccar\u00e1cter preventivo\u201d. <\/p>\n<p class=\"\">A los aviones de combate se unieron los sistemas terrestres de defensa a\u00e9rea y reconocimiento radar para localizar posibles objetos hostiles en el cielo polaco. Esta fase es la misma que se sigui\u00f3 en la noche del pasado mi\u00e9rcoles antes de que cerca de una veintena de drones de ataque rusos atravesaran la frontera que separa Ucrania y Polonia. <\/p>\n<p class=\"\">Tras el mensaje del mando militar polaco, el Consejo de Seguridad Gubernamental, encargado de avisar a la poblaci\u00f3n ante una posible amenaza, generalmente vinculadas a fen\u00f3menos meteorol\u00f3gicos, <a href=\"https:\/\/www.gov.pl\/web\/rcb\/alert-rcb---zagrozenie-atakiem-z-powietrza-1309\" target=\"_self\" rel=\"nofollow noopener\" title=\"https:\/\/www.gov.pl\/web\/rcb\/alert-rcb---zagrozenie-atakiem-z-powietrza-1309\">lanz\u00f3 una alerta por \u201camenaza de ataque a\u00e9reo\u201d<\/a>. Las sirenas sonaron en los condados de Che\u0142m, Krasnystaw, \u0141\u0119czna, \u015awidnica y W\u0142odawa, en la provincia oriental de Lublin, cerca de la linde con Ucrania. <\/p>\n<p class=\"\">Precisamente, el aeropuerto de esta regi\u00f3n suspendi\u00f3 temporalmente las operaciones. A diferencia de la madrugada del pasado mi\u00e9rcoles, durante la que las webs de monitoreo ucranias informaron de la llegada de drones rusos a Polonia, en esta ocasi\u00f3n, los canales de rastreo no han localizado aeronaves de ataque en direcci\u00f3n a la frontera.<\/p>\n<p class=\"\">Dos horas despu\u00e9s de hacer despegar los cazas, el mando militar polaco dio por finalizadas las operaciones. \u201cLos sistemas de defensa a\u00e9rea terrestre y de reconocimiento por radar activados han regresado a sus actividades operativas est\u00e1ndar\u201d, ha dicho la direcci\u00f3n castrense en un comunicado. El aer\u00f3dromo de Lublin ha reanudado igualmente sus actividades.<\/p>\n","protected":false},"excerpt":{"rendered":"Rumania ha detectado este s\u00e1bado la presencia en su espacio a\u00e9reo de un dron durante un ataque ruso&hellip;\n","protected":false},"author":2,"featured_media":112871,"comment_status":"","ping_status":"","sticky":false,"template":"","format":"standard","meta":{"footnotes":""},"categories":[42],"tags":[17,18,70,72,21514,700,13,14,2069,69,7082,11,61,62,63,64,19,20,9,10,15,16,1613,7027,15394,1614,12,7081,21,22,1617,65,66,67],"class_list":{"0":"post-112870","1":"post","2":"type-post","3":"status-publish","4":"format-standard","5":"has-post-thumbnail","7":"category-internacional","8":"tag-breaking-news","9":"tag-breakingnews","10":"tag-conflictos","11":"tag-conflictos-internacionales","12":"tag-espacio-aereo","13":"tag-europa","14":"tag-featured-news","15":"tag-featurednews","16":"tag-fronteras","17":"tag-guerra","18":"tag-guerra-de-rusia-en-ucrania","19":"tag-headlines","20":"tag-internacional","21":"tag-international","22":"tag-international-news","23":"tag-internationalnews","24":"tag-latest-news","25":"tag-latestnews","26":"tag-news","27":"tag-noticias","28":"tag-noticias-destacadas","29":"tag-noticiasdestacadas","30":"tag-otan","31":"tag-polonia","32":"tag-rumania","33":"tag-rusia","34":"tag-titulares","35":"tag-ucrania","36":"tag-ultimas-noticias","37":"tag-ultimasnoticias","38":"tag-union-europea","39":"tag-world","40":"tag-world-news","41":"tag-worldnews"},"share_on_mastodon":{"url":"","error":""},"_links":{"self":[{"href":"https:\/\/www.europesays.com\/es\/wp-json\/wp\/v2\/posts\/112870","targetHints":{"allow":["GET"]}}],"collection":[{"href":"https:\/\/www.europesays.com\/es\/wp-json\/wp\/v2\/posts"}],"about":[{"href":"https:\/\/www.europesays.com\/es\/wp-json\/wp\/v2\/types\/post"}],"author":[{"embeddable":true,"href":"https:\/\/www.europesays.com\/es\/wp-json\/wp\/v2\/users\/2"}],"replies":[{"embeddable":true,"href":"https:\/\/www.europesays.com\/es\/wp-json\/wp\/v2\/comments?post=112870"}],"version-history":[{"count":0,"href":"https:\/\/www.europesays.com\/es\/wp-json\/wp\/v2\/posts\/112870\/revisions"}],"wp:featuredmedia":[{"embeddable":true,"href":"https:\/\/www.europesays.com\/es\/wp-json\/wp\/v2\/media\/112871"}],"wp:attachment":[{"href":"https:\/\/www.europesays.com\/es\/wp-json\/wp\/v2\/media?parent=112870"}],"wp:term":[{"taxonomy":"category","embeddable":true,"href":"https:\/\/www.europesays.com\/es\/wp-json\/wp\/v2\/categories?post=112870"},{"taxonomy":"post_tag","embeddable":true,"href":"https:\/\/www.europesays.com\/es\/wp-json\/wp\/v2\/tags?post=112870"}],"curies":[{"name":"wp","href":"https:\/\/api.w.org\/{rel}","templated":true}]}}