{"id":112872,"date":"2025-09-13T19:37:09","date_gmt":"2025-09-13T19:37:09","guid":{"rendered":"https:\/\/www.europesays.com\/es\/112872\/"},"modified":"2025-09-13T19:37:09","modified_gmt":"2025-09-13T19:37:09","slug":"la-anunciacion-de-juan-xxiii-en-la-catedral-por-sus-50-anos","status":"publish","type":"post","link":"https:\/\/www.europesays.com\/es\/112872\/","title":{"rendered":"La Anunciaci\u00f3n de Juan XXIII, en la Catedral, por sus 50 a\u00f1os"},"content":{"rendered":"<p><img decoding=\"async\" class=\"voc-author__img\" src=\"https:\/\/www.europesays.com\/es\/wp-content\/uploads\/2025\/07\/autor-4048-foto-1.jpeg\" alt=\"M. J. R. Rechi\"\/><\/p>\n<p class=\"voc-p\" style=\"\">Dentro del intenso calendario de actos extraordinarios que las hermandades est\u00e1n celebrando en los \u00faltimos meses del a\u00f1o,<strong> la Virgen de la Anunciaci\u00f3n de Juan XXIII visita la Catedral de Sevilla con motivo del 50 aniversario fundacional<\/strong>, donde se celebra una eucarist\u00eda presidida por el arzobispo de Sevilla, Jos\u00e9 \u00c1ngel Saiz Meneses.<\/p>\n<p class=\"voc-p\" style=\"\"><strong>La Virgen de la Anunciaci\u00f3n de Juan XXIII ha vuelto a recorrer las calles del centro de Sevilla 22 a\u00f1os despu\u00e9s<\/strong>, siendo la \u00faltima ocasi\u00f3n en la que lo hizo con motivo del preg\u00f3n de las Glorias pronunciado por Carlos L\u00f3pez Bravo en 2003.<\/p>\n<p class=\"voc-p\" style=\"\">Por la ma\u00f1ana,<strong> a las 10:00 horas, la imagen sal\u00eda desde la iglesia de la Anunciaci\u00f3n,<\/strong> templo al que regresar\u00e1 en la noche del s\u00e1bado, con la Virgen del Valle presidiendo el altar, ya que la hermandad celebrar\u00e1 culto el lunes con motivo de la festividad de los Dolores de la Virgen.<\/p>\n<p class=\"voc-p\" style=\"\"><strong>El traslado se realiz\u00f3 con una coral infantil situada delante del paso,<\/strong> interpretando cantos lit\u00fargicos. Todos quer\u00edan captar la imagen de la Virgen saliendo desde la iglesia de la Anunciaci\u00f3n, una estampa in\u00e9dita, ya que en el preg\u00f3n de las Glorias la hermandad parti\u00f3 desde la iglesia de los Terceros. El sol, pese a ser temprano, ya apretaba, mientras la Anunciaci\u00f3n de Juan XXIII avanzaba envuelta en el humo del incienso y el contraluz realzaba su silueta.<\/p>\n<p class=\"voc-p\" style=\"\">La Virgen <strong>se adentraba en la calle Cuna mientras los comercios comenzaban a abrir sus puertas.<\/strong> Los fieles la acompa\u00f1aban en todo momento, <strong>siguiendo el paso que manten\u00eda un ritmo continuo, andando largo y sin detenerse.<\/strong> Tal fue as\u00ed que la Virgen de la Anunciaci\u00f3n lleg\u00f3 con antelaci\u00f3n a la Catedral.<\/p>\n<p class=\"voc-p\" style=\"\">En el Salvador, <strong>los primeros turistas comenzaban a captar la procesi\u00f3n con sus c\u00e1maras<\/strong>, al igual que en la plaza de San Francisco, en su llegada a la calle Alemanes o en la propia avenida de la Constituci\u00f3n.<\/p>\n<p class=\"voc-p\" style=\"\"><strong>La emoci\u00f3n creci\u00f3 al alcanzar la imagen el trascoro de la Catedral, donde la esperaba la Virgen de los Reyes.<\/strong> Ante la Patrona, la hermandad vivir\u00e1 uno de los momentos m\u00e1s importantes de su historia reciente, porque medio siglo solo se cumple una vez.<\/p>\n<p class=\"voc-p\" style=\"\">Esta tarde, de manera triunfal, <strong>la Virgen de la Anunciaci\u00f3n de Juan XXIII regresar\u00e1 en procesi\u00f3n a la sede del Valle,<\/strong> recorriendo las calles del casco antiguo, antes de volver a su barrio, culminando as\u00ed una jornada \u00fanica para ellos.<\/p>\n<p>Reportar un error<\/p>\n","protected":false},"excerpt":{"rendered":"Dentro del intenso calendario de actos extraordinarios que las hermandades est\u00e1n celebrando en los \u00faltimos meses del a\u00f1o,&hellip;\n","protected":false},"author":2,"featured_media":112873,"comment_status":"","ping_status":"","sticky":false,"template":"","format":"standard","meta":{"footnotes":""},"categories":[8],"tags":[988,38265,17,18,21863,25,24,13,14,11,409,19,20,9,10,15,16,23,12,21,22,38266],"class_list":{"0":"post-112872","1":"post","2":"type-post","3":"status-publish","4":"format-standard","5":"has-post-thumbnail","7":"category-espana","8":"tag-anos","9":"tag-anunciacion","10":"tag-breaking-news","11":"tag-breakingnews","12":"tag-catedral","13":"tag-es","14":"tag-espana","15":"tag-featured-news","16":"tag-featurednews","17":"tag-headlines","18":"tag-juan","19":"tag-latest-news","20":"tag-latestnews","21":"tag-news","22":"tag-noticias","23":"tag-noticias-destacadas","24":"tag-noticiasdestacadas","25":"tag-spain","26":"tag-titulares","27":"tag-ultimas-noticias","28":"tag-ultimasnoticias","29":"tag-xxiii"},"share_on_mastodon":{"url":"","error":""},"_links":{"self":[{"href":"https:\/\/www.europesays.com\/es\/wp-json\/wp\/v2\/posts\/112872","targetHints":{"allow":["GET"]}}],"collection":[{"href":"https:\/\/www.europesays.com\/es\/wp-json\/wp\/v2\/posts"}],"about":[{"href":"https:\/\/www.europesays.com\/es\/wp-json\/wp\/v2\/types\/post"}],"author":[{"embeddable":true,"href":"https:\/\/www.europesays.com\/es\/wp-json\/wp\/v2\/users\/2"}],"replies":[{"embeddable":true,"href":"https:\/\/www.europesays.com\/es\/wp-json\/wp\/v2\/comments?post=112872"}],"version-history":[{"count":0,"href":"https:\/\/www.europesays.com\/es\/wp-json\/wp\/v2\/posts\/112872\/revisions"}],"wp:featuredmedia":[{"embeddable":true,"href":"https:\/\/www.europesays.com\/es\/wp-json\/wp\/v2\/media\/112873"}],"wp:attachment":[{"href":"https:\/\/www.europesays.com\/es\/wp-json\/wp\/v2\/media?parent=112872"}],"wp:term":[{"taxonomy":"category","embeddable":true,"href":"https:\/\/www.europesays.com\/es\/wp-json\/wp\/v2\/categories?post=112872"},{"taxonomy":"post_tag","embeddable":true,"href":"https:\/\/www.europesays.com\/es\/wp-json\/wp\/v2\/tags?post=112872"}],"curies":[{"name":"wp","href":"https:\/\/api.w.org\/{rel}","templated":true}]}}