{"id":112878,"date":"2025-09-13T19:41:09","date_gmt":"2025-09-13T19:41:09","guid":{"rendered":"https:\/\/www.europesays.com\/es\/112878\/"},"modified":"2025-09-13T19:41:09","modified_gmt":"2025-09-13T19:41:09","slug":"a-que-hora-pelea-jesus-aguilar-vs-luis-gurule-horario-y-canal-ufc-25","status":"publish","type":"post","link":"https:\/\/www.europesays.com\/es\/112878\/","title":{"rendered":"\u00bfA qu\u00e9 hora pelea Jes\u00fas Aguilar vs Luis Gurule? Horario y canal UFC 25"},"content":{"rendered":"\n<p>La <b><a href=\"https:\/\/www.mediotiempo.com\/mas-deportes\/ufc\/cartelera-completa-ufc-hoy-sabado-13-de-septiembre-horarios-y-donde-ver-peleas\" title=\"Cartelera completa UFC HOY s\u00e1bado 13 de septiembre: horarios y d\u00f3nde VER las peleas\" target=\"_blank\" rel=\"nofollow noopener\">Noche UFC<\/a><\/b> de este s\u00e1bado por la noche en el\u00a0Frost Bank Center de\u00a0San Antonio, Texas ha levantado gran expectaci\u00f3n entre los aficionados y una de las <b>peleas<\/b> ver\u00e1 en el oct\u00e1gono al mexicano <b>Jes\u00fas Aguilar<\/b> frente al estadounidense oriundo de esta ciudad,\u00a0<b>Luis Gurule.<\/b><\/p>\n<p>Este enfrentamiento en <b>peso mosca<\/b> formar\u00e1 parte de las peleas preliminares de la cartelera, por lo que si eres fan\u00e1tico de las <b><a href=\"https:\/\/www.mediotiempo.com\/mas-deportes\/ufc\/diego-lopes-por-su-revancha-en-ufc-no-tengo-tiempo-para-deprimirme\" title=\"Diego Lopes, por su revancha en UFC: &#039;No tengo tiempo para deprimirme&#039;\" target=\"_blank\" rel=\"nofollow noopener\">artes marciales mixtas<\/a><\/b> y no quieres perder detalle del combate te presentamos la previa, <b>fecha<\/b>, horario,<b> canales de transmisi\u00f3n<\/b> y pron\u00f3sticos de #Rushbet.<\/p>\n<p>\u00bfC\u00f3mo llegan Jes\u00fas Aguilar y Luis Gurule?<\/p>\n<p>El mexicano busca esta <b>pelea<\/b> como una de reivindicaci\u00f3n, ya que su \u00faltima aparici\u00f3n en febrero de este a\u00f1o fue un doloroso descalabro por decisi\u00f3n un\u00e1nime ante el brasile\u00f1o<b> Rafael Estevam<\/b> en <b>UFC Fight Night<\/b> de Las Vegas. Antes de este duelo, el oriundo de Ensenada de 29 a\u00f1os de edad llegaba con 3 victorias al hilo y ahora su r\u00e9cord profesional es de 11-3 (3-2 en UFC).<\/p>\n<p>Por su parte, el de la Uni\u00f3n Americana de 31 a\u00f1os de edad presume 10 victorias y una sola derrota en su carrera, la cual fue justamente en su estreno como integrante de <b style=\"letter-spacing: -0.22px;\"><a href=\"https:\/\/www.mediotiempo.com\/mas-deportes\/ufc\/resultados-ufc-mexico-2025-brandon-moreno-cumplio-y-lazy-boy-un-desastre\" title=\"UFC M\u00e9xico 2025: Todos los resultados de la cartelera en la Arena Ciudad de M\u00e9xico\" target=\"_blank\" rel=\"nofollow noopener\">UFC<\/a><\/b> ante el jamaicano<b style=\"letter-spacing: -0.22px;\"> <a href=\"https:\/\/www.mediotiempo.com\/mas-deportes\/ufc\/resultado-ronaldo-rodriguez-vs-ode-osbourne-quien-gano-pelea-ufc-hoy-14-septiembre-2024\" title=\"Ronaldo Rodr\u00edguez venci\u00f3 por decisi\u00f3n un\u00e1nime a Ode Osbourne en la noche de mexicanos\" target=\"_blank\" rel=\"nofollow noopener\">Ode&#8217; Osbourne<\/a> <\/b>en abril, por lo que su necesidad de ganar es muy grande.<\/p>\n<p>  <img decoding=\"async\" src=\"https:\/\/www.europesays.com\/es\/wp-content\/uploads\/2025\/09\/guadalajara-sera-sede-de-la_thumb_613_345.jpg\" alt=\"Guadalajara ser\u00e1 sede de la Noche UFC 2025 (X @UFC)\" class=\"thumbnail-image h-auto w-full\" loading=\"lazy\" width=\"613\" height=\"345\" data-astro-cid-76gfcyhr=\"\"\/>  Originalmente Guadalajara iba a ser sede de la Noche UFC 2025 (X @UFC)          <\/p>\n<p>\u00bfA qu\u00e9 hora es la pelea Jes\u00fas Aguilar vs. Luis Gurule?<\/p>\n<ul>\n<li>D\u00eda: S\u00e1bado 13 de septiembre de 2025.<\/li>\n<li>Horario: La <b>pelea <\/b>entre Aguilar y Gurule forma parte de las peleas preliminares de la funci\u00f3n, las cuales iniciar\u00e1n a las 13:00 horas (tiempo del centro de M\u00e9xico), por lo que se calcula que ambos suban al ring alrededor de las 14:30 horas.<\/li>\n<li>Sede:\u00a0Frost Bank Center (San Antonio, Texas)<\/li>\n<li><\/li>\n<\/ul>\n<p>  <img decoding=\"async\" src=\"https:\/\/www.europesays.com\/es\/wp-content\/uploads\/2025\/09\/noche-ufc-dedicada-publico-mexicano_thumb_613_917.jpg\" alt=\"Esta noche de UFC ser\u00e1 dedicada al p\u00fablico mexicano, en honor a las fechas patrias. Foto:@UFC\" class=\"thumbnail-image h-auto w-full\" loading=\"lazy\" width=\"613\" height=\"917\" data-astro-cid-76gfcyhr=\"\"\/>  Aficionados mexicanos de UFC Foto:@UFC          <\/p>\n<ul>\n<li>\n<p>\u00bfD\u00f3nde ver EN VIVO la pelea de Jes\u00fas Aguilar y Luis Gurule?<\/p>\n<\/li>\n<\/ul>\n<ul>\n<li>Transmisi\u00f3n TV abierta: No hay.<\/li>\n<li>Transmisi\u00f3n TV de paga: Fox Sports.<\/li>\n<li>Streaming: UFC Fight Pass.<\/li>\n<li\/><\/ul>\n<p><b>#RushBet<\/b> te presenta los mejores n\u00fameros de apuestas deportivas, como es el caso de los <b>momios <\/b>para el combate entre Jes\u00fas Aguilar y Luis Gurule, los cuales van as\u00ed hasta el momento.<\/p>\n<ul>\n<li>Jes\u00fas Aguilar: +163<\/li>\n<li>Luis Gurule: -225<\/li>\n<\/ul>\n<p>Recuerda que los momios van cambiando constantemente, antes y durante el partido.<\/p>\n<p>\u200b<\/p>\n<p>\u200b<\/p>\n<p>\u200b<\/p>\n","protected":false},"excerpt":{"rendered":"La Noche UFC de este s\u00e1bado por la noche en el\u00a0Frost Bank Center de\u00a0San Antonio, Texas ha levantado&hellip;\n","protected":false},"author":2,"featured_media":112879,"comment_status":"","ping_status":"","sticky":false,"template":"","format":"standard","meta":{"footnotes":""},"categories":[276],"tags":[38269,168,25,24,38268,38270,38271,23,167,343,38236],"class_list":{"0":"post-112878","1":"post","2":"type-post","3":"status-publish","4":"format-standard","5":"has-post-thumbnail","7":"category-ufc","8":"tag-a-que-hora-pelea-jesus-aguilar","9":"tag-deportes","10":"tag-es","11":"tag-espana","12":"tag-jesus-aguilar-vs-luis-gurule","13":"tag-pelea-ufc","14":"tag-peleas-mexicanos-ufc","15":"tag-spain","16":"tag-sports","17":"tag-ufc","18":"tag-ufc-2025"},"share_on_mastodon":{"url":"","error":""},"_links":{"self":[{"href":"https:\/\/www.europesays.com\/es\/wp-json\/wp\/v2\/posts\/112878","targetHints":{"allow":["GET"]}}],"collection":[{"href":"https:\/\/www.europesays.com\/es\/wp-json\/wp\/v2\/posts"}],"about":[{"href":"https:\/\/www.europesays.com\/es\/wp-json\/wp\/v2\/types\/post"}],"author":[{"embeddable":true,"href":"https:\/\/www.europesays.com\/es\/wp-json\/wp\/v2\/users\/2"}],"replies":[{"embeddable":true,"href":"https:\/\/www.europesays.com\/es\/wp-json\/wp\/v2\/comments?post=112878"}],"version-history":[{"count":0,"href":"https:\/\/www.europesays.com\/es\/wp-json\/wp\/v2\/posts\/112878\/revisions"}],"wp:featuredmedia":[{"embeddable":true,"href":"https:\/\/www.europesays.com\/es\/wp-json\/wp\/v2\/media\/112879"}],"wp:attachment":[{"href":"https:\/\/www.europesays.com\/es\/wp-json\/wp\/v2\/media?parent=112878"}],"wp:term":[{"taxonomy":"category","embeddable":true,"href":"https:\/\/www.europesays.com\/es\/wp-json\/wp\/v2\/categories?post=112878"},{"taxonomy":"post_tag","embeddable":true,"href":"https:\/\/www.europesays.com\/es\/wp-json\/wp\/v2\/tags?post=112878"}],"curies":[{"name":"wp","href":"https:\/\/api.w.org\/{rel}","templated":true}]}}