{"id":112880,"date":"2025-09-13T19:43:05","date_gmt":"2025-09-13T19:43:05","guid":{"rendered":"https:\/\/www.europesays.com\/es\/112880\/"},"modified":"2025-09-13T19:43:05","modified_gmt":"2025-09-13T19:43:05","slug":"hazana-en-roland-garros-marta-ortega-y-tamara-icardo-derriban-a-las-vigentes-campeonas-y-suenan-con-el-titulo-mundo-deportivo","status":"publish","type":"post","link":"https:\/\/www.europesays.com\/es\/112880\/","title":{"rendered":"Haza\u00f1a en Roland Garros: Marta Ortega y Tamara Icardo derriban a las vigentes campeonas y sue\u00f1an con el t\u00edtulo &#8211; Mundo Deportivo"},"content":{"rendered":"<ol>\n<li><a href=\"https:\/\/news.google.com\/rss\/articles\/CBMi-AFBVV95cUxOWGZDR2ZYZE1mYXhXY2ZPN3dpQmE5b1B6WVdGSGxxLUZySGdHZnZfMzlOSmhBSXZLeVV4Y2QzUmtVZ2xsUGJxUVBkcHR4ZE96YnVRTDdTQXJPN1N1MHNIeXFUWXlvLVBMQnluZTFHSHlMdUNXVkxXR0dNS1liNi1XT2Vka1Z6ZnpEWGkyRXRLVWtWTkVCeV9RRkhZQWhQcW5SejlpU0FISEZQZnZUd0JUclFOcmxTMHhwQ2tvVkxMbWl5VTdwWVdKMW5sSTBucndzUjg3LUJnQzUxb1hrNE9rTzZIcTVHLVA2Z2ZzVFU0TzZ4Y2JsdVFyTdIBhgJBVV95cUxQQ3dBYURBT1RZdGtPSVF3Z2R4NWR5ZXl3ak1jSHpLTWszdWhZdFdUSFRFNWpuaFJtWDhCYXpPZkNhYmIxdWxYQ0NRZEltd2lPR2NBMW5Gdk9oZHUxRkVGZXY2YXZwTC0xamc0emRLRnVhZnNEMU52RWtmVzA5NUFTT0FmR2pWcHRkN3I1Y3hEcEhyd0VDa0JwWDk0dVMtalUtVTlicE1pNVF6UmdweTJnd0ZRclJtemRyR2lVQUd6M2NmcHJNcnlDaEt3OExTSWlIZGpkT3A3elp0QkpJbTVUZ0cwTjFZeEoxOWEwczE1QUxJbFdJMGRUR1k1eUVEWkVQandWRWlB?oc=5\" target=\"_blank\" rel=\"nofollow noopener\">Haza\u00f1a en Roland Garros: Marta Ortega y Tamara Icardo derriban a las vigentes campeonas y sue\u00f1an con el t\u00edtulo<\/a>&nbsp;&nbsp;Mundo Deportivo<\/li>\n<li><a href=\"https:\/\/news.google.com\/rss\/articles\/CBMi3gFBVV95cUxQNkZ3OHNuQ0JpNnpxOVgxeGlFclNIZFNHMlBzQ3o1MmQzTUJoV21xcVROSXQzaVpTLWZHbGZFZ3A3NlQ3WUx1X19qMU01QmRKbjNvRFhKWUJVUzhNNHgyRFZ1NlFYM3dScVRzYUc2bHJXM181QzdVQWg3aElfb1NSbXdPdGFzTHZKbWFyMjJKZWJLZVdDYWdMQi13NXphaVJJN2VwbG5RRFJiQ21LSUJEM0hhczJhRmxfbnY4cFNrMURobHQ4Vi1EUEtIcHROa1pjcnRXdm1uSE4xSGVET2c?oc=5\" target=\"_blank\" rel=\"nofollow noopener\">D\u00eda4. El Roland Garros trae suerte a Icardo: Tamara, en semifinales con Ortega. Y Delfi se convierte en n\u00famero 2<\/a>&nbsp;&nbsp;International Padel Federation<\/li>\n<li><a href=\"https:\/\/news.google.com\/rss\/articles\/CBMilgFBVV95cUxObi1fNWNzb0RBS1hZWHIyU0NpZ1pUeGJLSkE1TWZ2MU9NbElRN1ZwR1lFdjNYVU1ZUkcxa2E1bWlTaFFwUXZBaERhU0JRclNUckV5TmFfWklsR2NWM1I0ZXRUVUJkMGRHbDhlNWFnWFhRTHFlYzBEU3FVUmU1N3cyU3FIRGJKdE52c01rWVpzWk5qM19MOEHSAaoBQVVfeXFMTWVGd3FjYjZQbjhnN3RxeHRwM0JNdDlJd3ZuZDdjVm1uWDlTVVJhZWhpNmxiMW1aSnBuRzNBdVNtYVF0bURWNWlGdlFsa0tQMWNndFdiN0RzUFNEMDlIaDBHTWM0dW5vQ1BDU3JUc2R6TThmb2QwVU0yOXVrbXpwUnpMMmRRb1NXM0JOcFgyUVJJSXoydzJkWnlVY0ZiLWZ1SzVaaWlMRXQ5UXc?oc=5\" target=\"_blank\" rel=\"nofollow noopener\">Marta Ortega y Tamara Icardo se hacen hueco en las semifinales<\/a>&nbsp;&nbsp;Diario AS<\/li>\n<li><a href=\"https:\/\/news.google.com\/rss\/articles\/CBMiswFBVV95cUxNNEkyR0s2OWdBSFQtLV9pWlB6SUZkRVhLckFhZXllRTcxS1laektpY1hfQjFXa0xfcWVscWpzVGtDM3I5LUttTFpHQUhvbmJ0NUJoeHRaV0diNGNlV01ybHlSdlJjcWtWbWtFdE1yTmJ3SzBGTmxXclZWTmlmdmtaMWlEaGYzRnlmQVpDRU5pZVM1Q2FQMU1PR3l4SlpMR3owREZqdUptZkREMndPUVdFbGtyMNIBswFBVV95cUxPQnAyaldNOFFUQnlyMjBlOUFTRkI3T29iRjFFLUUwV1VPNnFaR0ttNjI0a0ZxWHFOc204RUp6RklfOFFzYUZ3NTQxN0ExdlZDcDRteXBYOHh2ZUZYS2RKLXBBQmFoQk83RDlsX1ZCRDFlcFFyRTVTVkpDNjYzQk5mRE82clkydVJhcWhhcXNfVXI5ZHhwaHppckZyUkFxcTVLY1BvRVRFNGJOTW1ud1Vta1lFaw?oc=5\" target=\"_blank\" rel=\"nofollow noopener\">Otro tropiezo en Roland Garros: Claudia Fern\u00e1ndez y Bea Gonz\u00e1lez pierden en cuartos<\/a>&nbsp;&nbsp;Marca<\/li>\n<li><a href=\"https:\/\/news.google.com\/rss\/articles\/CBMixwFBVV95cUxOMWo4bGRGeUM3VDJlM1BMSVA5OVlKdUNJdm1ybldRSmNJNG9iZEFvTGFaUHl6Q1o5ekR5RThuNFRUaTE1T3dDWDdRZk5oQ0NtWFlpdEdEanRsSjU3eHBqbHpnTjRyaXpVend4N2FwSlNWaUhza2dTeGk0MjRzSDJtQmxvY3dybjJOV1diSHdZYVJ0MnZqY2wtdklHQ1E3LVRCVjVMS0dnajlnWFlMSHZlUFNiVE9mUE1OSmJXRWFpaVlVVUNhWUM00gHUAUFVX3lxTE1YX0psUGFZVjJrQk5HMHBSbERBR1k2elNKTzBTSzQ3Vm5FeEUzNnRPNWtpcTlNd3FYYVpWU2ttQVVRWjZpeS1xZUw1cU1hWEJtRlFfRU94eFE4akVhLTR5bmsyNU91dm51SC0zYWxONzMyX2NMXzU0dGcza0dvS2t4Tk9KWk1TOGRpNUFpRktSeW5TM2diMm52SVJBeUlsN0oyUXk0VktPU0lUOXdENFI1TUsyZTk3ZTRuMEQ0OWRDYktPNGExWlN0bE5yVExIZEJxUUp5?oc=5\" target=\"_blank\" rel=\"nofollow noopener\">\u00a1Tamara Icardo y Marta Ortega eliminan a las campeonas de Madrid!<\/a>&nbsp;&nbsp;Mundo Deportivo<\/li>\n<\/ol>\n","protected":false},"excerpt":{"rendered":"Haza\u00f1a en Roland Garros: Marta Ortega y Tamara Icardo derriban a las vigentes campeonas y sue\u00f1an con el&hellip;\n","protected":false},"author":2,"featured_media":112038,"comment_status":"","ping_status":"","sticky":false,"template":"","format":"standard","meta":{"footnotes":""},"categories":[274],"tags":[168,25,24,23,167,327,326],"class_list":{"0":"post-112880","1":"post","2":"type-post","3":"status-publish","4":"format-standard","5":"has-post-thumbnail","7":"category-tenis","8":"tag-deportes","9":"tag-es","10":"tag-espana","11":"tag-spain","12":"tag-sports","13":"tag-tenis","14":"tag-tennis"},"share_on_mastodon":{"url":"","error":""},"_links":{"self":[{"href":"https:\/\/www.europesays.com\/es\/wp-json\/wp\/v2\/posts\/112880","targetHints":{"allow":["GET"]}}],"collection":[{"href":"https:\/\/www.europesays.com\/es\/wp-json\/wp\/v2\/posts"}],"about":[{"href":"https:\/\/www.europesays.com\/es\/wp-json\/wp\/v2\/types\/post"}],"author":[{"embeddable":true,"href":"https:\/\/www.europesays.com\/es\/wp-json\/wp\/v2\/users\/2"}],"replies":[{"embeddable":true,"href":"https:\/\/www.europesays.com\/es\/wp-json\/wp\/v2\/comments?post=112880"}],"version-history":[{"count":0,"href":"https:\/\/www.europesays.com\/es\/wp-json\/wp\/v2\/posts\/112880\/revisions"}],"wp:featuredmedia":[{"embeddable":true,"href":"https:\/\/www.europesays.com\/es\/wp-json\/wp\/v2\/media\/112038"}],"wp:attachment":[{"href":"https:\/\/www.europesays.com\/es\/wp-json\/wp\/v2\/media?parent=112880"}],"wp:term":[{"taxonomy":"category","embeddable":true,"href":"https:\/\/www.europesays.com\/es\/wp-json\/wp\/v2\/categories?post=112880"},{"taxonomy":"post_tag","embeddable":true,"href":"https:\/\/www.europesays.com\/es\/wp-json\/wp\/v2\/tags?post=112880"}],"curies":[{"name":"wp","href":"https:\/\/api.w.org\/{rel}","templated":true}]}}