{"id":112881,"date":"2025-09-13T19:44:08","date_gmt":"2025-09-13T19:44:08","guid":{"rendered":"https:\/\/www.europesays.com\/es\/112881\/"},"modified":"2025-09-13T19:44:08","modified_gmt":"2025-09-13T19:44:08","slug":"un-ciclista-del-israel-subira-al-podio-final-de-la-vuelta-en-madrid","status":"publish","type":"post","link":"https:\/\/www.europesays.com\/es\/112881\/","title":{"rendered":"Un ciclista del Israel subir\u00e1 al podio final de La Vuelta en Madrid"},"content":{"rendered":"<p>El ciclista <strong>Matthew Riccitello<\/strong>, integrante del equipo <strong>Israel Premier-Tech<\/strong>, subir\u00e1 este domingo al podio final de la Vuelta a Espa\u00f1a en Madrid. Tras la ascensi\u00f3n a la Bola del Mundo, el estadounidense se ha colocado como mejor joven de la carrera y portar\u00e1 el maillot blanco durante la \u00faltima jornada de la carrera.<\/p>\n<p>Adem\u00e1s del vencedor de la etapa, al podio final de una gran vuelta suben los tres primeros clasificados, el ganador de la monta\u00f1a, de los puntos y el mejor joven \u2014categor\u00eda reservada a corredores menores de 25 a\u00f1os\u2014.<\/p>\n<p>La organizaci\u00f3n anunci\u00f3 este domingo que recortaba en cinco kil\u00f3metros la \u00faltima etapa entre <strong>Alalpardo y Madrid<\/strong>, de 108 kil\u00f3metros, por \u00abmotivos de tr\u00e1fico\u00bb. Tambi\u00e9n evit\u00f3 el paso por <strong>Cercedilla<\/strong> durante la vig\u00e9sima etapa del s\u00e1bado.<\/p>\n<p>Pese a estos cambios, un grupo de manifestantes propalestinos <a href=\"https:\/\/www.elindependiente.com\/deportes\/2025\/09\/13\/manifestantes-propalestinos-intentar-cortar-la-etapa-de-la-vuelta\/\" rel=\"nofollow noopener\" target=\"_blank\">trat\u00f3 de cortar la carretera<\/a> en un cruce, aunque los corredores pudieron continuar por la derecha. Algunos llegaron a intentar abalanzarse sobre los ciclistas, poniendo en riesgo su integridad f\u00edsica, como ya ha ocurrido en otras etapas de esta Vuelta.<\/p>\n<p>Entre los participantes se encontraban la l\u00edder de <strong>Podemos<\/strong>, <strong>Ione Belarra<\/strong>, y la exministra y actual eurodiputada <strong>Irene Montero<\/strong>, acompa\u00f1adas de otros dirigentes y militantes. Belarra llam\u00f3 a un \u00abdesborde\u00bb de movilizaci\u00f3n para boicotear la llegada de La Vuelta a Madrid, algo que ya hab\u00eda anunciado en d\u00edas previos.<\/p>\n<p>Desde la Comunidad de Madrid, la presidenta regional, <strong>Isabel D\u00edaz Ayuso<\/strong>, ha censurado que los ciclistas tengan que llegar a la meta \u00abcon coacciones\u00bb y \u00abrodeados de violentos, de pancartas y de gente que quiere boicotearles\u00bb, al tiempo que ha advertido que se est\u00e9 \u00abdestrozando la imagen de Espa\u00f1a ante el mundo\u00bb.<\/p>\n<p>Lo cierto es que esta edici\u00f3n de la ronda espa\u00f1ola ha estado marcada por las protestas contra el equipo Israel Premier-Tech, que decidi\u00f3 eliminar el nombre del pa\u00eds de su maillot por motivos de seguridad. La asociaci\u00f3n <strong>Acci\u00f3n y Comunicaci\u00f3n sobre Oriente Medio (ACOM)<\/strong> interpuso una denuncia en la Audiencia Nacional, que el juez <strong>Santiago Pedraz<\/strong> rechaz\u00f3 por una cuesti\u00f3n de competencias.<\/p>\n<p>El dan\u00e9s <strong>Jonas Vingegaard<\/strong>, doble campe\u00f3n del <strong>Tour de Francia<\/strong>, ha sentenciado la clasificaci\u00f3n general tras imponerse en la etapa de este s\u00e1bado en la sierra madrile\u00f1a, y ma\u00f1ana conseguir\u00e1 su tercera Grande. En el podio le acompa\u00f1ar\u00e1n el portugu\u00e9s <strong>Joao Almeida<\/strong> y el brit\u00e1nico <strong>Tom Pidcock<\/strong>.<\/p>\n<p>El mencionado Riccitello, quinto en la general, finalizar\u00e1 como el mejor joven de esta <a href=\"https:\/\/www.lavuelta.es\/es\" rel=\"nofollow noopener\" target=\"_blank\">Vuelta a Espa\u00f1a<\/a> y subir\u00e1 al podio final en <strong>Cibeles<\/strong> para recoger su galard\u00f3n.<\/p>\n<p>            <a class=\"articulo-relacionado__media\" href=\"https:\/\/www.elindependiente.com\/espana\/2025\/09\/12\/el-juez-inadmite-la-denuncia-por-las-protestas-propalestinas-en-la-vuelta\/\" title=\"El juez inadmite la denuncia por el boicot al Israel Premier-Tech en La Vuelta\" rel=\"nofollow noopener\" target=\"_blank\"><\/p>\n<p>                <img decoding=\"async\" src=\"https:\/\/www.europesays.com\/es\/wp-content\/uploads\/2025\/09\/europapress-6947012-ciclista-pasa-manifestantes-18-etapa-vuelta-espana-11-septiembre-2025-390x220.jp.jpeg\" loading=\"lazy\" width=\"390\" height=\"220\" alt=\"El juez inadmite la denuncia por el boicot al Israel Premier-Tech en La Vuelta\"\/><\/p>\n<p>\t\t\t            <\/a><\/p>\n<p>PUBLICIDAD<\/p>\n","protected":false},"excerpt":{"rendered":"El ciclista Matthew Riccitello, integrante del equipo Israel Premier-Tech, subir\u00e1 este domingo al podio final de la Vuelta&hellip;\n","protected":false},"author":2,"featured_media":112882,"comment_status":"","ping_status":"","sticky":false,"template":"","format":"standard","meta":{"footnotes":""},"categories":[273],"tags":[313,312,168,25,24,74,24267,23,167],"class_list":{"0":"post-112881","1":"post","2":"type-post","3":"status-publish","4":"format-standard","5":"has-post-thumbnail","7":"category-ciclismo","8":"tag-ciclismo","9":"tag-cycling","10":"tag-deportes","11":"tag-es","12":"tag-espana","13":"tag-israel","14":"tag-la-vuelta-a-espana","15":"tag-spain","16":"tag-sports"},"share_on_mastodon":{"url":"","error":""},"_links":{"self":[{"href":"https:\/\/www.europesays.com\/es\/wp-json\/wp\/v2\/posts\/112881","targetHints":{"allow":["GET"]}}],"collection":[{"href":"https:\/\/www.europesays.com\/es\/wp-json\/wp\/v2\/posts"}],"about":[{"href":"https:\/\/www.europesays.com\/es\/wp-json\/wp\/v2\/types\/post"}],"author":[{"embeddable":true,"href":"https:\/\/www.europesays.com\/es\/wp-json\/wp\/v2\/users\/2"}],"replies":[{"embeddable":true,"href":"https:\/\/www.europesays.com\/es\/wp-json\/wp\/v2\/comments?post=112881"}],"version-history":[{"count":0,"href":"https:\/\/www.europesays.com\/es\/wp-json\/wp\/v2\/posts\/112881\/revisions"}],"wp:featuredmedia":[{"embeddable":true,"href":"https:\/\/www.europesays.com\/es\/wp-json\/wp\/v2\/media\/112882"}],"wp:attachment":[{"href":"https:\/\/www.europesays.com\/es\/wp-json\/wp\/v2\/media?parent=112881"}],"wp:term":[{"taxonomy":"category","embeddable":true,"href":"https:\/\/www.europesays.com\/es\/wp-json\/wp\/v2\/categories?post=112881"},{"taxonomy":"post_tag","embeddable":true,"href":"https:\/\/www.europesays.com\/es\/wp-json\/wp\/v2\/tags?post=112881"}],"curies":[{"name":"wp","href":"https:\/\/api.w.org\/{rel}","templated":true}]}}