{"id":112921,"date":"2025-09-13T20:09:07","date_gmt":"2025-09-13T20:09:07","guid":{"rendered":"https:\/\/www.europesays.com\/es\/112921\/"},"modified":"2025-09-13T20:09:07","modified_gmt":"2025-09-13T20:09:07","slug":"la-feb-rechaza-el-aplazamiento-del-fibwi-mallorca","status":"publish","type":"post","link":"https:\/\/www.europesays.com\/es\/112921\/","title":{"rendered":"La FEB rechaza el aplazamiento del Fibwi Mallorca"},"content":{"rendered":"<p>El <strong>Fibwi Mallorca<\/strong> deber\u00e1 buscar una <strong>alternativa para el partido de la jornada dos donde se enfrentan al <a href=\"https:\/\/www.ultimahora.es\/etiqueta\/Hestia+Menorca.html?utm_source=Inline-tag&amp;utm_medium=internal\" rel=\"nofollow noopener\" target=\"_blank\">Hestia Menorca<\/a>,<\/strong> en el que iba a ser el primer derbi balear de liga. La <strong>Federaci\u00f3n Espa\u00f1ola de <a href=\"https:\/\/www.ultimahora.es\/etiqueta\/baloncesto.html?utm_source=Inline-tag&amp;utm_medium=internal\" rel=\"nofollow noopener\" target=\"_blank\">Baloncesto<\/a> ha denegado que se aplace el encuentro<\/strong> y ahora el equipo presidido por Guillem Boscana tendr\u00e1 que encontrar un pabell\u00f3n en el que celebrar el partido.<\/p>\n<p>\u00abEl club, debido a no poder disponer de <a href=\"https:\/\/www.ultimahora.es\/etiqueta\/Son+Moix.html?utm_source=Inline-tag&amp;utm_medium=internal\" rel=\"nofollow noopener\" target=\"_blank\">Son Moix<\/a> por las obras que se van a llevar a cabo a partir de este pr\u00f3ximo lunes en el Palau d\u00b4Esports, <strong>hab\u00eda solicitado a la FEB el aplazamiento de dicho encuentro<\/strong> pero la <strong>respuesta ha sido negativa<\/strong> debido a una serie de motivos reglamentarios ya que <strong>ning\u00fan equipo puede jugar tres partidos de liga seguidos como local o como visitante<\/strong>\u00bb, expres\u00f3 el Fibwi Mallorca en un comunicado.<\/p>\n<p>En cuanto a las posibles fechas que se dieron como alternativas para celebrar el partido, la Federaci\u00f3n explica que no es posible ya que coincidir\u00edan con otras competiciones. \u00ab<strong>Adem\u00e1s, otras posibles fechas en las que se pod\u00eda disputar dicho encuentro se encontraban ya reservadas<\/strong> bien para la Copa de Espa\u00f1a o bien para los parones por las ventanas FIBA en la que no puede disputarse partido alguno\u00bb, informaba la entidad.<\/p>\n<p>Finalmente, el club busca desde ya hace tiempo una alternativa para poder jugar el encuentro y que suponga la menor de las molestias para equipos y aficionados. \u00ab<strong>El club, que ya ven\u00eda trabajando desde hace semanas en la b\u00fasqueda de un posible recinto para disputar el encuentro en la fecha fijada<\/strong> en el calendario, contin\u00faa trabajando para poder jugar en un pabell\u00f3n en el que la molestia para sus aficionados sea la m\u00ednima posible\u00bb.<\/p>\n","protected":false},"excerpt":{"rendered":"El Fibwi Mallorca deber\u00e1 buscar una alternativa para el partido de la jornada dos donde se enfrentan al&hellip;\n","protected":false},"author":2,"featured_media":112922,"comment_status":"","ping_status":"","sticky":false,"template":"","format":"standard","meta":{"footnotes":""},"categories":[269],"tags":[299,298,168,25,24,301,832,833,14379,4078,830,831,3917,23016,23,167],"class_list":{"0":"post-112921","1":"post","2":"type-post","3":"status-publish","4":"format-standard","5":"has-post-thumbnail","7":"category-baloncesto","8":"tag-baloncesto","9":"tag-basketball","10":"tag-deportes","11":"tag-es","12":"tag-espana","13":"tag-eurobasket","14":"tag-eurocup","15":"tag-euroliga","16":"tag-fibwi-palma","17":"tag-hestia-menorca","18":"tag-leb-oro","19":"tag-liga-acb","20":"tag-primera-feb","21":"tag-son-moix","22":"tag-spain","23":"tag-sports"},"share_on_mastodon":{"url":"","error":""},"_links":{"self":[{"href":"https:\/\/www.europesays.com\/es\/wp-json\/wp\/v2\/posts\/112921","targetHints":{"allow":["GET"]}}],"collection":[{"href":"https:\/\/www.europesays.com\/es\/wp-json\/wp\/v2\/posts"}],"about":[{"href":"https:\/\/www.europesays.com\/es\/wp-json\/wp\/v2\/types\/post"}],"author":[{"embeddable":true,"href":"https:\/\/www.europesays.com\/es\/wp-json\/wp\/v2\/users\/2"}],"replies":[{"embeddable":true,"href":"https:\/\/www.europesays.com\/es\/wp-json\/wp\/v2\/comments?post=112921"}],"version-history":[{"count":0,"href":"https:\/\/www.europesays.com\/es\/wp-json\/wp\/v2\/posts\/112921\/revisions"}],"wp:featuredmedia":[{"embeddable":true,"href":"https:\/\/www.europesays.com\/es\/wp-json\/wp\/v2\/media\/112922"}],"wp:attachment":[{"href":"https:\/\/www.europesays.com\/es\/wp-json\/wp\/v2\/media?parent=112921"}],"wp:term":[{"taxonomy":"category","embeddable":true,"href":"https:\/\/www.europesays.com\/es\/wp-json\/wp\/v2\/categories?post=112921"},{"taxonomy":"post_tag","embeddable":true,"href":"https:\/\/www.europesays.com\/es\/wp-json\/wp\/v2\/tags?post=112921"}],"curies":[{"name":"wp","href":"https:\/\/api.w.org\/{rel}","templated":true}]}}