{"id":113011,"date":"2025-09-13T21:09:12","date_gmt":"2025-09-13T21:09:12","guid":{"rendered":"https:\/\/www.europesays.com\/es\/113011\/"},"modified":"2025-09-13T21:09:12","modified_gmt":"2025-09-13T21:09:12","slug":"la-edil-del-enchufe-en-las-oposiciones-de-arcos-deja-el-psoe-pero-no-su-acta-de-concejal","status":"publish","type":"post","link":"https:\/\/www.europesays.com\/es\/113011\/","title":{"rendered":"La edil del enchufe en las oposiciones de Arcos deja el PSOE pero no su acta de concejal"},"content":{"rendered":"<p><img decoding=\"async\" class=\"voc-author__img\" src=\"https:\/\/www.europesays.com\/es\/wp-content\/uploads\/2025\/08\/autor-7214-foto-1.jpeg\" alt=\"Jos\u00e9 Mar\u00eda Aguilera\"\/><\/p>\n<p>13\/09\/2025<br \/>\n<br \/><strong><br \/>\nActualizado a las 17:38h.<br \/>\n<\/strong><\/p>\n<p class=\"voc-p\" style=\"\"><strong>Mar\u00eda Jos\u00e9 Gonz\u00e1lez Pe\u00f1a<\/strong>, la concejal del PSOE de Arcos que est\u00e1 implicada en el presunto ama\u00f1o de unas oposiciones a cambio de votos durante las elecciones municipales, ha presentado su baja como afiliada del Partido Socialista.<\/p>\n<p class=\"voc-p\" style=\"\">La edil reacciona de esta manera tras  &#8230; las informaciones publicadas por ABC durante esta semana, que ha sacado a la luz las conversaciones entre su exasesor en su \u00e9poca en la delegaci\u00f3n de Personal (<strong>Luciano Mu\u00f1oz<\/strong>) con la beneficiaria, <strong>Manoli<\/strong>, a la que asegura una plaza como funcionaria en el Consistorio si siguen gobernando \u00abestos\u00bb, en alusi\u00f3n a la formaci\u00f3n socialista. \u00abA ver ad\u00f3nde ech\u00e1is el votito. Habla con tu marido, tu madre, tus hermanas&#8230;\u00bb.<\/p>\n<p class=\"voc-p\" style=\"\">Gonz\u00e1lez est\u00e1 procesada junto a su antiguo asesor y jefe de la Polic\u00eda Local, Luciano Mu\u00f1oz, la funcionaria que consigui\u00f3 su plaza en 2019, Manuela F. N, y el presidente del tribunal, <strong>Ricardo F. V.<\/strong> Los cuatro se encuentran cerca de sentarse en el banquillo por supuestos delitos de prevaricaci\u00f3n y revelaci\u00f3n de secretos, sin que el juez descarte otros tipos penales.<\/p>\n<p class=\"voc-p\" style=\"\">El lunes habr\u00e1 una rueda de prensa del secretario de Organizaci\u00f3n,<strong> Juan Carlos Ruiz Boix,<\/strong> ya que Mar\u00eda Jos\u00e9 Gonz\u00e1lez adem\u00e1s formaba parte del aparato org\u00e1nico del partido a nivel provincial como responsable del \u00e1rea de Econom\u00eda.<\/p>\n<p class=\"voc-p\" style=\"\">Las informaciones que ha ido contando este medio a lo largo de la semana han provocado la <strong>indignaci\u00f3n<\/strong> entre los vecinos de Arcos de la Frontera, un tranquilo pueblo de la Sierra de C\u00e1diz que de nuevo se ve salpicado por posibles casos de enchufismo desde el ayuntamiento. ABC se ha hecho eco de este caso que se encuentra actualmente en <strong>proceso de instrucci\u00f3n<\/strong> y recabaci\u00f3n de pruebas.<\/p>\n<p class=\"voc-p\" style=\"\">El juez investiga un posible caso de ama\u00f1o de un concurso p\u00fablico de oposici\u00f3n a cambio de votos en los comicios locales en una situaci\u00f3n que se <strong>remonta al 2019,<\/strong> con los socialistas a\u00fan en el poder (ahora gobierna el PP desde 2023 bajo el mandato de Miguel Rodr\u00edguez). <strong>Luciano Mu\u00f1oz<\/strong>, jefe de la Polic\u00eda Local y asesor de la concejala de Personal, Mar\u00eda Jos\u00e9 Gonz\u00e1lez, le ofrec\u00eda a Manoli la posibilidad de conseguir una plaza de funcionaria si los socialistas ganaban las elecciones. Un concurso oposici\u00f3n \u00abteledirigido\u00bb para beneficiarla frente a otros aspirantes a un puesto de Oficial de Inspecci\u00f3n.<\/p>\n<p class=\"voc-p\" style=\"\">Manuela F. N. hab\u00eda sido<strong> despedida el 25 de abril de 2018<\/strong> por el alcalde al hacer efectiva la ley que impide sin ser funcionaria de carrera. Despu\u00e9s de m\u00e1s de dos d\u00e9cadas en el cuerpo de Polic\u00eda Local, se quedaba sin trabajo y adem\u00e1s no pod\u00eda acceder a las oposiciones de agente municipal al no disponer de carn\u00e9 de conducir. Lo m\u00e1s f\u00e1cil era ese puesto de Oficial de Inspecci\u00f3n que finalmente consigui\u00f3.<\/p>\n<p><img loading=\"lazy\" decoding=\"async\" width=\"530\" height=\"64\" class=\"logo-premium\" src=\"data:image\/gif;base64,R0lGODlhAQABAAAAACH5BAEKAAEALAAAAAABAAEAAAICTAEAOw==\" alt=\"ABC Premium\"\/><br \/>\nL\u00edmite de sesiones alcanzadas<\/p>\n<ul class=\"listado\">\n<li>El acceso al contenido Premium est\u00e1 abierto por cortes\u00eda del establecimiento donde te encuentras, pero ahora mismo hay demasiados usuarios conectados a la vez. Por favor, int\u00e9ntalo pasados unos minutos.<\/li>\n<\/ul>\n<p>Volver a intentar<\/p>\n<p><img loading=\"lazy\" decoding=\"async\" width=\"530\" height=\"64\" class=\"logo-premium\" src=\"data:image\/gif;base64,R0lGODlhAQABAAAAACH5BAEKAAEALAAAAAABAAEAAAICTAEAOw==\" alt=\"ABC Premium\"\/><br \/>\nHas superado el l\u00edmite de sesiones<\/p>\n<ul class=\"listado\">\n<li>S\u00f3lo puedes tener tres sesiones iniciadas a la vez. Hemos cerrado la sesi\u00f3n m\u00e1s antigua para que sigas navegando sin l\u00edmites en el resto.<\/li>\n<\/ul>\n<p>Sigue navegando<\/p>\n<p>\nArt\u00edculo solo para suscriptores\n<\/p>\n<p>Reportar un error<\/p>\n","protected":false},"excerpt":{"rendered":"13\/09\/2025 Actualizado a las 17:38h. Mar\u00eda Jos\u00e9 Gonz\u00e1lez Pe\u00f1a, la concejal del PSOE de Arcos que est\u00e1 implicada&hellip;\n","protected":false},"author":2,"featured_media":113012,"comment_status":"","ping_status":"","sticky":false,"template":"","format":"standard","meta":{"footnotes":""},"categories":[8],"tags":[38318,34186,6814,17,18,38317,25,24,13,14,11,10224,19,20,9,10,15,16,14714,1045,2782,9912,1699,23,12,21,22],"class_list":{"0":"post-113011","1":"post","2":"type-post","3":"status-publish","4":"format-standard","5":"has-post-thumbnail","7":"category-espana","8":"tag-amanos","9":"tag-arcos","10":"tag-baja","11":"tag-breaking-news","12":"tag-breakingnews","13":"tag-concejala","14":"tag-es","15":"tag-espana","16":"tag-featured-news","17":"tag-featurednews","18":"tag-headlines","19":"tag-implicada","20":"tag-latest-news","21":"tag-latestnews","22":"tag-news","23":"tag-noticias","24":"tag-noticias-destacadas","25":"tag-noticiasdestacadas","26":"tag-oposiciones","27":"tag-partido","28":"tag-presenta","29":"tag-presuntos","30":"tag-psoe","31":"tag-spain","32":"tag-titulares","33":"tag-ultimas-noticias","34":"tag-ultimasnoticias"},"share_on_mastodon":{"url":"","error":""},"_links":{"self":[{"href":"https:\/\/www.europesays.com\/es\/wp-json\/wp\/v2\/posts\/113011","targetHints":{"allow":["GET"]}}],"collection":[{"href":"https:\/\/www.europesays.com\/es\/wp-json\/wp\/v2\/posts"}],"about":[{"href":"https:\/\/www.europesays.com\/es\/wp-json\/wp\/v2\/types\/post"}],"author":[{"embeddable":true,"href":"https:\/\/www.europesays.com\/es\/wp-json\/wp\/v2\/users\/2"}],"replies":[{"embeddable":true,"href":"https:\/\/www.europesays.com\/es\/wp-json\/wp\/v2\/comments?post=113011"}],"version-history":[{"count":0,"href":"https:\/\/www.europesays.com\/es\/wp-json\/wp\/v2\/posts\/113011\/revisions"}],"wp:featuredmedia":[{"embeddable":true,"href":"https:\/\/www.europesays.com\/es\/wp-json\/wp\/v2\/media\/113012"}],"wp:attachment":[{"href":"https:\/\/www.europesays.com\/es\/wp-json\/wp\/v2\/media?parent=113011"}],"wp:term":[{"taxonomy":"category","embeddable":true,"href":"https:\/\/www.europesays.com\/es\/wp-json\/wp\/v2\/categories?post=113011"},{"taxonomy":"post_tag","embeddable":true,"href":"https:\/\/www.europesays.com\/es\/wp-json\/wp\/v2\/tags?post=113011"}],"curies":[{"name":"wp","href":"https:\/\/api.w.org\/{rel}","templated":true}]}}