{"id":113021,"date":"2025-09-13T21:15:12","date_gmt":"2025-09-13T21:15:12","guid":{"rendered":"https:\/\/www.europesays.com\/es\/113021\/"},"modified":"2025-09-13T21:15:12","modified_gmt":"2025-09-13T21:15:12","slug":"demasiado-rune-pese-a-una-buena-version-de-carreno","status":"publish","type":"post","link":"https:\/\/www.europesays.com\/es\/113021\/","title":{"rendered":"Demasiado Rune, pese a una buena versi\u00f3n de Carre\u00f1o"},"content":{"rendered":"<p>El primer punto de la eliminatoria Espa\u00f1a-Dinamarca, en Puente Romano (Marbella) no se qued\u00f3 en casa. Se cumplieron los temores. Con cierto suspense durante  &#8230; los primeros tres cuartos de hora de partido, pero Holger Rune (11\u00ba del ATP Ranking) fue un examen demasiado exigente para una buena versi\u00f3n de Pablo Carre\u00f1o (123\u00ba), un &#8216;top 20&#8217; mundial hasta el verano de 2023, antes de permanecer de baja casi un a\u00f1o (en dos tramos prolongados de 2023 y 2024) para recuperarse de una lesi\u00f3n de codo.<\/p>\n<p>Pablo Carre\u00f1o (123\u00ba) pierde ante Holger Rune (11\u00ba) por 5-7 y 3-6, en 1 hora y 39 minutos<\/p>\n<ul class=\"v-u\">\n<li class=\"v-u__l\">\n<p class=\"v-p\">\n&#8216;Aces&#8217;:<br \/>\n2\/6\n<\/p>\n<\/li>\n<li class=\"v-u__l\">\n<p class=\"v-p\">\nDobles faltas:<br \/>\n2\/1\n<\/p>\n<\/li>\n<li class=\"v-u__l\">\n<p class=\"v-p\">\nPrimeros saques dentro:<br \/>\n67\/59%\n<\/p>\n<\/li>\n<li class=\"v-u__l\">\n<p class=\"v-p\">\nPuntos ganados con primer saque:<br \/>\n67\/72%\n<\/p>\n<\/li>\n<li class=\"v-u__l\">\n<p class=\"v-p\">\nPuntos ganados con segundo saque:<br \/>\n40\/48%\n<\/p>\n<\/li>\n<li class=\"v-u__l\">\n<p class=\"v-p\">\nPuntos de &#8216;break&#8217; convertidos:<br \/>\n2-5\/4-4\n<\/p>\n<\/li>\n<li class=\"v-u__l\">\n<p class=\"v-p\">\nTotal de puntos ganados:<br \/>\n52\/66\n<\/p>\n<\/li>\n<\/ul>\n<p class=\"v-p\">Desde entonces Carre\u00f1o, a sus 34 a\u00f1os, ha dejado de ser aquel Carre\u00f1o, &#8216;top ten&#8217; incluso en 2017. El 5-7 y 3-6 final (en una hora y 39 minutos) no destroza guiones, porque todo puede pasar por ganar los duelos individuales sin Rune y por el doble, pero de alguna manera acrecienta la presi\u00f3n en una serie mucho m\u00e1s ajustada tras las bajas finales de Carlos Alcaraz, Alejandro Davidovich y Marcel Granollers.<\/p>\n<p><a href=\"http:\/\/www.diariosur.es\/deportes\/tenis\/copa-davis\/directo-carrenorune-abren-eliminatoria-20250913122025-dirc.html#vtm_modulosEngag=mod-rel:deportes:noticia:1:cmp:1-not\" class=\"v-a-link\" aria-label=\"Imagen\" rel=\"nofollow noopener\" target=\"_blank\"><\/p>\n<p><img decoding=\"async\" loading=\"lazy\" src=\"https:\/\/www.europesays.com\/es\/wp-content\/uploads\/2025\/09\/Clipboard-0056.jpg\" class=\"v-a-img\" width=\"258\" height=\"180\" alt=\"\" data-voc-vtm-id=\"in-text-traffic\"\/><\/p>\n<p><\/a><\/p>\n<p class=\"v-p\">Ferrer se decant\u00f3 para torear en la apertura de la eliminatoria confiado en su experiencia y aplomo. Ten\u00eda grandes recuerdos de Puente Romano, donde gan\u00f3 en 2020 aquel ATP 250 auspiciado por la Junta de Andaluc\u00eda y AnyTech 365, que no tuvo continuidad, y hab\u00eda estado ya la semana previa prepar\u00e1ndose en tierra en el Challenger de Sevilla (derrota en cuartos ante Lajovic), pero fuera del &#8216;top 100&#8217; ya en los \u00faltimos meses, Rune era demasiado toro, m\u00e1s all\u00e1 de ese enga\u00f1oso 3-1 en el cara a cara, porque el \u00faltimo duelo, m\u00e1s parecido a las circunstancias actuales, fue un 6-1 y 6-3.<\/p>\n<p><img decoding=\"async\" loading=\"lazy\" src=\"https:\/\/www.europesays.com\/es\/wp-content\/uploads\/2025\/09\/carren-U47552451570kSM-650x455@Diario Sur.jpg\" class=\"v-a-img\" width=\"650\" height=\"455\" alt=\"Un servicio de Pablo Carre\u00f1o.\" data-voc-vtm-id=\"in-text-traffic\"\/><\/p>\n<p>Un servicio de Pablo Carre\u00f1o.<\/p>\n<p>REUTERS<\/p>\n<p><img loading=\"lazy\" decoding=\"async\" src=\"https:\/\/www.europesays.com\/es\/wp-content\/uploads\/2025\/09\/carren-U47552451570kSM-650x455@Diario Sur.jpg\" class=\"v-mdl__img-z\" width=\"650\" height=\"455\" alt=\"\"\/><\/p>\n<p class=\"v-p\">Lo mejor de Carre\u00f1o se vio en los primeros minutos. Amenaz\u00f3 de salida con 0-40 a Rune en el primer juego, pero no fue ah\u00ed, sino en el siguiene turno al resto, pese a un 40-15 cuando logr\u00f3 el &#8216;break&#8217;. El dan\u00e9s sinti\u00f3 que ten\u00eda que dar un punto m\u00e1s de agresividad, y arriesg\u00f3 con puntos m\u00e1s cortos y jugando incluso resto-red, e igual\u00f3 el choque y se fue arriba cuando presionaba con 6-5 sobre el saque del espa\u00f1ol. Oli\u00f3 la sangre y quebr\u00f3 para dominar el primer set en 57 minutos, con un 22-13 en &#8216;winners&#8217;, lo que demostraba su iniciativa en el juego.<\/p>\n<p class=\"v-p\">Rune encaden\u00f3 cinco juegos seguidos, al colocarse 3-0 en el segundo set despu\u00e9s de otro &#8216;break&#8217;. Tras una reacci\u00f3n de Carre\u00f1o, para poner el 3-3, volvi\u00f3 la presi\u00f3n de Rune para otro quiebre ya decisivo. Al espa\u00f1ol le ceg\u00f3 el sol (en una jornada t\u00f3rrida, frisando los 30 grados) en un &#8216;smash&#8217;, y tuvo mucho que ver en ese 3-5 y saque del de Gentofte para definir el choque con un turno en blanco al saque.<\/p>\n<p><img decoding=\"async\" loading=\"lazy\" src=\"https:\/\/www.europesays.com\/es\/wp-content\/uploads\/2025\/09\/panoramica-U24551626481kIR-650x455@Diario Sur.jpg\" class=\"v-a-img\" width=\"650\" height=\"455\" alt=\"Panor\u00e1mica de la pista Manolo Santana de Puente Romano, este s\u00e1bado.\" data-voc-vtm-id=\"in-text-traffic\"\/><\/p>\n<p>Panor\u00e1mica de la pista Manolo Santana de Puente Romano, este s\u00e1bado.<\/p>\n<p>SUR<\/p>\n<p><img loading=\"lazy\" decoding=\"async\" src=\"https:\/\/www.europesays.com\/es\/wp-content\/uploads\/2025\/09\/panoramica-U24551626481kIR-650x455@Diario Sur.jpg\" class=\"v-mdl__img-z\" width=\"650\" height=\"455\" alt=\"\"\/><\/p>\n<p class=\"v-p\">La derrota espa\u00f1ola confirm\u00f3 una curiosa circunstancia, pese al peso que suele tener actuar como local en esta competici\u00f3n, eligiendo superficie. En las siete series de esta segunda ronda de los Qualifiers (antesala de la Final a 8, con Italia ya clasificada como anfitriona para el desenlace en Bolonia, del 18 al 23 de noviembre), todos los primeros partidos acabaron con victoria visitante, y en cinco de ellas con un cero a dos de salida.<\/p>\n<p class=\"v-p\">En todo caso, Espa\u00f1a no pierde en casa en la Copa Davis en tierra, la superficie m\u00e1s habitual de formaci\u00f3n de casi todos sus jugadores, desde 1999 (ante Brasil en L\u00e9rida).<\/p>\n","protected":false},"excerpt":{"rendered":"El primer punto de la eliminatoria Espa\u00f1a-Dinamarca, en Puente Romano (Marbella) no se qued\u00f3 en casa. Se cumplieron&hellip;\n","protected":false},"author":2,"featured_media":113022,"comment_status":"","ping_status":"","sticky":false,"template":"","format":"standard","meta":{"footnotes":""},"categories":[274],"tags":[168,25,24,17786,23,167,327,326],"class_list":{"0":"post-113021","1":"post","2":"type-post","3":"status-publish","4":"format-standard","5":"has-post-thumbnail","7":"category-tenis","8":"tag-deportes","9":"tag-es","10":"tag-espana","11":"tag-rune","12":"tag-spain","13":"tag-sports","14":"tag-tenis","15":"tag-tennis"},"share_on_mastodon":{"url":"","error":""},"_links":{"self":[{"href":"https:\/\/www.europesays.com\/es\/wp-json\/wp\/v2\/posts\/113021","targetHints":{"allow":["GET"]}}],"collection":[{"href":"https:\/\/www.europesays.com\/es\/wp-json\/wp\/v2\/posts"}],"about":[{"href":"https:\/\/www.europesays.com\/es\/wp-json\/wp\/v2\/types\/post"}],"author":[{"embeddable":true,"href":"https:\/\/www.europesays.com\/es\/wp-json\/wp\/v2\/users\/2"}],"replies":[{"embeddable":true,"href":"https:\/\/www.europesays.com\/es\/wp-json\/wp\/v2\/comments?post=113021"}],"version-history":[{"count":0,"href":"https:\/\/www.europesays.com\/es\/wp-json\/wp\/v2\/posts\/113021\/revisions"}],"wp:featuredmedia":[{"embeddable":true,"href":"https:\/\/www.europesays.com\/es\/wp-json\/wp\/v2\/media\/113022"}],"wp:attachment":[{"href":"https:\/\/www.europesays.com\/es\/wp-json\/wp\/v2\/media?parent=113021"}],"wp:term":[{"taxonomy":"category","embeddable":true,"href":"https:\/\/www.europesays.com\/es\/wp-json\/wp\/v2\/categories?post=113021"},{"taxonomy":"post_tag","embeddable":true,"href":"https:\/\/www.europesays.com\/es\/wp-json\/wp\/v2\/tags?post=113021"}],"curies":[{"name":"wp","href":"https:\/\/api.w.org\/{rel}","templated":true}]}}