{"id":113025,"date":"2025-09-13T21:17:09","date_gmt":"2025-09-13T21:17:09","guid":{"rendered":"https:\/\/www.europesays.com\/es\/113025\/"},"modified":"2025-09-13T21:17:09","modified_gmt":"2025-09-13T21:17:09","slug":"su-caracter-carinoso-el-deseo-de-aprender-frances-y-sus-idolos-de-siempre","status":"publish","type":"post","link":"https:\/\/www.europesays.com\/es\/113025\/","title":{"rendered":"su car\u00e1cter \u201ccari\u00f1oso\u201d, el deseo de aprender franc\u00e9s y sus \u00eddolos de siempre"},"content":{"rendered":"<p class=\"mb-4 text-lg md:leading-8 break-words\">A poco m\u00e1s de un a\u00f1o despu\u00e9s de su impactante debut en la F\u00f3rmula 1, y antes del Gran Premio de Bak\u00fa del pr\u00f3ximo fin del semana, Franco Colapinto se brind\u00f3 a una entrevista con el sitio oficial de de F1.com. En la charla con el periodista Mike Seymour, el piloto argentino repas\u00f3 desde sus inicios en los quads hasta su primera aprobaci\u00f3n en el examen de conducir, pasando por la influencia de Juan Manuel Fangio y su aprendizaje del franc\u00e9s con su compa\u00f1ero de equipo en Alpine, Pierre Gasly. Aqu\u00ed, la transcripci\u00f3n de la entrevista de F1.com:<\/p>\n<p class=\"mb-4 text-lg md:leading-8 break-words\"><b>-\u00bfPodr\u00edas describirte en tres palabras?<\/b><\/p>\n<p class=\"mb-4 text-lg md:leading-8 break-words\">-Humilde, cari\u00f1oso y apasionado.<\/p>\n<p class=\"mb-4 text-lg md:leading-8 break-words\"><b>-\u00bfQu\u00e9 te hizo enamorarte de la F1? \u00bfHay alg\u00fan momento que destaques?<\/b><\/p>\n<p class=\"mb-4 text-lg md:leading-8 break-words\">-\u00a1La verdad es que no! Siempre me gustaron los deportes, esa adrenalina con los motores, algo que te impulsa a ir r\u00e1pido. De joven sol\u00eda andar mucho en quad. Desde que empec\u00e9 a ver la F1 me enamor\u00e9 de la categor\u00eda desde muy chico, ten\u00eda unos seis a\u00f1os. Luego empec\u00e9 a ir a ver carreras en Argentina, a ver los coches de turismo, el TC (Turismo Carretera) y todos esos campeonatos. Cuando crec\u00ed, pens\u00e9: \u201c\u00a1Tengo muchas ganas de ir a la F1!\u201d. Fue entonces cuando decid\u00ed venir a Europa y empezar mi aventura ac\u00e1.<\/p>\n<p class=\"mb-4 text-lg md:leading-8 break-words\"><b>-\u00bfCuando y donde condujiste algo por primera vez?<\/b><\/p>\n<p class=\"mb-4 text-lg md:leading-8 break-words\">-S\u00e9 el momento en que empez\u00f3 a gustarme de verdad: fue cuando me regalaron mi primer quad a los cuatro a\u00f1os. Conduc\u00eda desde los tres a\u00f1os. Siempre me gust\u00f3 la velocidad, algo que te da esa adrenalina y esa sensaci\u00f3n de ir al l\u00edmite.<\/p>\n<p><img alt=\"El optimismo de Franco Colapinto con miras a lo que viene en la F\u00f3rmula 1; necesita afianzarse en la m\u00e1xima categor\u00eda y ser confirmado por Alpine\" loading=\"lazy\" width=\"768\" height=\"512\" decoding=\"async\" data-nimg=\"1\" class=\"rounded-lg\" style=\"color:transparent\" src=\"https:\/\/www.europesays.com\/es\/wp-content\/uploads\/2025\/09\/75b99ed5d2357aa83b1ee5236f35aeb8.jpeg\"\/><\/p>\n<p>El optimismo de Franco Colapinto con miras a lo que viene en la F\u00f3rmula 1; necesita afianzarse en la m\u00e1xima categor\u00eda y ser confirmado por Alpine &#8211; Cr\u00e9ditos: @Joe Portlock<\/p>\n<p class=\"mb-4 text-lg md:leading-8 break-words\"><b>-Hay mucha presi\u00f3n en esta pregunta\u2026 \u00bfCu\u00e1ntas veces te tom\u00f3 aprobar el examen de conducir?<\/b><\/p>\n<p class=\"mb-4 text-lg md:leading-8 break-words\">-\u00a1Uno! Solo uno. No como los dem\u00e1s pilotos de F1. He o\u00eddo que han sido muy malos en esto&#8230;<\/p>\n<p class=\"mb-4 text-lg md:leading-8 break-words\"><b>-Hay algunas historias interesantes por ah\u00ed\u2026<\/b><\/p>\n<p class=\"mb-4 text-lg md:leading-8 break-words\">-Para m\u00ed ha sido f\u00e1cil, de hecho lo aprob\u00e9 a los 17 a\u00f1os, porque en Argentina se puede hacer un a\u00f1o antes.<\/p>\n<p class=\"mb-4 text-lg md:leading-8 break-words\"><b>-\u00bfQui\u00e9n es tu mejor amigo dentro del paddock?<\/b><\/p>\n<p class=\"mb-4 text-lg md:leading-8 break-words\">-Quiz\u00e1s Gabriel Bortoleto. Lo conozco desde hace mucho tiempo, cuando jug\u00e1bamos karting. Es un buen tipo, y ambos somos latinos. Probablemente es con quien me siento m\u00e1s cercano.<\/p>\n<p class=\"mb-4 text-lg md:leading-8 break-words\"><b>-\u00bfA qu\u00e9 tres personalidades de la F1, pasadas o presentes, invitar\u00edas a una cena y por qu\u00e9?<\/b><\/p>\n<p class=\"mb-4 text-lg md:leading-8 break-words\">-[Juan Manuel] Fangio, [Ayrton] Senna y Lewis [Hamilton]. Estos son los pilotos que m\u00e1s admiro, los pilotos con los que crec\u00ed y los que fueron mis h\u00e9roes desde muy peque\u00f1o. Solo escuchar todas sus historias en el deporte, en diferentes momentos y \u00e9pocas\u2026 Creo que escuchar esa diferencia entre c\u00f3mo conduc\u00edan antes y c\u00f3mo eran los mejores en cada momento\u2026 Historias hermosas, sin duda, y un buen resumen de la historia del deporte.<\/p>\n<p><img alt=\"Lewis Hamilton, uno de los grande \u00eddolos de Franco Colapinto\" loading=\"lazy\" width=\"768\" height=\"512\" decoding=\"async\" data-nimg=\"1\" class=\"rounded-lg\" style=\"color:transparent\" src=\"https:\/\/www.europesays.com\/es\/wp-content\/uploads\/2025\/09\/f6d63f8c7c3daf60ae44556f334ec851.jpeg\"\/><\/p>\n<p>Lewis Hamilton, uno de los grande \u00eddolos de Franco Colapinto &#8211; Cr\u00e9ditos: @GEOFF ROBINS<\/p>\n<p class=\"mb-4 text-lg md:leading-8 break-words\"><b>-\u00bfCu\u00e1les han sido las mejores vacaciones que tuviste?<\/b><\/p>\n<p class=\"mb-4 text-lg md:leading-8 break-words\">-Me gusta ir a la playa. De chico sol\u00edamos ir a M\u00e9xico de vacaciones, y eso me encantaba. De ni\u00f1o, cuando vas a la escuela y al trabajo, te encanta ir a la playa y disfrutarlo. En esa \u00e9poca disfrutaba much\u00edsimo de las vacaciones. Cuando te hac\u00e9s un poco mayor, empez\u00e1s a extra\u00f1arlo un poco. Ahora es dif\u00edcil pasar tanto tiempo con la familia y lo extra\u00f1\u00e1s a\u00fan m\u00e1s.<\/p>\n<p class=\"mb-4 text-lg md:leading-8 break-words\"><b>-\u00bfCu\u00e1l es tu pel\u00edcula y programa de televisi\u00f3n favorito de todos los tiempos?<\/b><\/p>\n<p class=\"mb-4 text-lg md:leading-8 break-words\">-Me encanta Suits, la serie sobre abogados. La vi hace mucho. \u00bfPel\u00edcula? Uf&#8230; Diferentes. Vi El Lobo de Wall Street muchas veces, me gusta mucho Rush, y tambi\u00e9n las pel\u00edculas de acci\u00f3n. \u00a1Es dif\u00edcil elegir!<\/p>\n<p class=\"mb-4 text-lg md:leading-8 break-words\"><b>-\u00bfCu\u00e1ntos idiomas hablas? \u00bfHay otros que te gustar\u00eda aprender?<\/b><\/p>\n<p class=\"mb-4 text-lg md:leading-8 break-words\">-Me encantar\u00eda aprender franc\u00e9s. Lo estoy aprendiendo poco a poco, con el tiempo y habl\u00e1ndolo un poco m\u00e1s. Sobre todo en un equipo franc\u00e9s, con Pierre [Gasly] hablando mucho franc\u00e9s, me encantar\u00eda entender lo que dicen. Hablo espa\u00f1ol, italiano e ingl\u00e9s, as\u00ed que son tres. Algo de portugu\u00e9s, pero no puedo decir que sea un cuarto idioma; \u00a1quiz\u00e1s tres y medio!<\/p>\n<p><img alt=\"Franco Colapinto y Pierre Gasly de Alpine en Budapest, Hungr\u00eda\" loading=\"lazy\" width=\"768\" height=\"569\" decoding=\"async\" data-nimg=\"1\" class=\"rounded-lg\" style=\"color:transparent\" src=\"https:\/\/www.europesays.com\/es\/wp-content\/uploads\/2025\/09\/99e9c8671926fa7d43587d6ec3035323.jpeg\"\/><\/p>\n<p>Franco Colapinto y Pierre Gasly de Alpine en Budapest, Hungr\u00eda<\/p>\n<p class=\"mb-4 text-lg md:leading-8 break-words\"><b>-\u00bfQu\u00e9 otro trabajo te gustar\u00eda poder probar por un d\u00eda?<\/b><\/p>\n<p class=\"mb-4 text-lg md:leading-8 break-words\">-De joven me encantaba la ingenier\u00eda. Fui a una escuela t\u00e9cnica, as\u00ed que estudi\u00e9 mucha ingenier\u00eda all\u00ed. Quiz\u00e1s sea un trabajo que podr\u00eda intentar, pero hay mucho que estudiar, \u00a1y no me entusiasma mucho!<\/p>\n<p class=\"mb-4 text-lg md:leading-8 break-words\"><b>-Muchos conductores han dicho piloto de combate o astronauta\u2026<\/b><\/p>\n<p class=\"mb-4 text-lg md:leading-8 break-words\">-S\u00ed, la verdad es que ser astronauta ser\u00eda genial. Es bastante divertido y con mucha adrenalina, as\u00ed que no est\u00e1 nada mal. Supongo que despu\u00e9s de pasar un tiempo en el espacio, en esa cabina, \u00a1da un poco de claustrofobia!<\/p>\n<p class=\"mb-4 text-lg md:leading-8 break-words\"><b>-\u00bfCu\u00e1l es el mejor consejo que recibiste?<\/b><\/p>\n<p class=\"mb-4 text-lg md:leading-8 break-words\">-Nunca rendirse y, cuando te sent\u00eds mal, seguir adelante. Me encantan los consejos cuando est\u00e1s pasando por un momento dif\u00edcil; te animan, y por suerte, tuve a muchas de estas personas siempre apoy\u00e1ndome y anim\u00e1ndome. M\u00e1s que un simple consejo, son solo esas personas las que me apoyaron y me impulsaron en la direcci\u00f3n que deb\u00eda tomar.<\/p>\n<p><img alt=\"Franco Colapinto, y su saludo con el director principal de Williams, James Vowles, tras terminar octavo en Bak\u00fa el 15 de septiembre del a\u00f1o pasado\" loading=\"lazy\" width=\"768\" height=\"512\" decoding=\"async\" data-nimg=\"1\" class=\"rounded-lg\" style=\"color:transparent\" src=\"https:\/\/www.europesays.com\/es\/wp-content\/uploads\/2025\/09\/7815f744c7f6e99ff9dd998b1bef022e.jpeg\"\/><\/p>\n<p>Franco Colapinto, y su saludo con el director principal de Williams, James Vowles, tras terminar octavo en Bak\u00fa el 15 de septiembre del a\u00f1o pasado &#8211; Cr\u00e9ditos: @Kym Illman<\/p>\n<p class=\"mb-4 text-lg md:leading-8 break-words\"><b>-\u00bfCu\u00e1l es tu momento de mayor orgullo en la F1 hasta ahora?<\/b><\/p>\n<p class=\"mb-4 text-lg md:leading-8 break-words\">-Creo que fue en Bak\u00fa el a\u00f1o pasado, mi segunda carrera. Estar en la Q3 y en los puntos fue uno de los mejores momentos de la F1 hasta ahora. No ten\u00eda preparaci\u00f3n, as\u00ed que fue un comienzo bastante bueno e impresionante.<\/p>\n<p class=\"mb-4 text-lg md:leading-8 break-words\"><b>-\u00bfA\u00fan parece que fue ayer? Ya casi hace un a\u00f1o&#8230;<\/b><\/p>\n<p class=\"mb-4 text-lg md:leading-8 break-words\">-S\u00ed, solo hace un a\u00f1o, pero parece menos. El tiempo pas\u00f3 rapid\u00edsimo este a\u00f1o, pero pasaron muchas cosas. Es incre\u00edble c\u00f3mo pasa el tiempo.<\/p>\n<p class=\"mb-4 text-lg md:leading-8 break-words\"><b>-\u00bfD\u00f3nde quieres estar dentro de cinco a\u00f1os?<\/b><\/p>\n<p class=\"mb-4 text-lg md:leading-8 break-words\">-\u00a1A\u00fan aqu\u00ed, en la F1!<\/p>\n","protected":false},"excerpt":{"rendered":"A poco m\u00e1s de un a\u00f1o despu\u00e9s de su impactante debut en la F\u00f3rmula 1, y antes del&hellip;\n","protected":false},"author":2,"featured_media":113026,"comment_status":"","ping_status":"","sticky":false,"template":"","format":"standard","meta":{"footnotes":""},"categories":[270],"tags":[168,25,24,306,271,272,1723,38329,38328,1330,23,167,38327],"class_list":{"0":"post-113025","1":"post","2":"type-post","3":"status-publish","4":"format-standard","5":"has-post-thumbnail","7":"category-formula-1","8":"tag-deportes","9":"tag-es","10":"tag-espana","11":"tag-f1","12":"tag-formula-1","13":"tag-formula1","14":"tag-franco-colapinto","15":"tag-gran-premio-de-baku","16":"tag-juan-manuel-fangio","17":"tag-pierre-gasly","18":"tag-spain","19":"tag-sports","20":"tag-turismo-carretera"},"share_on_mastodon":{"url":"","error":""},"_links":{"self":[{"href":"https:\/\/www.europesays.com\/es\/wp-json\/wp\/v2\/posts\/113025","targetHints":{"allow":["GET"]}}],"collection":[{"href":"https:\/\/www.europesays.com\/es\/wp-json\/wp\/v2\/posts"}],"about":[{"href":"https:\/\/www.europesays.com\/es\/wp-json\/wp\/v2\/types\/post"}],"author":[{"embeddable":true,"href":"https:\/\/www.europesays.com\/es\/wp-json\/wp\/v2\/users\/2"}],"replies":[{"embeddable":true,"href":"https:\/\/www.europesays.com\/es\/wp-json\/wp\/v2\/comments?post=113025"}],"version-history":[{"count":0,"href":"https:\/\/www.europesays.com\/es\/wp-json\/wp\/v2\/posts\/113025\/revisions"}],"wp:featuredmedia":[{"embeddable":true,"href":"https:\/\/www.europesays.com\/es\/wp-json\/wp\/v2\/media\/113026"}],"wp:attachment":[{"href":"https:\/\/www.europesays.com\/es\/wp-json\/wp\/v2\/media?parent=113025"}],"wp:term":[{"taxonomy":"category","embeddable":true,"href":"https:\/\/www.europesays.com\/es\/wp-json\/wp\/v2\/categories?post=113025"},{"taxonomy":"post_tag","embeddable":true,"href":"https:\/\/www.europesays.com\/es\/wp-json\/wp\/v2\/tags?post=113025"}],"curies":[{"name":"wp","href":"https:\/\/api.w.org\/{rel}","templated":true}]}}