{"id":113027,"date":"2025-09-13T21:18:05","date_gmt":"2025-09-13T21:18:05","guid":{"rendered":"https:\/\/www.europesays.com\/es\/113027\/"},"modified":"2025-09-13T21:18:05","modified_gmt":"2025-09-13T21:18:05","slug":"joel-parra-recupera-la-sonrisa-tras-el-eurobasket","status":"publish","type":"post","link":"https:\/\/www.europesays.com\/es\/113027\/","title":{"rendered":"Joel Parra recupera la sonrisa tras el Eurobasket"},"content":{"rendered":"<p class=\"ft-text\"><strong>Joel Parra<\/strong> afronta su tercera temporada en el <a class=\"ft-link ft-link--decoration\" href=\"https:\/\/www.sport.es\/es\/barca\/baloncesto\/\" rel=\"nofollow noopener\" target=\"_blank\"><strong>Bar\u00e7a.<\/strong><\/a><strong> <\/strong>Renovado hasta 2028 tras su gran segundo curso de azulgrana, el exjugador del Joventut afronta una campa\u00f1a exigente, en la que debe consolidarse como una de las referencias del equipo, ganando jerarqu\u00eda tanto en pista como en el vestuario.<\/p>\n<p class=\"ft-text\">De hecho, dejando de banda al lesionado <strong>Chimezie Metu,<\/strong> Parra fue el <strong>cuarto m\u00e1ximo anotador<\/strong> del Bar\u00e7a en Liga Endesa (8,5), siendo superado \u00fanicamente por<strong> Kevin Punter (14,1), Jabari Parker (12,9) y Dar\u00edo Brizuela (9,6).<\/strong> Un claro paso al frente tras un primer a\u00f1o bastante decepcionante bajo las \u00f3rdenes de Roger Grimau, y con una metamorfosis a nivel mental y f\u00edsico, con la ya sabida p\u00e9rdida de 15 kilos.<\/p>\n<p>Un Eurobasket decepcionante<\/p>\n<p class=\"ft-text\">Las sensaciones de &#8216;Jowi&#8217; de cara el <strong>Eurobasket<\/strong> eran positivas, con ese gran rendimiento en su segundo curso en el Palau. Pero lo cierto es que Parra no complet\u00f3 un gran Europeo, y su desempe\u00f1o en el torneo no fue ni el esperado ni el deseado. <strong>4,8 puntos, 3,6 rebotes y 1,8 asistencias<\/strong> de media por partido fueron sus registros. Pese a ello, y con tan solo 25 a\u00f1os, Parra es uno de los nombres <strong>asegurados<\/strong> en los pr\u00f3ximos campeonatos que dispute &#8216;La Familia&#8217;.<\/p>\n<p><img decoding=\"async\" src=\"https:\/\/www.europesays.com\/es\/wp-content\/uploads\/2025\/09\/728a009c-08a7-4029-95e5-440acb3765e5_alta-libre-aspect-ratio_default_0.jpg\" width=\"1200\" height=\"675\" alt=\"Parra no pudo exhibir su mejor nivel en el Eurobasket\" class=\"ft-helper-img-rd\" loading=\"lazy\" hasdataaida=\"true\"\/><\/p>\n<p class=\"ft-helper-fontColor-quaternary ft-helper-fontSize-body-S ft-helper-spacer-t-xxs\">Parra no pudo exhibir su mejor nivel en el Eurobasket  \/ FIBA<\/p>\n<p class=\"ft-text\">Ante el Girona, duelo que <a class=\"ft-link ft-link--decoration\" href=\"https:\/\/www.sport.es\/es\/noticias\/barca\/baloncesto\/parra-clyburn-lideran-victoria-barca-121518665\" rel=\"nofollow noopener\" target=\"_blank\"><strong>el Bar\u00e7a resolvi\u00f3 por 77-88,<\/strong><\/a> Parra disput\u00f3 sus primeros minutos bajo las \u00f3rdenes de <strong>Joan Pe\u00f1arroya<\/strong> en esta pretemporada. Era la puesta en escena del alero tras regresar con la selecci\u00f3n de Chipre y completar los primeros entrenamientos con el equipo. Y su partido no pudo ser mejor.<\/p>\n<p>Gran actuaci\u00f3n ante el Girona<\/p>\n<p class=\"ft-text\">El &#8217;44&#8217; acab\u00f3 jugando 21 minutos y 21 segundos en los que aport\u00f3 <strong>19 puntos<\/strong> con una buena carta de tiro (5\/9 en T2 y 3\/4 en T3), adem\u00e1s de capturar <strong>cinco rebotes<\/strong> y repartir <strong>dos asistencias.<\/strong> Todo ello para <strong>22 cr\u00e9ditos de valoraci\u00f3n,<\/strong> siendo el m\u00e1s valorado del Bar\u00e7a junto a <strong>Will Clyburn.<\/strong> \u00abEstoy muy contento. Al final no deja de ser mi primera semana de trabajo con los nuevos compa\u00f1eros, nos estamos integrando, l<strong>os fichajes conociendo a Joan (Pe\u00f1arroya), pero ha sido una buena semana y m\u00e1s viendo el resultado.<\/strong> No hay que olvidar que Girona es un rival que exige mucho y ha sido un buen test\u00bb, coment\u00f3 Parra tras el partido.<\/p>\n<p class=\"ft-text\">Adem\u00e1s, tambi\u00e9n se mostr\u00f3 encantado por como ha quedado compuesto el equipo y con las caras nuevas.<strong> \u00abTenemos muy buena plantilla, para competir por todo.<\/strong> Es verdad que la competici\u00f3n te va poniendo en tu lugar, pero veo a los nuevos que han venido con ganas de aprender y mejorar, especialmente <strong>Miles Norris y Myles Cale.<\/strong> Con <strong>Will (Clyburn) todo el mundo lo conoce y \u00e9l conoce la Euroliga,<\/strong> pero veo a los que han venido con ganas de aportar al equipo\u00bb, expres\u00f3 un Parra que no modifica los objetivos personales en el que ser\u00e1 su tercer curso en el Palau.<\/p>\n<p>Parra, al servicio del equipo<\/p>\n<p class=\"ft-text\"><strong>\u00abMis expectativas siguen siendo las de ayudar al equipo a ganar el m\u00e1ximo n\u00famero de partidos y llegar lo m\u00e1s lejos posible.<\/strong> Har\u00e9 lo que el equipo necesite y lo que Joan (Pe\u00f1arroya) me pida. Ya es mi segundo a\u00f1o con \u00e9l, ya nos conocemos y sabe lo que puedo darle al equipo, e intentar\u00e9 ayudar al equipo como intento hacerlo siempre\u00bb, dijo el &#8217;44&#8217;.<\/p>\n<p><img decoding=\"async\" src=\"https:\/\/www.europesays.com\/es\/wp-content\/uploads\/2025\/09\/ac28e89a-5204-4f37-a951-de971f5aa894_alta-libre-aspect-ratio_default_0.jpg\" width=\"1200\" height=\"675\" alt=\"Joel Parra afronta su tercera temporada en el Bar\u00e7a\" class=\"ft-helper-img-rd\" loading=\"lazy\" hasdataaida=\"true\"\/><\/p>\n<p class=\"ft-helper-fontColor-quaternary ft-helper-fontSize-body-S ft-helper-spacer-t-xxs\">Joel Parra afronta su tercera temporada en el Bar\u00e7a  \/ Twitter: @Fcbbasket<\/p>\n<p class=\"ft-text\">Pese a que tan solo tiene <strong>25 a\u00f1os,<\/strong> Parra ya empieza a ser uno de los veteranos del equipo. De hecho, esta temporada es el \u00fanico &#8216;3&#8217; que sobrevive respecto al curso pasado tras la salida de<strong> Justin Anderson<\/strong> y la retirada de <strong>\u00c1lex Abrines.<\/strong> Esta campa\u00f1a compartir\u00e1 posici\u00f3n con Cale y Clyburn, integrando una posici\u00f3n muy compensada en cuanto a talento ofensivo y a trabajo defensivo.<\/p>\n","protected":false},"excerpt":{"rendered":"Joel Parra afronta su tercera temporada en el Bar\u00e7a. Renovado hasta 2028 tras su gran segundo curso de&hellip;\n","protected":false},"author":2,"featured_media":113028,"comment_status":"","ping_status":"","sticky":false,"template":"","format":"standard","meta":{"footnotes":""},"categories":[269],"tags":[299,2296,298,168,25,24,301,4457,18336,961,23,167],"class_list":{"0":"post-113027","1":"post","2":"type-post","3":"status-publish","4":"format-standard","5":"has-post-thumbnail","7":"category-baloncesto","8":"tag-baloncesto","9":"tag-barca","10":"tag-basketball","11":"tag-deportes","12":"tag-es","13":"tag-espana","14":"tag-eurobasket","15":"tag-joel","16":"tag-parra","17":"tag-pretemporada","18":"tag-spain","19":"tag-sports"},"share_on_mastodon":{"url":"","error":""},"_links":{"self":[{"href":"https:\/\/www.europesays.com\/es\/wp-json\/wp\/v2\/posts\/113027","targetHints":{"allow":["GET"]}}],"collection":[{"href":"https:\/\/www.europesays.com\/es\/wp-json\/wp\/v2\/posts"}],"about":[{"href":"https:\/\/www.europesays.com\/es\/wp-json\/wp\/v2\/types\/post"}],"author":[{"embeddable":true,"href":"https:\/\/www.europesays.com\/es\/wp-json\/wp\/v2\/users\/2"}],"replies":[{"embeddable":true,"href":"https:\/\/www.europesays.com\/es\/wp-json\/wp\/v2\/comments?post=113027"}],"version-history":[{"count":0,"href":"https:\/\/www.europesays.com\/es\/wp-json\/wp\/v2\/posts\/113027\/revisions"}],"wp:featuredmedia":[{"embeddable":true,"href":"https:\/\/www.europesays.com\/es\/wp-json\/wp\/v2\/media\/113028"}],"wp:attachment":[{"href":"https:\/\/www.europesays.com\/es\/wp-json\/wp\/v2\/media?parent=113027"}],"wp:term":[{"taxonomy":"category","embeddable":true,"href":"https:\/\/www.europesays.com\/es\/wp-json\/wp\/v2\/categories?post=113027"},{"taxonomy":"post_tag","embeddable":true,"href":"https:\/\/www.europesays.com\/es\/wp-json\/wp\/v2\/tags?post=113027"}],"curies":[{"name":"wp","href":"https:\/\/api.w.org\/{rel}","templated":true}]}}