{"id":113037,"date":"2025-09-13T21:25:14","date_gmt":"2025-09-13T21:25:14","guid":{"rendered":"https:\/\/www.europesays.com\/es\/113037\/"},"modified":"2025-09-13T21:25:14","modified_gmt":"2025-09-13T21:25:14","slug":"duki-da-el-salto-a-netflix-como-un-autentico-rockstar-donde-y-cuando-ver-el-documental-los40-urban","status":"publish","type":"post","link":"https:\/\/www.europesays.com\/es\/113037\/","title":{"rendered":"Duki da el salto a Netflix como un aut\u00e9ntico &#8216;Rockstar&#8217;: d\u00f3nde y cu\u00e1ndo ver el documental | LOS40 Urban"},"content":{"rendered":"<p>Si hay alguien a quien no se le puede parar los pies en la escena de la m\u00fasica urbana, ese es <a href=\"https:\/\/los40.com\/2024\/11\/04\/duki-anuncia-sus-conciertos-en-espana-con-el-ameri-world-tour-2025\/\" target=\"_blank\" rel=\"nofollow noopener\" title=\"https:\/\/los40.com\/2024\/11\/04\/duki-anuncia-sus-conciertos-en-espana-con-el-ameri-world-tour-2025\/\"><b>Duki<\/b><\/a>. Y ahora Netflix ha querido plasmarlo en su plataforma. El portal de series y pel\u00edculas vuelve a apostar por la m\u00fasica urbana con una producci\u00f3n que promete emocionar tanto a fans como a los m\u00e1s curiosos. <b>Rockstar: DUKI, desde el fin del mundo<\/b> es el documental del argentino, pero va mucho m\u00e1s all\u00e1. Es una radiograf\u00eda emocional del artista que ha redefinido el sonido de su generaci\u00f3n. <b>Desde sus primeros pasos en las plazas de Buenos Aires hasta los escenarios m\u00e1s emblem\u00e1ticos del planeta<\/b>, esta pieza audiovisual se adentra en el universo de Mauro, el joven que se convirti\u00f3 en Duki.<\/p>\n<p><img loading=\"lazy\" decoding=\"async\" src=\"https:\/\/www.europesays.com\/es\/wp-content\/uploads\/2025\/09\/1757798711_716_maxresdefault.jpg\" width=\"16\" height=\"9\"\/>Cu\u00e1ndo y d\u00f3nde ver el documental de Duki en Netflix<\/p>\n<p>La plataforma ha anunciado que se <b>estrenar\u00e1 \u00abpr\u00f3ximamente\u00bb<\/b>, por lo que es cuesti\u00f3n de tiempo que acaben confirmando su fecha definitiva. Todo apunta a que lo har\u00eda durante el mes de septiembre, pero tendremos que esperar para saberlo. Sea como sea, es evidente que se podr\u00e1 ver a trav\u00e9s de Netflix.<\/p>\n<p>La producci\u00f3n, grabada \u00edntegramente en Argentina, <b>ofrece una mirada profunda y sin filtros al recorrido del artista.<\/b> A trav\u00e9s de im\u00e1genes in\u00e9ditas, archivos personales y testimonios de quienes lo han acompa\u00f1ado desde sus inicios, <b>el documental construye un relato honesto sobre el ascenso de Duki en la industria musical<\/b>. No se trata solo de mostrar el \u00e9xito, sino de entender el proceso, los sacrificios y las transformaciones que lo llevaron a convertirse en un icono cultural.<\/p>\n<p><img decoding=\"async\" src=\"https:\/\/los40.com\/pf\/resources\/img\/logo-40-v-c.svg?d=879\" alt=\"LOS40 Urban\" class=\"i-pro\" width=\"68\" height=\"68\" loading=\"lazy\"\/><img decoding=\"async\" src=\"https:\/\/www.europesays.com\/es\/wp-content\/uploads\/2025\/09\/4PM3HAINWRF3HMRN5EUH4HT2C4.jpeg\" alt=\"Duki estrena su documental en Netflix 'Rockstar: Duki, desde el fin del mundo'\" width=\"16\" height=\"9\"  loading=\"lazy\"\/><\/p>\n<p>Duki estrena su documental en Netflix &#8216;Rockstar: Duki, desde el fin del mundo&#8217;<\/p>\n<p>Ampliar<img decoding=\"async\" src=\"https:\/\/www.europesays.com\/es\/wp-content\/uploads\/2025\/09\/1757798714_407_4PM3HAINWRF3HMRN5EUH4HT2C4.jpeg\" alt=\"Duki estrena su documental en Netflix 'Rockstar: Duki, desde el fin del mundo'\" width=\"16\" height=\"9\" loading=\"lazy\"\/><\/p>\n<p>Duki estrena su documental en Netflix &#8216;Rockstar: Duki, desde el fin del mundo&#8217;<\/p>\n<p>Cerrar<\/p>\n<p>Dirigido por Alejandro Hartmann, que ya estuvo en manos de t\u00edtulos como Carmel: \u00bfQui\u00e9n mat\u00f3 a Mar\u00eda Marta? y El fot\u00f3grafo y el cartero, el documental cuenta con la participaci\u00f3n de figuras clave del movimiento urbano como<b> Bizarrap y Nicki Nicole<\/b>, entre otros. Juntos, ayudan a trazar el camino de un fen\u00f3meno que naci\u00f3 en las batallas de freestyle de El Quinto Escal\u00f3n y que hoy llena estadios.<\/p>\n<p>Uno de los grandes atractivos de esta producci\u00f3n es su timing. <b>El documental acompa\u00f1a a Duki en un momento decisivo de su carrera:<\/b> la <b>preparaci\u00f3n de sus conciertos en el Estadio River Plate de Buenos Aires y en el <\/b><a href=\"https:\/\/los40.com\/2024\/06\/09\/duki-convierte-el-estadio-santiago-bernabeu-en-un-autentico-caldero-en-modo-diablo-y-rockstar\/\" target=\"_blank\" rel=\"nofollow noopener\" title=\"https:\/\/los40.com\/2024\/06\/09\/duki-convierte-el-estadio-santiago-bernabeu-en-un-autentico-caldero-en-modo-diablo-y-rockstar\/\"><b>Santiago Bernab\u00e9u<\/b><\/a><b> de <\/b><a href=\"https:\/\/los40.com\/2025\/07\/22\/duki-y-espana-una-historia-de-amor-que-sigue-escribiendose-en-2025\/\" target=\"_blank\" rel=\"nofollow noopener\" title=\"https:\/\/los40.com\/2025\/07\/22\/duki-y-espana-una-historia-de-amor-que-sigue-escribiendose-en-2025\/\"><b>Madrid<\/b><\/a>. Dos hitos que no solo marcan su consolidaci\u00f3n como artista internacional, sino que tambi\u00e9n reflejan el alcance a nivel mundial de la m\u00fasica urbana latinoamericana.<\/p>\n<p>Pero m\u00e1s all\u00e1 de los logros, <b>el documental se enfoca en la persona detr\u00e1s del personaje.<\/b> \u00bfQui\u00e9n es realmente Mauro cuando se apagan las luces del escenario? \u00bfC\u00f3mo lidia con la presi\u00f3n, la cr\u00edtica y sus propios fantasmas? El documental aborda estas preguntas y muestra a un artista en plena evoluci\u00f3n.<\/p>\n<p>La sensibilidad es un elemento clave. Duki aparece como un joven que ha aprendido a transformar <a href=\"https:\/\/los40.com\/2025\/07\/08\/duki-comparte-su-diario-en-5202-su-nuevo-mixtape\/\" target=\"_blank\" rel=\"nofollow noopener\" title=\"https:\/\/los40.com\/2025\/07\/08\/duki-comparte-su-diario-en-5202-su-nuevo-mixtape\/\">sus vivencias en letras y m\u00fasica<\/a>, consiguiendo que millones de personas se sientan identificadas con ellas. Su autenticidad, su vulnerabilidad y su fuerza creativa son sus puntos fuertes.<\/p>\n<p>Rockstar: DUKI desde el fin del mundo es un retrato \u00edntimo de un artista que representa a j\u00f3venes que luchan por hacer frente a sus fantasmas y perseguir sus sue\u00f1os en un mundo repleto de barreras. Porque con esfuerzo y confianza en uno mismo, se logran muchas cosas.<\/p>\n","protected":false},"excerpt":{"rendered":"Si hay alguien a quien no se le puede parar los pies en la escena de la m\u00fasica&hellip;\n","protected":false},"author":2,"featured_media":113038,"comment_status":"","ping_status":"","sticky":false,"template":"","format":"standard","meta":{"footnotes":""},"categories":[169],"tags":[177,146,147,25,24,176,175,23],"class_list":{"0":"post-113037","1":"post","2":"type-post","3":"status-publish","4":"format-standard","5":"has-post-thumbnail","7":"category-cine","8":"tag-cine","9":"tag-entertainment","10":"tag-entretenimiento","11":"tag-es","12":"tag-espana","13":"tag-film","14":"tag-movies","15":"tag-spain"},"share_on_mastodon":{"url":"","error":""},"_links":{"self":[{"href":"https:\/\/www.europesays.com\/es\/wp-json\/wp\/v2\/posts\/113037","targetHints":{"allow":["GET"]}}],"collection":[{"href":"https:\/\/www.europesays.com\/es\/wp-json\/wp\/v2\/posts"}],"about":[{"href":"https:\/\/www.europesays.com\/es\/wp-json\/wp\/v2\/types\/post"}],"author":[{"embeddable":true,"href":"https:\/\/www.europesays.com\/es\/wp-json\/wp\/v2\/users\/2"}],"replies":[{"embeddable":true,"href":"https:\/\/www.europesays.com\/es\/wp-json\/wp\/v2\/comments?post=113037"}],"version-history":[{"count":0,"href":"https:\/\/www.europesays.com\/es\/wp-json\/wp\/v2\/posts\/113037\/revisions"}],"wp:featuredmedia":[{"embeddable":true,"href":"https:\/\/www.europesays.com\/es\/wp-json\/wp\/v2\/media\/113038"}],"wp:attachment":[{"href":"https:\/\/www.europesays.com\/es\/wp-json\/wp\/v2\/media?parent=113037"}],"wp:term":[{"taxonomy":"category","embeddable":true,"href":"https:\/\/www.europesays.com\/es\/wp-json\/wp\/v2\/categories?post=113037"},{"taxonomy":"post_tag","embeddable":true,"href":"https:\/\/www.europesays.com\/es\/wp-json\/wp\/v2\/tags?post=113037"}],"curies":[{"name":"wp","href":"https:\/\/api.w.org\/{rel}","templated":true}]}}