{"id":113043,"date":"2025-09-13T21:28:08","date_gmt":"2025-09-13T21:28:08","guid":{"rendered":"https:\/\/www.europesays.com\/es\/113043\/"},"modified":"2025-09-13T21:28:08","modified_gmt":"2025-09-13T21:28:08","slug":"urena-indulta-a-diablillo-y-sale-a-hombros-con-roca-rey-caballero-y-daniel-ruiz","status":"publish","type":"post","link":"https:\/\/www.europesays.com\/es\/113043\/","title":{"rendered":"Ure\u00f1a indulta a Diablillo y sale a hombros con Roca Rey, Caballero y Daniel Ruiz"},"content":{"rendered":"<p style=\"\">A las ocho y cinco se prend\u00edan los 28 focos de la <a href=\"https:\/\/www.abc.es\/cultura\/toros\/manuel-caballero-adelanta-alternativa-ocupa-sabado-puesto-20250912124510-nt.html\" target=\"_self\" data-voc-vtm-id=\"in-text-traffic\" title=\"Chata\" rel=\"nofollow noopener\">Chata<\/a> y por el palco presidencial asomaba el pa\u00f1uelo naranja. El de la<a href=\"https:\/\/www.abc.es\/cultura\/toros\/fdfdsfd-20250912115116-nt.html\" target=\"_self\" data-voc-vtm-id=\"in-text-traffic\" title=\" vida.\" rel=\"nofollow noopener\"> vida.<\/a> El del regreso al ed\u00e9n del campo. El del fruto ganadero y el esfuerzo torero, el que  &#8230; siempre suscita debate, pero que fue pedido por ampl\u00edsima <a href=\"https:\/\/www.abc.es\/cultura\/toros\/revolucion-taquilla-morbo-ver-juntos-morante-roca-20250910145154-nt.html\" target=\"_self\" data-voc-vtm-id=\"in-text-traffic\" title=\"mayor\u00eda\" rel=\"nofollow noopener\">mayor\u00eda<\/a>. El runr\u00fan del &#8216;no lo mates&#8217; lleg\u00f3 cuando Paco Ure\u00f1a cogi\u00f3 la espada. En el callej\u00f3n lo adivinaron antes y le hicieron se\u00f1as de que manejase la escena. Porque el de Lorca estaba ensimismado, toreando para s\u00ed mismo y, a la vez, para el toro. Fenomenalmente lo entendi\u00f3 con su sinceridad descarnada, roto todo el cuerpo, con el comp\u00e1s tremendamente abierto, con las plantas hundidas en la arena en su faena descalza frente a Diablillo. Con la boca cerrada mientras el murciano separaba los pies m\u00e1s, exageradamente m\u00e1s, bajo los sones de &#8216;D\u00e1maso&#8217;. Con la virtud de dejarle siempre la muleta en la cara, someti\u00e9ndolo con su personal\u00edsimo estilo de tela a rastras. Hubo series monumentales, de esas que hubiesen calado en el mism\u00edsimo Madrid y que convirtieron en una hirviente olla el coso albacete\u00f1o. Por los dos pitones embisti\u00f3, incluso planeando mientras arrastraba el morro con noble fijeza. Una divinidad Diablillo dentro de una corrida -m\u00e1s brava en las telas que en el peto- con seriedad y tanto que torear. <\/p>\n<p class=\"voc-p\" style=\"\">Tras la merendola, adem\u00e1s, con el est\u00f3mago lleno, la gente ten\u00eda ganas de fiesta y convirti\u00f3 los tendidos en un manicomio con el &#8216;no lo mates&#8217;. Menos le cost\u00f3 al presidente sacar el moquero naranja que alguno blanco&#8230; Y todos felices: el torero, el ganadero y el p\u00fablico. Corri\u00f3 Paco hasta el callej\u00f3n para fundirse en un abrazo con Daniel Ruiz, de esos abrazos que abarcan glorias y sufrimientos. Y regres\u00f3 a la cara del gran Diablillo para seguir toreando. Euf\u00f3rico, pura felicidad. Como pureza hubo en muchos de sus muletazos. Juntos dieron la vuelta al ruedo, con l\u00e1grimas en los ojos, con dos orejas y rabo en las manos del lorquino que lo hab\u00eda indultado. Se merece Ure\u00f1a todo lo bueno despu\u00e9s de tanto calvario. <\/p>\n<p class=\"voc-p\" style=\"\">La tarde, una gran tarde de toros y toreros -dif\u00edcil ser\u00eda igualar una con tal intensidad en este septiembre que se deshoja-, no perdi\u00f3 el pulso un solo instante con un revent\u00f3n en los tendidos, en los palcos, en las bocanas y callejones. Ni el filo de una navaja cab\u00eda. Pese a la ausencia de Morante, se mantuvo el &#8216;No hay billetes&#8217; con el im\u00e1n de Roca.<\/p>\n<p class=\"voc-p\" style=\"\">Veinticuatro horas despu\u00e9s de la dura paliza de Colorido en Valladolid, el peruano trenzaba el pase\u00edllo en un escenario donde el toro no es una mona. Con un mapa de varetazos en la piel, con moratones como puntos de encuentro con la verdad del toreo, con una fisura y un desgarro intercostal que, seg\u00fan contaba un doctor, duele horrores. Pero all\u00ed estaba el C\u00f3ndor, infiltrado para cumplir con su cita albacete\u00f1a. Y no para cumplir un tr\u00e1mite y recoger el cheque, sino para ce\u00f1irse a la cintura del compromiso con el toro y con la afici\u00f3n, que le tribut\u00f3 una ovaci\u00f3n de gala por su esfuerzo antes de que saliera Importante, un pavo de Daniel con los pitones apuntando al cielo. Fea su pelea en varas, echando la testa arriba, y con un sangrado que acus\u00f3 por su contado poder. Hab\u00eda que tratarlo a media altura sin perder el gobierno. Y as\u00ed lo cincel\u00f3 Roca tras un explosivo arranque de rodillas con dos pendulares y el de pecho. No se sab\u00eda bien d\u00f3nde acababa el pelo casta\u00f1o del Daniel y d\u00f3nde empezaba el terno tabaco de Andr\u00e9s. Dos en uno y la plaza puesta en pie. Fue una obra a favor de Importante, con clarividencia de mente y t\u00e9cnica, rematada de un espadazo que desat\u00f3 la pa\u00f1olada de las dos orejas, aunque el palco estim\u00f3 que era de una sola. S\u00ed se las concedi\u00f3 en el notable quinto, un toro que se abr\u00eda y humillaba y al que el Rey de la taquilla extrajo hasta la \u00faltima gota con un mand\u00f3n temple. Soberbio, llenando tambi\u00e9n el escenario mientras el triunfalismo se desbocaba y ped\u00edan el indulto de Belicoso, al que se le dio la vuelta al ruedo en el arrastre. \u00ab\u00a1Torero, torero!\u00bb, gritaban al que hab\u00eda convertido la Chata en un volc\u00e1n de heroicas pasiones. <\/p>\n<ul class=\"voc-list\">\n<li class=\"voc-list__item\">\n<strong>Plaza de toros de la Chata.<\/strong><br \/>\nS\u00e1bado, 13 de septiembre de 2025. Cartel de &#8216;No hay billetes&#8217;. Toros de Daniel Ruiz, serios y de juego variado, de buen fondo y con mucho que torear; el bravo 4\u00ba fue indultado, vuelta al ruedo al 5\u00ba.\n<\/li>\n<li class=\"voc-list__item\">\n<strong>Paco Ure\u00f1a,<\/strong><br \/>\nde marino y oro: media desprendida y descabello (saludos); indultado el cuarto (dos orejas y rabo simb\u00f3licos).\n<\/li>\n<li class=\"voc-list__item\">\n<strong>Roca Rey,<\/strong><br \/>\nde tabaco y oro: estocada (aviso y oreja con fuerte petici\u00f3n de otra); estocada (dos orejas tras aviso).\n<\/li>\n<li class=\"voc-list__item\">\n<strong>Manuel Caballero,<\/strong><br \/>\nde blanco y oro: espadazo (oreja con petici\u00f3n de otra); estocada trasera (oreja).\n<\/li>\n<\/ul>\n<p class=\"voc-p\" style=\"\">Y \u00ab\u00a1torero!\u00bb clamaron a Manuel Caballero, el nuevo matador de la tierra. Prometedor su futuro: qu\u00e9 capacidad y desenvoltura. Tuvo el detalle Ure\u00f1a de invitar a Manuel Caballero, de paisano, a que ejerciera de padrino de su hijo. Del mismo bautismo. De la misma sangre torera. Con ese temple heredado. Sorprendi\u00f3 la serenidad del toricantano con Bullidor, ideal para la alternativa, obediente y con clasecita, al que supo tocar las teclas de distancia, alturas y terrenos para sostener su justa fortaleza pero con su fondo. Ya sorprendi\u00f3 lo despacito que quiso hacerlo Caballero j\u00fanior con el capote. Y m\u00e1s a\u00fan con la muleta, firme y seguro, con unos naturales excelentes, con la garra de querer ser en una faena en el nombre del padre, con la mirada nublada bajo las gafas, orgulloso de la rama que al tronco sale. Se le not\u00f3 su exhaustiva preparaci\u00f3n en el campo y su ca\u00f1\u00f3n de espada, garant\u00eda de orejas. Una arranc\u00f3 al de la ceremonia -brindado a su progenitor- y otra m\u00e1s al sexto. Hasta auparse a hombros con Ure\u00f1a, Roca y el ganadero en una imagen para enmarcar y que nadie de los presentes olvidar\u00e1. Multitudinaria puerta grande bajo la anochecida. Toreando y embistiendo sali\u00f3 la afici\u00f3n que pag\u00f3 y colm\u00f3 los tendidos.<\/p>\n","protected":false},"excerpt":{"rendered":"A las ocho y cinco se prend\u00edan los 28 focos de la Chata y por el palco presidencial&hellip;\n","protected":false},"author":2,"featured_media":113044,"comment_status":"","ping_status":"","sticky":false,"template":"","format":"standard","meta":{"footnotes":""},"categories":[91],"tags":[2545,15692,146,147,25,24,1048,23,26581],"class_list":{"0":"post-113043","1":"post","2":"type-post","3":"status-publish","4":"format-standard","5":"has-post-thumbnail","7":"category-entretenimiento","8":"tag-albacete","9":"tag-caballero","10":"tag-entertainment","11":"tag-entretenimiento","12":"tag-es","13":"tag-espana","14":"tag-roca","15":"tag-spain","16":"tag-urena"},"share_on_mastodon":{"url":"","error":""},"_links":{"self":[{"href":"https:\/\/www.europesays.com\/es\/wp-json\/wp\/v2\/posts\/113043","targetHints":{"allow":["GET"]}}],"collection":[{"href":"https:\/\/www.europesays.com\/es\/wp-json\/wp\/v2\/posts"}],"about":[{"href":"https:\/\/www.europesays.com\/es\/wp-json\/wp\/v2\/types\/post"}],"author":[{"embeddable":true,"href":"https:\/\/www.europesays.com\/es\/wp-json\/wp\/v2\/users\/2"}],"replies":[{"embeddable":true,"href":"https:\/\/www.europesays.com\/es\/wp-json\/wp\/v2\/comments?post=113043"}],"version-history":[{"count":0,"href":"https:\/\/www.europesays.com\/es\/wp-json\/wp\/v2\/posts\/113043\/revisions"}],"wp:featuredmedia":[{"embeddable":true,"href":"https:\/\/www.europesays.com\/es\/wp-json\/wp\/v2\/media\/113044"}],"wp:attachment":[{"href":"https:\/\/www.europesays.com\/es\/wp-json\/wp\/v2\/media?parent=113043"}],"wp:term":[{"taxonomy":"category","embeddable":true,"href":"https:\/\/www.europesays.com\/es\/wp-json\/wp\/v2\/categories?post=113043"},{"taxonomy":"post_tag","embeddable":true,"href":"https:\/\/www.europesays.com\/es\/wp-json\/wp\/v2\/tags?post=113043"}],"curies":[{"name":"wp","href":"https:\/\/api.w.org\/{rel}","templated":true}]}}