{"id":113055,"date":"2025-09-13T21:35:08","date_gmt":"2025-09-13T21:35:08","guid":{"rendered":"https:\/\/www.europesays.com\/es\/113055\/"},"modified":"2025-09-13T21:35:08","modified_gmt":"2025-09-13T21:35:08","slug":"el-ultimo-rollo-de-cayetano-en-navarra","status":"publish","type":"post","link":"https:\/\/www.europesays.com\/es\/113055\/","title":{"rendered":"El \u00faltimo &#8216;rollo&#8217; de Cayetano en Navarra"},"content":{"rendered":"<p>A las 19:25 horas de una apacible tarde veraniega, <strong>Cayetano <\/strong>se despidi\u00f3 de su \u00faltimo \u2018rollo\u2019 con <strong>Navarra <\/strong>en la temporada de su despedida. Un \u2018amor\u2019 que tuvo como pareja a <strong>Enrollado<\/strong>, y que amenaz\u00f3 con durar lo mismo que un l\u00edo en el albor de una noche de verano despu\u00e9s de un puyazo m\u00e1s largo que la suma de los tres que recibieron sus hermanos.<\/p>\n<p>Un rejonazo que raj\u00f3 el \u00edmpetu del bragado de <strong>Luis Algarra<\/strong> -ganader\u00eda que sustituy\u00f3 a la original de Ojail\u00e9n-, al que el maestro lance\u00f3 con gusto antes de hilvanar una faena pulcra y suave, sin demasiadas apreturas, en la que mantuvo la figura bien compuesta a los sones de Rag\u00f3n Falez, interpretados por la <strong>Banda de M\u00fasica de Cintru\u00e9nigo<\/strong>, lo mejor de la tarde.<\/p>\n<p>Una faena que el torero remat\u00f3 con habilidad para recibir <strong>dos excesivas orejas<\/strong> y despedirse reverenci\u00e1ndose ante el p\u00fablico navarro, que mostr\u00f3 expectaci\u00f3n, le trat\u00f3 con mucho cari\u00f1o y del que se despidi\u00f3 a hombros.<\/p>\n<p>Lo hizo junto al novillero sin caballos local <strong>Aar\u00f3n Navas<\/strong>, que demostr\u00f3 ilusi\u00f3n y cort\u00f3 <strong>dos orejas <\/strong>a su primer eral de Guadalest. A pie sali\u00f3 <strong>El Payo<\/strong>, que puso el mejor toreo pero anduvo romo con la espada.<\/p>\n<p>Todo lo contrario que Cayetano, objeto de una<strong> multitud de fotos, aut\u00f3grafos y halagos<\/strong>. Recibi\u00f3 en primer turno a Melenudo, con las cuatro hierbas reci\u00e9n comidas en este mes, como todos sus hermanos, justito y que tambi\u00e9n amenaz\u00f3 con durar un suspiro. Inv\u00e1lido y sin fuelle, clav\u00f3 pitones en el saludo, aterriz\u00f3 tras el tr\u00e1mite caballeril, y amenaz\u00f3 con rendirse a la salida del segundo par de banderillas. Ante esto, Cayetano hizo una labor de enfermero y el toro, no obstante, se recompuso antes de recibir un espadazo que le vali\u00f3 una orejita cari\u00f1osa tras petici\u00f3n minoritaria.<\/p>\n<p><strong>AAR\u00d3N NAVAS, EL OTRO TRIUNFADOR<\/strong><\/p>\n<p>Aar\u00f3n jugaba en casa, y se not\u00f3. Primero cuaj\u00f3 a un Flamenco, de Guadalest, con recorrido, transmisi\u00f3n y que recibi\u00f3 merecidos aplausos en su despedida. En su recibo, Navas le puso gusto ante el bravuc\u00f3n.<\/p>\n<p>Tras brindar a <strong>su emocionado abuelo, Juan Chivite<\/strong>, inici\u00f3 por doblones una faena voluntariosa con la figura bien compuesta, a pesar de que su altura es un h\u00e1ndicap. Luego se gust\u00f3 al natural ante un p\u00fablico entregado en una larga faena que concluy\u00f3 con una estocada que hizo guardia, lo que no calm\u00f3 al p\u00fablico, que, incluso, pidi\u00f3 el rabo en una faena tras la que recibi\u00f3 la felicitaci\u00f3n de Cayetano.<\/p>\n<p>Su segundo fue Curandero, un eral m\u00e1s fino y abierto de pitones que fue rebrincado, mir\u00f3n y protest\u00f3n, y se le col\u00f3 en numerosas ocasiones. Pese a ello, mantuvo la compostura hasta que lleg\u00f3 la espada, donde se atasc\u00f3 y recibi\u00f3 un aviso.<\/p>\n<p><strong>EL MEJOR TOREO, DEL PAYO<\/strong><\/p>\n<p>El Payo, apoderado por el empresario, Enrique Luj\u00e1n, dej\u00f3 los detalles m\u00e1s finos y toreros, aunque algo despegado. Primero con <strong>Relojero<\/strong>, un bravito casta\u00f1o que atropell\u00f3 las tablas de inicio. Tir\u00f3 de elegancia y clase en unas ver\u00f3nicas que terminaron con un enganch\u00f3n del que se repuso con una chicuelinas.<\/p>\n<p>Con la muleta, El Payo empez\u00f3 con la izquierda en los medios logrando pasajes estimables y alguna notable tanda con la derecha, aunque algo desajustado y, tambi\u00e9n, desconfiado, por lo que no termin\u00f3 de exprimir al animal.<strong> Tampoco anduvo fino a espadas.<\/strong>\n<\/p>\n<p>Con <strong>Olivero<\/strong>, m\u00e1s bajito, llegar\u00eda lo mejor. Lo capote\u00f3 con gusto, con la figura erguida y quit\u00f3 elegante despu\u00e9s del \u2018picotazo\u2019 en el caballo. Pas\u00f3 las banderillas con dos pares y El Payo brind\u00f3 al p\u00fablico, animado, antes de iniciar con suavidad la faena en los medios. Tirando algo del pico, pero hilvanando una labor limpia ante un toro que daba poco de s\u00ed. Con series cortas y poco exigentes, Olivero iba a trompicones y la faena perdi\u00f3 algo de vuelo. Pero termin\u00f3 recuper\u00e1ndolo al final con pasajes estimables que calentaron a un p\u00fablico que se volvi\u00f3 a enfriar con la espada, a la que maldijo antes de despedirse con una ovacionada vuelta al ruedo.<\/p>\n<p><strong>GANADO<\/strong><\/p>\n<p>4 toros de Luis Algarra Polera de lidia ordinaria (1\u00ba, 2\u00ba, 4\u00ba y 5\u00ba) desiguales de presentaci\u00f3n y juego, aunque flojos en general; y 2 erales de Guadalest para el novillero sin caballos Aar\u00f3n Navas (3\u00ba y 6\u00ba) justos de presentaci\u00f3n y de juego desigual.<\/p>\n<p><strong>TOREROS<\/strong><\/p>\n<p>Cayetano, oreja y dos oreja.<\/p>\n<p>El Payo, silencio y vuelta tras aviso.<\/p>\n<p>Aar\u00f3n Navas, dos orejas con petici\u00f3n de rabo y silencio tras aviso.<\/p>\n<p><strong>INCIDENCIAS<\/strong><\/p>\n<p>Plaza de Toros de Cintru\u00e9nigo. Dos tercios de entrada. El Payo le brind\u00f3 el 2\u00ba toro a Cayetano, y \u00e9ste le devolvi\u00f3 el brindis en el 4\u00ba. Aar\u00f3n Navas brind\u00f3 el primer eral a su abuelo, Juan Chivite. Cayetano y Aar\u00f3n Navas, que hicieron el pase\u00edllo desmonterados, salieron a hombros.<\/p>\n","protected":false},"excerpt":{"rendered":"A las 19:25 horas de una apacible tarde veraniega, Cayetano se despidi\u00f3 de su \u00faltimo \u2018rollo\u2019 con Navarra&hellip;\n","protected":false},"author":2,"featured_media":113056,"comment_status":"","ping_status":"","sticky":false,"template":"","format":"standard","meta":{"footnotes":""},"categories":[277],"tags":[373,4812,168,158,25,24,708,38330,23,167,374,3667],"class_list":{"0":"post-113055","1":"post","2":"type-post","3":"status-publish","4":"format-standard","5":"has-post-thumbnail","7":"category-toreo","8":"tag-bullfighting","9":"tag-cayetano","10":"tag-deportes","11":"tag-el","12":"tag-es","13":"tag-espana","14":"tag-navarra","15":"tag-rollo","16":"tag-spain","17":"tag-sports","18":"tag-toreo","19":"tag-ultimo"},"share_on_mastodon":{"url":"","error":""},"_links":{"self":[{"href":"https:\/\/www.europesays.com\/es\/wp-json\/wp\/v2\/posts\/113055","targetHints":{"allow":["GET"]}}],"collection":[{"href":"https:\/\/www.europesays.com\/es\/wp-json\/wp\/v2\/posts"}],"about":[{"href":"https:\/\/www.europesays.com\/es\/wp-json\/wp\/v2\/types\/post"}],"author":[{"embeddable":true,"href":"https:\/\/www.europesays.com\/es\/wp-json\/wp\/v2\/users\/2"}],"replies":[{"embeddable":true,"href":"https:\/\/www.europesays.com\/es\/wp-json\/wp\/v2\/comments?post=113055"}],"version-history":[{"count":0,"href":"https:\/\/www.europesays.com\/es\/wp-json\/wp\/v2\/posts\/113055\/revisions"}],"wp:featuredmedia":[{"embeddable":true,"href":"https:\/\/www.europesays.com\/es\/wp-json\/wp\/v2\/media\/113056"}],"wp:attachment":[{"href":"https:\/\/www.europesays.com\/es\/wp-json\/wp\/v2\/media?parent=113055"}],"wp:term":[{"taxonomy":"category","embeddable":true,"href":"https:\/\/www.europesays.com\/es\/wp-json\/wp\/v2\/categories?post=113055"},{"taxonomy":"post_tag","embeddable":true,"href":"https:\/\/www.europesays.com\/es\/wp-json\/wp\/v2\/tags?post=113055"}],"curies":[{"name":"wp","href":"https:\/\/api.w.org\/{rel}","templated":true}]}}