{"id":113059,"date":"2025-09-13T21:37:08","date_gmt":"2025-09-13T21:37:08","guid":{"rendered":"https:\/\/www.europesays.com\/es\/113059\/"},"modified":"2025-09-13T21:37:08","modified_gmt":"2025-09-13T21:37:08","slug":"resultados-on-line-copa-alianza-centro-madrid-castilla-y-leon-campeonato-abierto-sub-18-2025-federacion-de-golf-de-castilla-y-leon","status":"publish","type":"post","link":"https:\/\/www.europesays.com\/es\/113059\/","title":{"rendered":"RESULTADOS ON LINE \u2013 Copa Alianza Centro Madrid \u2013 Castilla y Le\u00f3n, Campeonato Abierto Sub 18 2025 \u2013 Federaci\u00f3n de Golf de Castilla y Le\u00f3n"},"content":{"rendered":"<p>\t\t\t\t\t\t<a href=\"https:\/\/fgolfcyl.org\/2025\/09\/13\/listado-de-participantes-puntuable-acceso-campeonatos-de-espana-infantil-y-alevin-2026-y-ranking-eleccion-equipo-de-cyl-sub-14-2025-en-la-valmuza\/\" rel=\"nofollow noopener\" target=\"_blank\">&#13;<br \/>\n\t\t\t\t\t\t\t\t\t <img decoding=\"async\" src=\"https:\/\/www.europesays.com\/es\/wp-content\/uploads\/2025\/09\/puntuable-acceso-cto-espana-infantil-2025.jpeg\" alt=\"RESULTADOS \u2013 Puntuable Acceso Campeonatos de Espa\u00f1a Infantil y Alev\u00edn 2026 y Ranking elecci\u00f3n equipo de CyL Sub 14 2025 en La Valmuza\"\/>&#13;<br \/>\n\t\t\t\t\t\t\t<\/a><\/p>\n<p>\t\tRESULTADOS \u2013 Puntuable Acceso Campeonatos de Espa\u00f1a Infantil y Alev\u00edn 2026 y Ranking elecci\u00f3n equipo de CyL Sub 14 2025 en La Valmuza <\/p>\n<p>El recorrido salmantino de La Valmuza ha acogido un Puntuable de Acceso a los Campeonatos de Espa\u00f1a Sub 16, Infantil y Alev\u00edn 2026, as\u00ed como un Puntuable para el Ranking\u2026<\/p>\n","protected":false},"excerpt":{"rendered":"&#13; &#13; RESULTADOS \u2013 Puntuable Acceso Campeonatos de Espa\u00f1a Infantil y Alev\u00edn 2026 y Ranking elecci\u00f3n equipo de&hellip;\n","protected":false},"author":2,"featured_media":113060,"comment_status":"","ping_status":"","sticky":false,"template":"","format":"standard","meta":{"footnotes":""},"categories":[275],"tags":[168,25,24,329,23,167],"class_list":{"0":"post-113059","1":"post","2":"type-post","3":"status-publish","4":"format-standard","5":"has-post-thumbnail","7":"category-golf","8":"tag-deportes","9":"tag-es","10":"tag-espana","11":"tag-golf","12":"tag-spain","13":"tag-sports"},"share_on_mastodon":{"url":"","error":""},"_links":{"self":[{"href":"https:\/\/www.europesays.com\/es\/wp-json\/wp\/v2\/posts\/113059","targetHints":{"allow":["GET"]}}],"collection":[{"href":"https:\/\/www.europesays.com\/es\/wp-json\/wp\/v2\/posts"}],"about":[{"href":"https:\/\/www.europesays.com\/es\/wp-json\/wp\/v2\/types\/post"}],"author":[{"embeddable":true,"href":"https:\/\/www.europesays.com\/es\/wp-json\/wp\/v2\/users\/2"}],"replies":[{"embeddable":true,"href":"https:\/\/www.europesays.com\/es\/wp-json\/wp\/v2\/comments?post=113059"}],"version-history":[{"count":0,"href":"https:\/\/www.europesays.com\/es\/wp-json\/wp\/v2\/posts\/113059\/revisions"}],"wp:featuredmedia":[{"embeddable":true,"href":"https:\/\/www.europesays.com\/es\/wp-json\/wp\/v2\/media\/113060"}],"wp:attachment":[{"href":"https:\/\/www.europesays.com\/es\/wp-json\/wp\/v2\/media?parent=113059"}],"wp:term":[{"taxonomy":"category","embeddable":true,"href":"https:\/\/www.europesays.com\/es\/wp-json\/wp\/v2\/categories?post=113059"},{"taxonomy":"post_tag","embeddable":true,"href":"https:\/\/www.europesays.com\/es\/wp-json\/wp\/v2\/tags?post=113059"}],"curies":[{"name":"wp","href":"https:\/\/api.w.org\/{rel}","templated":true}]}}