{"id":113061,"date":"2025-09-13T21:38:11","date_gmt":"2025-09-13T21:38:11","guid":{"rendered":"https:\/\/www.europesays.com\/es\/113061\/"},"modified":"2025-09-13T21:38:11","modified_gmt":"2025-09-13T21:38:11","slug":"marbella-es-danesa-y-espana-se-ve-contra-las-cuerdas-en-la-copa-davis","status":"publish","type":"post","link":"https:\/\/www.europesays.com\/es\/113061\/","title":{"rendered":"Marbella es danesa, y Espa\u00f1a se ve contra las cuerdas en la Copa Davis"},"content":{"rendered":"<p>Bajo un calor sofocante, con muchos daneses en la pista Manolo Santana, Espa\u00f1a est\u00e1 contra las cuerdas en su eliminatoria de segunda ronda de los  &#8230; Qualifiers ante Dinamarca, en la antesala de la Final a 8. El cero a dos, despu\u00e9s de las victorias de las derrotas de Pablo Carre\u00f1o (123\u00ba) ante Holger Rune (11\u00ba) y de Jaume Munar (37\u00ba) contra Elmer Moller (112\u00ba) apelan s\u00f3lo a un milagro deportivo para pensar en la remontada, que pasan por ganar las tres citas de este domingo, en una de ellas con Rune en un partido de individuales.<\/p>\n<p><a href=\"http:\/\/www.diariosur.es\/deportes\/tenis\/copa-davis\/homenaje-protagonistas-primera-ensaladera-tenis-copadavis-20250913224140-nt.html#vtm_modulosEngag=mod-rel:deportes:noticia:1:cmp:1-not\" class=\"v-a-link\" aria-label=\"Imagen\" rel=\"nofollow noopener\" target=\"_blank\"><\/p>\n<p><img decoding=\"async\" loading=\"lazy\" src=\"https:\/\/www.europesays.com\/es\/wp-content\/uploads\/2025\/09\/homenaje-U30574544161rFh-366x256@Diario Sur.jpg\" class=\"v-a-img\" width=\"258\" height=\"180\" alt=\"\" data-voc-vtm-id=\"in-text-traffic\"\/><\/p>\n<p><\/a><\/p>\n<p class=\"v-p\">Frente a los nubarrones por la derrota en dos mangas de Pablo Carre\u00f1o (5-7 y 3-6, en 1 hora y 39 minutos), Jaume Munar sal\u00eda a la pista para tratar de devolver la normalidad la serie. Derriti\u00f3 al poco ortodoxo Elmer Moller (113\u00ba), con un apabullante 6-2 en el primer set, despu\u00e9s de un comienzo con mucha m\u00e1s decisi\u00f3n del dan\u00e9s.<\/p>\n<p>Jaume Munar (37\u00ba) pierde ante Elmer Moller, por 6-2, 1-6 y 4-6, en 2 horas y 34 minutos<\/p>\n<ul class=\"v-u\">\n<li class=\"v-u__l\">\n<p class=\"v-p\">\n&#8216;Aces&#8217;:<br \/>\n1\/1\n<\/p>\n<\/li>\n<li class=\"v-u__l\">\n<p class=\"v-p\">\nDobles faltas:<br \/>\n4\/4\n<\/p>\n<\/li>\n<li class=\"v-u__l\">\n<p class=\"v-p\">\nPrimeros servicios dentro:<br \/>\n56\/66%\n<\/p>\n<\/li>\n<li class=\"v-u__l\">\n<p class=\"v-p\">\nPuntos ganados con primer saque:<br \/>\n55\/58%\n<\/p>\n<\/li>\n<li class=\"v-u__l\">\n<p class=\"v-p\">\nPuntos ganados con segundo saque:<br \/>\n39\/45%\n<\/p>\n<\/li>\n<li class=\"v-u__l\">\n<p class=\"v-p\">\nPuntos de &#8216;break&#8217; convertidos:<br \/>\n6-13\/7-10\n<\/p>\n<\/li>\n<li class=\"v-u__l\">\n<p class=\"v-p\">\nTotal de puntos ganados:<br \/>\n75\/85\n<\/p>\n<\/li>\n<\/ul>\n<p class=\"v-p\">Fue apenas un espejismo. El balear encadeno seis juegos y tuvo tres &#8216;break points&#8217; en el primer juego de la segunda manga, pero fue entonces cuando el partido gir\u00f3 definitivamente a favor de Moller, con su r\u00e1pido giro de hombros y, sobre todo, un golpe dominante, el rev\u00e9s cruzado con apoyos. Palo tras palo, con m\u00e1s aciertos que errores, con su rival jugando muy lejos de la l\u00ednea, haci\u00e9ndole da\u00f1o sobre su segundo saque, se comi\u00f3 al espa\u00f1ol, que le dej\u00f3 mucha iniciativa.<\/p>\n<p class=\"v-p\">Del 6-2 al 1-6 y un tercer set que estuvo m\u00e1s igualado. Pero cuando se esperaba que Munar impusiera su experiencia, su jerarqu\u00eda, porque no hay que olvidar que est\u00e1 en el mejor punto de su carrera por &#8216;ranking&#8217;y resultados, no lo logr\u00f3.<\/p>\n<p><img decoding=\"async\" loading=\"lazy\" src=\"https:\/\/www.europesays.com\/es\/wp-content\/uploads\/2025\/09\/sudor-U72878086085dWA-650x455@Diario Sur.jpg\" class=\"v-a-img\" width=\"650\" height=\"455\" alt=\"Jaume Munar, concentrado en un saque.\" data-voc-vtm-id=\"in-text-traffic\"\/><\/p>\n<p>Jaume Munar, concentrado en un saque.<\/p>\n<p>EFE<\/p>\n<p><img loading=\"lazy\" decoding=\"async\" src=\"https:\/\/www.europesays.com\/es\/wp-content\/uploads\/2025\/09\/sudor-U72878086085dWA-650x455@Diario Sur.jpg\" class=\"v-mdl__img-z\" width=\"650\" height=\"455\" alt=\"\"\/><\/p>\n<p class=\"v-p\">Moller, que gan\u00f3 los Challengers de Iasi y Oeiras ese curso y esta a punto de acceder al &#8216;top 100&#8217;, es de la edad de Rune y de Alcaraz, del que recuerda con orgullo que lo gan\u00f3 con 12 a\u00f1os, y su tenis de lenta irrupci\u00f3n, va camino de lograr ese objetivo. En el momento clave, con 4-4, logr\u00f3 el quiebre definitivo instantes despu\u00e9s de unos s\u00edntomas de calambres, pero cerr\u00f3 a su favor la batalla.<\/p>\n<p class=\"v-p\">Antes el primer punto de la eliminatoria en Puente Romano (Marbella) tampoco se qued\u00f3 en casa. Con cierto suspense durante los primeros tres cuartos de hora de partido, pero Holger Rune (11\u00ba del ATP Ranking) fue un examen demasiado exigente para una buena versi\u00f3n de Pablo Carre\u00f1o (123\u00ba), un &#8216;top 20&#8217; mundial hasta el verano de 2023, antes de permanecer de baja casi un a\u00f1o (en dos tramos prolongados de 2023 y 2024) para recuperarse de una lesi\u00f3n de codo.<\/p>\n<p><img decoding=\"async\" loading=\"lazy\" src=\"https:\/\/www.europesays.com\/es\/wp-content\/uploads\/2025\/09\/ensuspen-U33634347257zWj-650x455@Diario Sur.jpg\" class=\"v-a-img\" width=\"650\" height=\"455\" alt=\"Holger Rune suelta la derecha en suspensi\u00f3n ante Pablo Carre\u00f1o.\" data-voc-vtm-id=\"in-text-traffic\"\/><\/p>\n<p>Holger Rune suelta la derecha en suspensi\u00f3n ante Pablo Carre\u00f1o.<\/p>\n<p>EP<\/p>\n<p><img loading=\"lazy\" decoding=\"async\" src=\"https:\/\/www.europesays.com\/es\/wp-content\/uploads\/2025\/09\/ensuspen-U33634347257zWj-650x455@Diario Sur.jpg\" class=\"v-mdl__img-z\" width=\"650\" height=\"455\" alt=\"\"\/><\/p>\n<p class=\"v-p\">Desde entonces Carre\u00f1o, a sus 34 a\u00f1os, ha dejado de ser aquel Carre\u00f1o, &#8216;top ten&#8217; incluso en 2017. El 5-7 y 3-6 final (en una hora y 39 minutos) solo indica que no fue un triunfo pl\u00e1cido, pero poco m\u00e1s. Ferrer se decant\u00f3 para torear en la apertura de la eliminatoria confiado en su experiencia y aplomo. Ten\u00eda grandes recuerdos de Puente Romano, donde gan\u00f3 en 2020 aquel ATP 250 auspiciado por la Junta de Andaluc\u00eda y AnyTech 365, que no tuvo continuidad, y hab\u00eda estado ya la semana previa prepar\u00e1ndose en tierra en el Challenger de Sevilla (derrota en cuartos ante Lajovic), pero fuera del &#8216;top 100&#8217; ya en los \u00faltimos meses, Rune era demasiado toro, m\u00e1s all\u00e1 de ese enga\u00f1oso 3-1 en el cara a cara, porque el \u00faltimo duelo, m\u00e1s parecido a las circunstancias actuales, fue un 6-1 y 6-3.<\/p>\n<p class=\"v-p\">Lo mejor de Carre\u00f1o se vio en los primeros minutos. Amenaz\u00f3 de salida con 0-40 a Rune en el primer juego, pero no fue ah\u00ed, sino en el siguiene turno al resto, pese a un 40-15 cuando logr\u00f3 el &#8216;break&#8217;. El dan\u00e9s sinti\u00f3 que ten\u00eda que dar un punto m\u00e1s de agresividad, y arriesg\u00f3 con puntos m\u00e1s cortos y jugando incluso resto-red, e igual\u00f3 el choque y se fue arriba cuando presionaba con 6-5 sobre el saque del espa\u00f1ol. Oli\u00f3 la sangre y quebr\u00f3 para dominar el primer set en 57 minutos, con un 22-13 en &#8216;winners&#8217;, lo que demostraba su iniciativa en el juego.<\/p>\n<p>Pablo Carre\u00f1o (123\u00ba) cae ante Holger Rune (11\u00ba) por 5-7 y 3-6, en 1 hora y 39 minutos<\/p>\n<ul class=\"v-u\">\n<li class=\"v-u__l\">\n<p class=\"v-p\">\n&#8216;Aces&#8217;:<br \/>\n2\/8\n<\/p>\n<\/li>\n<li class=\"v-u__l\">\n<p class=\"v-p\">\nDobles faltas:<br \/>\n2\/1\n<\/p>\n<\/li>\n<li class=\"v-u__l\">\n<p class=\"v-p\">\nPrimeros servicios dentro:<br \/>\n62\/55%\n<\/p>\n<\/li>\n<li class=\"v-u__l\">\n<p class=\"v-p\">\nPuntos ganador con primer saque:<br \/>\n69\/72%\n<\/p>\n<\/li>\n<li class=\"v-u__l\">\n<p class=\"v-p\">\nPuntos ganados con segund saque:<br \/>\n35\/55%\n<\/p>\n<\/li>\n<li class=\"v-u__l\">\n<p class=\"v-p\">\nPuntos de &#8216;break&#8217; convertidos:<br \/>\n2-5\/4-4\n<\/p>\n<\/li>\n<li class=\"v-u__l\">\n<p class=\"v-p\">\nTotal de puntos ganados:<br \/>\n52\/66\n<\/p>\n<\/li>\n<\/ul>\n<p class=\"v-p\">Rune encaden\u00f3 cinco juegos seguidos, al colocarse 3-0 en el segundo set despu\u00e9s de otro &#8216;break&#8217;. Tras una reacci\u00f3n de Carre\u00f1o, para poner el 3-3, volvi\u00f3 la presi\u00f3n de Rune para otro quiebre ya decisivo. Al espa\u00f1ol le ceg\u00f3 el sol (en una jornada t\u00f3rrida, frisando los 30 grados) en un &#8216;smash&#8217;, y tuvo mucho que ver en ese 3-5 y saque del de Gentofte para definir el choque con un turno en blanco al saque.<\/p>\n<p class=\"v-p\">La derrota espa\u00f1ola confirm\u00f3 una curiosa circunstancia, pese al peso que suele tener actuar como local en esta competici\u00f3n, eligiendo superficie. En las siete series de esta segunda ronda de los Qualifiers (antesala de la Final a 8, con Italia ya clasificada como anfitriona para el desenlace en Bolonia, del 18 al 23 de noviembre), todos los primeros partidos acabaron con victoria visitante, y en cinco de ellas con un cero a dos de salida. <\/p>\n<p><img decoding=\"async\" loading=\"lazy\" src=\"https:\/\/www.europesays.com\/es\/wp-content\/uploads\/2025\/09\/carren_20250913182314-U38165570578kqY-650x455@Diario Sur.jpg\" class=\"v-a-img\" width=\"650\" height=\"455\" alt=\"Pablo Carre\u00f1o, en un servicio.\" data-voc-vtm-id=\"in-text-traffic\"\/><\/p>\n<p>Pablo Carre\u00f1o, en un servicio.<\/p>\n<p>REUTERS<\/p>\n<p><img loading=\"lazy\" decoding=\"async\" src=\"https:\/\/www.europesays.com\/es\/wp-content\/uploads\/2025\/09\/carren_20250913182314-U38165570578kqY-650x455@Diario Sur.jpg\" class=\"v-mdl__img-z\" width=\"650\" height=\"455\" alt=\"\"\/><\/p>\n<p class=\"v-p\">Ahora Espa\u00f1a tiene que empezar ganando el punto de dobles, desde las 11.30 horas este domingo y, lo m\u00e1s dif\u00edcil, que Rune salga derrotado en el cuarto partido, previsiblemente ante Munar. S\u00f3lo entonces habr\u00eda quinto choque, m\u00e1s abierto. En todo caso, Espa\u00f1a no pierde en casa en la Copa Davis en tierra, la superficie m\u00e1s habitual de formaci\u00f3n de casi todos sus jugadores, desde 1999 (ante Brasil en L\u00e9rida).<\/p>\n","protected":false},"excerpt":{"rendered":"Bajo un calor sofocante, con muchos daneses en la pista Manolo Santana, Espa\u00f1a est\u00e1 contra las cuerdas en&hellip;\n","protected":false},"author":2,"featured_media":113062,"comment_status":"","ping_status":"","sticky":false,"template":"","format":"standard","meta":{"footnotes":""},"categories":[274],"tags":[3196,168,25,13621,24,2492,1718,17786,23,167,327,326,575,13472],"class_list":{"0":"post-113061","1":"post","2":"type-post","3":"status-publish","4":"format-standard","5":"has-post-thumbnail","7":"category-tenis","8":"tag-alto","9":"tag-deportes","10":"tag-es","11":"tag-espadas","12":"tag-espana","13":"tag-marbella","14":"tag-munar","15":"tag-rune","16":"tag-spain","17":"tag-sports","18":"tag-tenis","19":"tag-tennis","20":"tag-tras","21":"tag-victorias"},"share_on_mastodon":{"url":"","error":""},"_links":{"self":[{"href":"https:\/\/www.europesays.com\/es\/wp-json\/wp\/v2\/posts\/113061","targetHints":{"allow":["GET"]}}],"collection":[{"href":"https:\/\/www.europesays.com\/es\/wp-json\/wp\/v2\/posts"}],"about":[{"href":"https:\/\/www.europesays.com\/es\/wp-json\/wp\/v2\/types\/post"}],"author":[{"embeddable":true,"href":"https:\/\/www.europesays.com\/es\/wp-json\/wp\/v2\/users\/2"}],"replies":[{"embeddable":true,"href":"https:\/\/www.europesays.com\/es\/wp-json\/wp\/v2\/comments?post=113061"}],"version-history":[{"count":0,"href":"https:\/\/www.europesays.com\/es\/wp-json\/wp\/v2\/posts\/113061\/revisions"}],"wp:featuredmedia":[{"embeddable":true,"href":"https:\/\/www.europesays.com\/es\/wp-json\/wp\/v2\/media\/113062"}],"wp:attachment":[{"href":"https:\/\/www.europesays.com\/es\/wp-json\/wp\/v2\/media?parent=113061"}],"wp:term":[{"taxonomy":"category","embeddable":true,"href":"https:\/\/www.europesays.com\/es\/wp-json\/wp\/v2\/categories?post=113061"},{"taxonomy":"post_tag","embeddable":true,"href":"https:\/\/www.europesays.com\/es\/wp-json\/wp\/v2\/tags?post=113061"}],"curies":[{"name":"wp","href":"https:\/\/api.w.org\/{rel}","templated":true}]}}