{"id":113081,"date":"2025-09-13T21:52:07","date_gmt":"2025-09-13T21:52:07","guid":{"rendered":"https:\/\/www.europesays.com\/es\/113081\/"},"modified":"2025-09-13T21:52:07","modified_gmt":"2025-09-13T21:52:07","slug":"apple-presenta-el-iphone-17-con-un-nuevo-modelo-ultradelgado-y-precios-mas-altos","status":"publish","type":"post","link":"https:\/\/www.europesays.com\/es\/113081\/","title":{"rendered":"Apple presenta el iPhone 17 con un nuevo modelo ultradelgado y precios m\u00e1s altos"},"content":{"rendered":"\n<p>CUPERTINO, California, EE.UU.\u00a0\u2014\u00a0Apple present\u00f3 su pr\u00f3xima generaci\u00f3n de iPhones que incluye un nuevo modelo ultradelgado y un ligero aumento de precio para uno de sus modelos de alta gama, mientras la compa\u00f1\u00eda siente la presi\u00f3n de una guerra comercial global.<\/p>\n<p>La l\u00ednea de iPhone 17 incluye un nuevo modelo m\u00e1s delgado que adoptar\u00e1 el nombre \u201cAir\u201d que Apple ya utiliza para sus iPads y computadoras Mac m\u00e1s estilizadas. En lo que se ha convertido en un rito anual para Apple, los cuatro nuevos modelos de iPhone 17 contar\u00e1n con mejores c\u00e1maras y bater\u00edas de mayor duraci\u00f3n que la l\u00ednea del a\u00f1o pasado. Todos los iPhone 17 tendr\u00e1n al menos 256 gigabytes de almacenamiento, duplicando la cantidad m\u00ednima de la generaci\u00f3n anterior.<\/p>\n<p>\u201cEstamos elevando el est\u00e1ndar nuevamente\u201d, afirm\u00f3 Tim Cook, el CEO de Apple, ante una multitud reunida en un auditorio nombrado en honor al difunto cofundador de la compa\u00f1\u00eda, Steve Jobs, ubicado en sus instalaciones de Cupertino, California:<\/p>\n<p>Los nuevos iPhones son los primeros en ser lanzados desde que el presidente Donald Trump regres\u00f3 a la Casa Blanca y desat\u00f3 una serie de aranceles, en lo que, seg\u00fan su gobierno, es un intento de hacer que la fabricaci\u00f3n extranjera vuelva a Estados Unidos, una cruzada que ha puesto a Cook en el centro de atenci\u00f3n.<\/p>\n<p>Se espera que todos los modelos de iPhone 17 sigan siendo fabricados en los centros de manufactura de Apple en China e India, exponi\u00e9ndolos a algunos de los aranceles de Trump.<\/p>\n<p>Los analistas creen que los grav\u00e1menes adicionales a los iPhones que ingresan a Estados Unidos aumentan la presi\u00f3n sobre Apple para subir los precios y as\u00ed proteger sus m\u00e1rgenes de ganancia de su producto m\u00e1s emblem\u00e1tico.<\/p>\n<p>Sin dar una raz\u00f3n espec\u00edfica, Apple cobrar\u00e1 1.100 d\u00f3lares por el iPhone 17 Pro, un aumento de 100 d\u00f3lares, equivalente al 10%, respecto a las versiones anteriores de ese modelo. El iPhone Air tendr\u00e1 un costo inicial de 1.000 d\u00f3lares, el precio del iPhone 16 Pro del a\u00f1o pasado.<\/p>\n<p>Apple mantiene el mismo precio inicial para el iPhone 17 b\u00e1sico en 800 d\u00f3lares y el iPhone 17 Pro Max en 1.200.<\/p>\n<p>Los cuatro modelos estar\u00e1n en las tiendas el 19 de septiembre.<\/p>\n<p>El precio de las acciones de Apple cay\u00f3 casi un 2% en las operaciones del martes por la tarde.<\/p>\n<p>En una medida dirigida a la cultura de las selfies, los modelos de iPhone 17 contar\u00e1n con una c\u00e1mara frontal con m\u00e1s megap\u00edxeles para fotos m\u00e1s n\u00edtidas. Dicha c\u00e1mara tambi\u00e9n tendr\u00e1 una opci\u00f3n llamada \u201cCenter Stage\u201d (Escenario central) que aprovechar\u00e1 una vista de campo m\u00e1s amplia y un nuevo sensor que permitir\u00e1 que los usuarios tomen fotos en formato horizontal sin tener que girar el iPhone.<\/p>\n<p>Aunque la mayor\u00eda de las mejoras del iPhone 17 son similares a los perfeccionamientos incrementales de los \u00faltimos a\u00f1os, Apple parece haber hecho lo suficiente para \u201cincorporar una sensaci\u00f3n de novedad al iPhone, que ha permanecido igual durante demasiado tiempo\u201d, dijo el analista de PP Foresight, Paolo Pescatore.<\/p>\n<p>Aunque el iPhone 16 lanzado el a\u00f1o pasado tuvo un desempe\u00f1o razonablemente bueno, los modelos no se vendieron tan bien como los analistas hab\u00edan anticipado porque Apple no logr\u00f3 cumplir con todas las funciones de inteligencia artificial que hab\u00eda prometido, incluyendo un asistente Siri m\u00e1s inteligente y vers\u00e1til. Las mejoras de Siri se han pospuesto hasta el pr\u00f3ximo a\u00f1o.<\/p>\n<p>La guerra comercial global ha agravado los desaf\u00edos de Apple.<\/p>\n<p>Trump y el secretario de Comercio de Estados Unidos, Howard Lutnick, han insistido repetidamente en que los iPhones se fabriquen en Estados Unidos y no en el extranjero. Es una demanda poco realista cuya implementaci\u00f3n, seg\u00fan los analistas, tomar\u00eda a\u00f1os y har\u00eda que el precio promedio actual del iPhone, de alrededor de 1.000 d\u00f3lares, se duplicara o incluso se triplicara.<\/p>\n<p>Cook intent\u00f3 apaciguar a Trump comprometi\u00e9ndose inicialmente a que Apple invertir\u00eda 500.000 millones de d\u00f3lares en Estados Unidos durante los pr\u00f3ximos cuatro a\u00f1os, y luego aument\u00f3 la apuesta el mes pasado al agregar otros 100.000 millones al compromiso. Tambi\u00e9n le regal\u00f3 a Trump una estatua con una base de oro de 24 quilates.<\/p>\n<p>Ese tipo de diplomacia ha ayudado a aislar a Apple de los aranceles m\u00e1s severos de Trump. Sin embargo, dado que los iPhones que se importan a Estados Unidos todav\u00eda enfrentan aranceles de alrededor del 25%, algunos analistas especularon que la compa\u00f1\u00eda aumentar\u00eda los precios para ayudar a preservar sus amplios m\u00e1rgenes de ganancia. Pero en su mayor parte, Apple, e incluso rivales como Google, mantienen los mismos precios que han puesto en sus iPhones m\u00e1s nuevos en los \u00faltimos a\u00f1os.<\/p>\n<p>Aunque el precio de las acciones de Apple ha bajado un 4% en lo que va del a\u00f1o, se han recuperado en los \u00faltimos meses en medio de se\u00f1ales de que la empresa no ser\u00e1 tan afectada por los aranceles como se tem\u00eda, y un fallo judicial muy esperado despej\u00f3 el camino para que la compa\u00f1\u00eda contin\u00fae recibiendo 20.000 millones de d\u00f3lares anuales para garantizar que el motor de b\u00fasqueda de Google sea la opci\u00f3n predeterminada en los iPhones.<\/p>\n","protected":false},"excerpt":{"rendered":"CUPERTINO, California, EE.UU.\u00a0\u2014\u00a0Apple present\u00f3 su pr\u00f3xima generaci\u00f3n de iPhones que incluye un nuevo modelo ultradelgado y un ligero&hellip;\n","protected":false},"author":2,"featured_media":113082,"comment_status":"","ping_status":"","sticky":false,"template":"","format":"standard","meta":{"footnotes":""},"categories":[81],"tags":[10633,1611,2823,7814,119,123,124,4340,7988,25,24,629,19676,16172,2822,38340,5101,3282,11671,117,121,122,23,118,120,936],"class_list":{"0":"post-113081","1":"post","2":"type-post","3":"status-publish","4":"format-standard","5":"has-post-thumbnail","7":"category-ciencia-y-tecnologia","8":"tag-analista","9":"tag-ano","10":"tag-apple","11":"tag-arancel","12":"tag-ciencia","13":"tag-ciencia-y-tecnologia","14":"tag-cienciaytecnologia","15":"tag-compania","16":"tag-dolares","17":"tag-es","18":"tag-espana","19":"tag-estados-unidos","20":"tag-foto","21":"tag-iphon","22":"tag-iphone","23":"tag-nuevo-modelo","24":"tag-pasado","25":"tag-precio","26":"tag-pro","27":"tag-science","28":"tag-science-and-technology","29":"tag-scienceandtechnology","30":"tag-spain","31":"tag-technology","32":"tag-tecnologia","33":"tag-trump"},"share_on_mastodon":{"url":"","error":""},"_links":{"self":[{"href":"https:\/\/www.europesays.com\/es\/wp-json\/wp\/v2\/posts\/113081","targetHints":{"allow":["GET"]}}],"collection":[{"href":"https:\/\/www.europesays.com\/es\/wp-json\/wp\/v2\/posts"}],"about":[{"href":"https:\/\/www.europesays.com\/es\/wp-json\/wp\/v2\/types\/post"}],"author":[{"embeddable":true,"href":"https:\/\/www.europesays.com\/es\/wp-json\/wp\/v2\/users\/2"}],"replies":[{"embeddable":true,"href":"https:\/\/www.europesays.com\/es\/wp-json\/wp\/v2\/comments?post=113081"}],"version-history":[{"count":0,"href":"https:\/\/www.europesays.com\/es\/wp-json\/wp\/v2\/posts\/113081\/revisions"}],"wp:featuredmedia":[{"embeddable":true,"href":"https:\/\/www.europesays.com\/es\/wp-json\/wp\/v2\/media\/113082"}],"wp:attachment":[{"href":"https:\/\/www.europesays.com\/es\/wp-json\/wp\/v2\/media?parent=113081"}],"wp:term":[{"taxonomy":"category","embeddable":true,"href":"https:\/\/www.europesays.com\/es\/wp-json\/wp\/v2\/categories?post=113081"},{"taxonomy":"post_tag","embeddable":true,"href":"https:\/\/www.europesays.com\/es\/wp-json\/wp\/v2\/tags?post=113081"}],"curies":[{"name":"wp","href":"https:\/\/api.w.org\/{rel}","templated":true}]}}