{"id":113093,"date":"2025-09-13T21:58:09","date_gmt":"2025-09-13T21:58:09","guid":{"rendered":"https:\/\/www.europesays.com\/es\/113093\/"},"modified":"2025-09-13T21:58:09","modified_gmt":"2025-09-13T21:58:09","slug":"los-tres-matadores-a-hombros-en-la-feria-de-utiel","status":"publish","type":"post","link":"https:\/\/www.europesays.com\/es\/113093\/","title":{"rendered":"Los tres matadores a hombros en la feria de Utiel"},"content":{"rendered":"<p>Buen ambiente y media entrada en la corrida de toros de la feria de Utiel en la que los tres matadores, Fandi, Escribano y Colombo,  &#8230; acabaron saliendo a hombros tras desorejar a todos los toros de una noble corrida de Castillejo de Huebra. Los seis toros fueron banderilleados por los matadores entre el contento general. Destacada fue la actuaci\u00f3n en el cap\u00edtulo final del festejo del joven alumno de la escuela de Valencia, Jorge Escamilla, en informaci\u00f3n de Ram\u00edrez y Carbonell. El chico entusiasmo desde que se abri\u00f3 de capa. Cuaj\u00f3 una apasionada faena en la que lo dio todo ante un p\u00fablico entregado sin reservas. Hubo toreo cl\u00e1sico, toreo arrebujado y mucha ilusi\u00f3n. Mat\u00f3 de una buena estocada y fue premiado con los m\u00e1ximos trofeos, dos orejas y rabo y dej\u00f3 la sensaci\u00f3n de que Utiel tiene torero.<\/p>\n<p class=\"v-p\">El Fandi en su primero, muy noble como pr\u00e1cticamente todos sus hermanos, se luci\u00f3 en un quite por chicuelinas y en un par de naturales de buen estilo. Tras estocada improvisada fue premiado con una oreja. En su segundo, toro con la misma nobleza que sus hermanos pero con m\u00e1s bravura, tras entusiasmar en banderillas le hizo el toreo con largura y sometimiento hasta que se raj\u00f3 el oponente. La concedieron una oreja y hubo una fuerte petici\u00f3n de la segunda que no fue atendida.<\/p>\n<p class=\"v-p\">Manuel Escribano, al que dedicaron una saeta desde el tendido, le cuaj\u00f3 dos tandas de naturales al segundo de la tarde como momento cenit de su faena ante un toro noble y abrochado de cuerna. Remat\u00f3 su quehacer de un contundente espadazo ca\u00eddo. Muy noble el quinto, el matador se mostr\u00f3 muy confiado, tanto que acab\u00f3 sufriendo una voltereta. Tras un pinchazo y estocada baja fue premiado con oreja.<\/p>\n<p class=\"v-p\">Colombo, hizo faena con tintes espectaculares en su primero al que cit\u00f3 de lejos y acab\u00f3 luci\u00e9ndose a media altura. Pinchazo, estocada y oreja al esport\u00f3n. Un doble trofeo arranc\u00f3 del sexto por otro trasteo de mucha conexi\u00f3n que provoc\u00f3 fuertes ovaciones.<\/p>\n<p>Ficha<\/p>\n<p class=\"v-p\"> Seis toros y un novillo de Castillejo de Huebra nobles y muy toreables.<\/p>\n<p class=\"v-p\">Fandi, oreja y oreja con fuerte petici\u00f3n de la segunda.<\/p>\n<p class=\"v-p\">Manuel Escribano, oreja y oreja.<\/p>\n<p class=\"v-p\">Colombo, oreja y dos orejas.<\/p>\n<p class=\"v-p\">El becerrista Jorge Escamilla, dos orejas y rabo.<\/p>\n<p class=\"v-p\">Media plaza. Los tres cuatro espadas salieron en hombros.<\/p>\n","protected":false},"excerpt":{"rendered":"Buen ambiente y media entrada en la corrida de toros de la feria de Utiel en la que&hellip;\n","protected":false},"author":2,"featured_media":113094,"comment_status":"","ping_status":"","sticky":false,"template":"","format":"standard","meta":{"footnotes":""},"categories":[277],"tags":[373,168,25,24,599,11916,12723,23,167,374,603,4802],"class_list":{"0":"post-113093","1":"post","2":"type-post","3":"status-publish","4":"format-standard","5":"has-post-thumbnail","7":"category-toreo","8":"tag-bullfighting","9":"tag-deportes","10":"tag-es","11":"tag-espana","12":"tag-feria","13":"tag-hombros","14":"tag-matadores","15":"tag-spain","16":"tag-sports","17":"tag-toreo","18":"tag-tres","19":"tag-utiel"},"share_on_mastodon":{"url":"","error":""},"_links":{"self":[{"href":"https:\/\/www.europesays.com\/es\/wp-json\/wp\/v2\/posts\/113093","targetHints":{"allow":["GET"]}}],"collection":[{"href":"https:\/\/www.europesays.com\/es\/wp-json\/wp\/v2\/posts"}],"about":[{"href":"https:\/\/www.europesays.com\/es\/wp-json\/wp\/v2\/types\/post"}],"author":[{"embeddable":true,"href":"https:\/\/www.europesays.com\/es\/wp-json\/wp\/v2\/users\/2"}],"replies":[{"embeddable":true,"href":"https:\/\/www.europesays.com\/es\/wp-json\/wp\/v2\/comments?post=113093"}],"version-history":[{"count":0,"href":"https:\/\/www.europesays.com\/es\/wp-json\/wp\/v2\/posts\/113093\/revisions"}],"wp:featuredmedia":[{"embeddable":true,"href":"https:\/\/www.europesays.com\/es\/wp-json\/wp\/v2\/media\/113094"}],"wp:attachment":[{"href":"https:\/\/www.europesays.com\/es\/wp-json\/wp\/v2\/media?parent=113093"}],"wp:term":[{"taxonomy":"category","embeddable":true,"href":"https:\/\/www.europesays.com\/es\/wp-json\/wp\/v2\/categories?post=113093"},{"taxonomy":"post_tag","embeddable":true,"href":"https:\/\/www.europesays.com\/es\/wp-json\/wp\/v2\/tags?post=113093"}],"curies":[{"name":"wp","href":"https:\/\/api.w.org\/{rel}","templated":true}]}}