{"id":113097,"date":"2025-09-13T22:05:21","date_gmt":"2025-09-13T22:05:21","guid":{"rendered":"https:\/\/www.europesays.com\/es\/113097\/"},"modified":"2025-09-13T22:05:21","modified_gmt":"2025-09-13T22:05:21","slug":"premier-league-julian-alvarez-y-luis-diaz-el-fichaje-que-no-fue","status":"publish","type":"post","link":"https:\/\/www.europesays.com\/es\/113097\/","title":{"rendered":"Premier League | Juli\u00e1n \u00c1lvarez y Luis D\u00edaz: el fichaje que no fue"},"content":{"rendered":"<p class=\"ft-text\"><a class=\"ft-link ft-link--decoration\" href=\"https:\/\/www.sport.es\/es\/mercado-fichajes\/\" rel=\"nofollow noopener\" target=\"_blank\"><strong>El mercado de incorporaciones siempre es foco de noticias<\/strong><\/a>. Fichajes, rumores, negociaciones, trueques, presentaciones y frustraciones. Todo lo que ata\u00f1e al baile de camisetas despierta el inter\u00e9s del aficionado&#8230; y de la prensa, atenta a todo lo que rodea a los bazares veraniegos e invernales.<strong> Nombres ilusionantes que copan portadas, art\u00edculos, opiniones, debates televisivos y tertulias radiof\u00f3nicas<\/strong>.<\/p>\n<p class=\"ft-text\"><strong>Luis D\u00edaz y Juli\u00e1n \u00c1lvarez son dos de esos futbolistas que generan un estado de \u00e1nimo cada vez que se les vincula a un equipo<\/strong>. El colombiano y el argentino defienden ahora las camisetas de Bayern y Atl\u00e9tico de Madrid, respectivamente. Sin embargo, <strong>sus colores podr\u00edan ser bien distintos de haberse producido un trueque que se fue al traste<\/strong>.<\/p>\n<p>Propuesta indecente<\/p>\n<p class=\"ft-text\">Seg\u00fan ha trascendido e informado el diario brit\u00e1nico &#8216;The Telegraph&#8217;, <strong>el Liverpool se hart\u00f3 de Luis D\u00edaz en verano de 2024<\/strong>. El cafetero<strong> rechazaba todas las propuestas de renovaci\u00f3n que le llegaban desde el club y en Anfield sondearon un canje con el Manchester City<\/strong>, adversario directo en la lucha por la Premier League.<\/p>\n<p><img decoding=\"async\" src=\"https:\/\/www.europesays.com\/es\/wp-content\/uploads\/2025\/09\/b9c5d6c7-47d8-417b-8c4a-b4cab2f5eacc_alta-libre-aspect-ratio_default_0.jpg\" width=\"1200\" height=\"675\" alt=\"Luis Diaz con el Bayern\" class=\"ft-helper-img-rd\" loading=\"lazy\" hasdataaida=\"true\"\/><\/p>\n<p class=\"ft-helper-fontColor-quaternary ft-helper-fontSize-body-S ft-helper-spacer-t-xxs\">Luis Diaz, con el Bayern  \/ X: BAYERN DE M\u00daNICH<\/p>\n<p class=\"ft-text\"><strong>Los gigantes ingleses no suelen intercambiarse piezas importantes, pero hace poco m\u00e1s de un a\u00f1o la situaci\u00f3n enconada que se vivi\u00f3 en Liverpool oblig\u00f3 a medidas desesperadas<\/strong>. Los rectores &#8216;reds&#8217; ofrecieron el trueque de Luis D\u00edaz a los &#8216;cityzens&#8217; por Juli\u00e1n \u00c1lvarez. <strong>El colombiano estaba por la labor, pero la entidad de Manchester respondi\u00f3 tajantemente: \u00abNo vendemos a nuestros rivales\u00bb. La respuesta no sorprendi\u00f3 a los &#8216;scousers&#8217;, que heridos en su orgullo replicaron con un \u00abnosotros tampoco\u00bb. <\/strong><\/p>\n<p><img decoding=\"async\" src=\"https:\/\/www.europesays.com\/es\/wp-content\/uploads\/2025\/09\/54dd9e43-c0d7-42bb-acb3-f07b44292d2c_alta-libre-aspect-ratio_default_0.jpg\" width=\"1200\" height=\"675\" alt=\"Juli\u00e1n no tuvo su d\u00eda ante el Elche\" class=\"ft-helper-img-rd\" loading=\"lazy\" hasdataaida=\"true\"\/><\/p>\n<p class=\"ft-helper-fontColor-quaternary ft-helper-fontSize-body-S ft-helper-spacer-t-xxs\">Juli\u00e1n \u00c1lvarez, futbolista del Atl\u00e9tico  \/ X<\/p>\n<p>Traspasos millonarios<\/p>\n<p class=\"ft-text\">E<strong>l Manchester City acab\u00f3 traspasando a<\/strong><a class=\"ft-link ft-link--decoration\" href=\"https:\/\/www.transfermarkt.es\/julian-alvarez\/profil\/spieler\/576024\" rel=\"nofollow noopener\" target=\"_blank\"><strong> la &#8216;Ara\u00f1a&#8217; <\/strong><\/a><strong>ese mismo verano<\/strong>. La oferta del<strong> Atl\u00e9tico de Madrid de 95 millones de euros por el argentino fue irrechazable<\/strong> y acab\u00f3 brillando en su primera temporada como colchonero, con 29 goles y ocho asistencias. <a class=\"ft-link ft-link--decoration\" href=\"https:\/\/www.transfermarkt.es\/luis-diaz\/profil\/spieler\/480692\" rel=\"nofollow noopener\" target=\"_blank\"><strong>Luis D\u00edaz<\/strong><\/a><strong>, por su parte, acab\u00f3 renovando su contrato con el Liverpool hasta 2027<\/strong>, aunque el atacante acab\u00f3 haciendo<strong> las maletas con destino a M\u00fanich en este 2025, donde el Bayern invirti\u00f3 75 &#8216;kilos&#8217; por sus servicios.<\/strong><\/p>\n","protected":false},"excerpt":{"rendered":"El mercado de incorporaciones siempre es foco de noticias. Fichajes, rumores, negociaciones, trueques, presentaciones y frustraciones. Todo lo&hellip;\n","protected":false},"author":2,"featured_media":113098,"comment_status":"","ping_status":"","sticky":false,"template":"","format":"standard","meta":{"footnotes":""},"categories":[268],"tags":[168,25,24,280,282,22784,1238,9709,2013,1240,281,23,167],"class_list":{"0":"post-113097","1":"post","2":"type-post","3":"status-publish","4":"format-standard","5":"has-post-thumbnail","7":"category-futbol","8":"tag-deportes","9":"tag-es","10":"tag-espana","11":"tag-football","12":"tag-futbol","13":"tag-julian-alvarez","14":"tag-liverpool","15":"tag-luis-diaz","16":"tag-manchester-city","17":"tag-premier-league","18":"tag-soccer","19":"tag-spain","20":"tag-sports"},"share_on_mastodon":{"url":"","error":""},"_links":{"self":[{"href":"https:\/\/www.europesays.com\/es\/wp-json\/wp\/v2\/posts\/113097","targetHints":{"allow":["GET"]}}],"collection":[{"href":"https:\/\/www.europesays.com\/es\/wp-json\/wp\/v2\/posts"}],"about":[{"href":"https:\/\/www.europesays.com\/es\/wp-json\/wp\/v2\/types\/post"}],"author":[{"embeddable":true,"href":"https:\/\/www.europesays.com\/es\/wp-json\/wp\/v2\/users\/2"}],"replies":[{"embeddable":true,"href":"https:\/\/www.europesays.com\/es\/wp-json\/wp\/v2\/comments?post=113097"}],"version-history":[{"count":0,"href":"https:\/\/www.europesays.com\/es\/wp-json\/wp\/v2\/posts\/113097\/revisions"}],"wp:featuredmedia":[{"embeddable":true,"href":"https:\/\/www.europesays.com\/es\/wp-json\/wp\/v2\/media\/113098"}],"wp:attachment":[{"href":"https:\/\/www.europesays.com\/es\/wp-json\/wp\/v2\/media?parent=113097"}],"wp:term":[{"taxonomy":"category","embeddable":true,"href":"https:\/\/www.europesays.com\/es\/wp-json\/wp\/v2\/categories?post=113097"},{"taxonomy":"post_tag","embeddable":true,"href":"https:\/\/www.europesays.com\/es\/wp-json\/wp\/v2\/tags?post=113097"}],"curies":[{"name":"wp","href":"https:\/\/api.w.org\/{rel}","templated":true}]}}