{"id":113106,"date":"2025-09-13T22:13:10","date_gmt":"2025-09-13T22:13:10","guid":{"rendered":"https:\/\/www.europesays.com\/es\/113106\/"},"modified":"2025-09-13T22:13:10","modified_gmt":"2025-09-13T22:13:10","slug":"17-000-muertes-al-ano-en-espana-por-una-enfermedad-que-pocos-conocen","status":"publish","type":"post","link":"https:\/\/www.europesays.com\/es\/113106\/","title":{"rendered":"17.000 muertes al a\u00f1o en Espa\u00f1a por una enfermedad que pocos conocen"},"content":{"rendered":"<p class=\"ft-text\">Este s\u00e1bado 13 de septiembre se celebra el <strong>D\u00eda Mundial de la Sepsis<\/strong>, una fecha que recuerda la importancia de avanzar en el estudio, control y tratamiento de un s\u00edndrome que provoca 11 millones de muertes al a\u00f1o en el planeta, es decir, una cada 2,8 segundos, y que <a class=\"ft-link ft-link--decoration\" href=\"https:\/\/www.informacion.es\/salud\/guia\/2025\/05\/16\/testimonio-superviviente-sepsis-asesina-silenciosa-secuelas-117453113.html\" target=\"_blank\" rel=\"nofollow noopener\">es especialmente virulenta en zonas geogr\u00e1ficas con deficiente red sanitaria<\/a>.<\/p>\n<p class=\"ft-text\">En Espa\u00f1a, los <strong>diagn\u00f3sticos de sepsis aumentaron un 60 % entre 2016 y 2022, estim\u00e1ndose en unos 17.000 los pacientes que mueren al a\u00f1o por sepsis<\/strong>. Sin embargo, para gran parte de la poblaci\u00f3n, la sepsis sigue siendo una desconocida.<\/p>\n<p class=\"ft-text\">El <strong>doctor Borja Suberviola<\/strong>, m\u00e9dico intensivista y coordinador del Grupo de Trabajo de Enfermedades Infecciosas y Sepsis de la Sociedad Espa\u00f1ola de Medicina Intensiva, Cr\u00edtica y Unidades Coronarias (SEMICYUC), desgrana en 10 respuestas lo que debemos saber para entender la sepsis y el porqu\u00e9 de su gravedad.<\/p>\n<p>1. \u00bfPor qu\u00e9 la sepsis tiene una mortalidad elevada?<\/p>\n<p class=\"ft-text\">La mortalidad de la sepsis es consecuencia de una suma de factores: las caracter\u00edsticas del paciente, las del microorganismo que provoca la infecci\u00f3n, el estado de gravedad que presenta antes de ser atendido y la adecuaci\u00f3n y precocidad del tratamiento que se reciba. La <strong>suma de todos ellos permite entender la fragilidad a la que se enfrenta el paciente<\/strong>.<\/p>\n<p>2. \u00bfCualquier persona puede sufrir sepsis?<\/p>\n<p class=\"ft-text\">S\u00ed, pero existen factores que facilitan su aparici\u00f3n y que el paciente sufra cuadros de mayor gravedad. La edad, la existencia de enfermedades previas (especialmente aquellas que alteran el sistema inmune), la <strong>exposici\u00f3n a procedimientos o intervenciones m\u00e1s agresivas<\/strong> o estar recibiendo tratamientos inmunosupresores son elementos facilitadores.<\/p>\n<p>3. \u00bfSe puede tener sepsis sin tener una infecci\u00f3n previa?<\/p>\n<p class=\"ft-text\">No. La sepsis es una forma de evoluci\u00f3n desfavorable de una infecci\u00f3n, no puede presentarse en ausencia de esta. En la sepsis, por factores del propio paciente, del microorganismo que la provoca o por la ausencia de un tratamiento precoz y adecuado, una <a class=\"ft-link ft-link--decoration\" href=\"https:\/\/www.informacion.es\/salud\/guia\/2025\/08\/09\/enfermedades-contraer-piscina-publica-90522740.html\" target=\"_blank\" rel=\"nofollow noopener\">infecci\u00f3n hace peligrar el adecuado funcionamiento de los \u00f3rganos de un enfermo<\/a>, poniendo en riesgo su vida.<\/p>\n<p>4. \u00bfLa sepsis presenta s\u00edntomas f\u00e1cilmente identificables como el ictus o el infarto?<\/p>\n<p class=\"ft-text\">S\u00ed, pero son muy variables. No son s\u00edntomas f\u00e1cilmente reconocibles como los del ictus o el infarto; y esto provoca que, en ocasiones, su diagn\u00f3stico se retrase, provocando el empeoramiento del paciente y su pron\u00f3stico. Por este motivo, las campa\u00f1as de educaci\u00f3n y formaci\u00f3n, tanto al personal sanitario como a la poblaci\u00f3n general, son tan importantes.<\/p>\n<p>5. \u00bfQu\u00e9 es el shock s\u00e9ptico?<\/p>\n<p class=\"ft-text\">Es el estado de mayor gravedad de la sepsis. Estamos ante un fracaso del organismo del paciente para mantener el flujo de sangre a sus <a class=\"ft-link ft-link--decoration\" href=\"https:\/\/www.informacion.es\/sociedad\/2025\/07\/07\/espana-permite-donacion-organos-personas-119438303.html\" target=\"_blank\" rel=\"nofollow noopener\">\u00f3rganos vitales<\/a>, provocando que estos puedan llegar a dejar de funcionar. Es un <strong>cuadro grave pero tratable y, en la mayor parte de casos, recuperable<\/strong>. Se requiere para ello de una identificaci\u00f3n r\u00e1pida y un tratamiento adecuado y completo. De ah\u00ed la importancia de que estos pacientes sean atendidos por un especialista en Medicina Intensiva.<\/p>\n<p><img decoding=\"async\" src=\"https:\/\/www.europesays.com\/es\/wp-content\/uploads\/2025\/09\/c2863028-8497-4d08-94f4-49cd0e9a84ec_alta-libre-aspect-ratio_default_0.jpg\" width=\"1200\" height=\"675\" alt=\"Sanitarios en la UCI de un hospital.\" class=\"ft-helper-img-rd\" loading=\"lazy\" hasdataaida=\"true\"\/><\/p>\n<p class=\"ft-helper-fontColor-quaternary ft-helper-fontSize-body-S ft-helper-spacer-t-xxs\">Sanitarios en la UCI de un hospital.  \/ EL PERI\u00d3DICO<\/p>\n<p>6. \u00bfUna infecci\u00f3n puede desarrollar sepsis por s\u00ed misma?<\/p>\n<p class=\"ft-text\">Cualquier infecci\u00f3n puede desencadenar una sepsis, pero para ello se requiere habitualmente que se presenten uno o varios factores que lo favorezcan, por ejemplo: que la provoque un microorganismo especialmente agresivo o de dif\u00edcil tratamiento, que el enfermo tenga enfermedades previas que le predispongan, o que la identificaci\u00f3n y el tratamiento de la infecci\u00f3n se demore, facilitando el empeoramiento de la <a class=\"ft-link ft-link--decoration\" href=\"https:\/\/www.informacion.es\/tags\/infecciosas\/\" target=\"_blank\" rel=\"nofollow noopener\">infecci\u00f3n<\/a> y el desarrollo de la sepsis.<\/p>\n<p>7. \u00bfQu\u00e9 quiere decir que un hospital tenga C\u00f3digo Sepsis?<\/p>\n<p class=\"ft-text\">Quiere decir que ese hospital se ha organizado para dotar a sus profesionales de medios y conocimientos que permiten reconocer r\u00e1pidamente a los pacientes que presentan una sepsis y aportarles el<strong> mejor tratamiento posible, siempre gestionado por un m\u00e9dico intensivista, que es el especialista en este tipo de patolog\u00edas<\/strong>. El C\u00f3digo Sepsis, adem\u00e1s de una herramienta cl\u00ednica, es un indicador de la calidad asistencial del centro hospitalario.<\/p>\n<p>8. \u00bfSe puede adquirir sepsis fuera de un hospital? <\/p>\n<p class=\"ft-text\">La sepsis es consecuencia de una infecci\u00f3n. Existen infecciones comunitarias (de fuera del hospital) y hospitalarias; y por eso hay sepsis en ambos \u00e1mbitos.<\/p>\n<p class=\"ft-text\">Lo que distingue unas y otras suele ser el microorganismo que provoca la infecci\u00f3n, as\u00ed como que el hospitalizado, por tener un problema de salud que provoca que est\u00e9 ingresado, pueda ser un paciente m\u00e1s fr\u00e1gil y, por ello, susceptible a presentar la sepsis. Sin embargo, <strong>el diagn\u00f3stico y el tratamiento de la sepsis no var\u00eda significativamente en ambos casos<\/strong>.<\/p>\n<p>9. \u00bfHay bacterias resistentes al tratamiento de la sepsis?<\/p>\n<p class=\"ft-text\"><a class=\"ft-link ft-link--decoration\" href=\"https:\/\/www.informacion.es\/tendencias21\/2025\/07\/06\/vida-marte-seria-similar-bacterias-114937659.html\" target=\"_blank\" rel=\"nofollow noopener\">No hay bacterias resistentes a la sepsis<\/a>. Lo que hay son bacterias resistentes a algunos de los antibi\u00f3ticos que se emplean para tratar la sepsis. Esto no quiere decir que las infecciones provocadas por estas bacterias sean intratables, sino que estos casos hay que identificarlos lo m\u00e1s r\u00e1pidamente posible para poder emplear otros antibi\u00f3ticos que s\u00ed sean efectivos.<\/p>\n<p>10. \u00bfC\u00f3mo afronta el intensivista el tratamiento de la sepsis?<\/p>\n<p class=\"ft-text\">El intensivista es el m\u00e9dico especialista mejor formado y con mayores conocimientos para tratar a este tipo de pacientes. En Espa\u00f1a, la formaci\u00f3n e investigaci\u00f3n constante de los intensivistas en materia de enfermedades infecciosas y sepsis les permite realizar un reconocimiento precoz de la sepsis e iniciar los tratamientos m\u00e1s adecuados.<\/p>\n","protected":false},"excerpt":{"rendered":"Este s\u00e1bado 13 de septiembre se celebra el D\u00eda Mundial de la Sepsis, una fecha que recuerda la&hellip;\n","protected":false},"author":2,"featured_media":113107,"comment_status":"","ping_status":"","sticky":false,"template":"","format":"standard","meta":{"footnotes":""},"categories":[92],"tags":[25,24,165,7450,166,26440,23],"class_list":{"0":"post-113106","1":"post","2":"type-post","3":"status-publish","4":"format-standard","5":"has-post-thumbnail","7":"category-salud","8":"tag-es","9":"tag-espana","10":"tag-health","11":"tag-infecciosas","12":"tag-salud","13":"tag-sepsis","14":"tag-spain"},"share_on_mastodon":{"url":"","error":""},"_links":{"self":[{"href":"https:\/\/www.europesays.com\/es\/wp-json\/wp\/v2\/posts\/113106","targetHints":{"allow":["GET"]}}],"collection":[{"href":"https:\/\/www.europesays.com\/es\/wp-json\/wp\/v2\/posts"}],"about":[{"href":"https:\/\/www.europesays.com\/es\/wp-json\/wp\/v2\/types\/post"}],"author":[{"embeddable":true,"href":"https:\/\/www.europesays.com\/es\/wp-json\/wp\/v2\/users\/2"}],"replies":[{"embeddable":true,"href":"https:\/\/www.europesays.com\/es\/wp-json\/wp\/v2\/comments?post=113106"}],"version-history":[{"count":0,"href":"https:\/\/www.europesays.com\/es\/wp-json\/wp\/v2\/posts\/113106\/revisions"}],"wp:featuredmedia":[{"embeddable":true,"href":"https:\/\/www.europesays.com\/es\/wp-json\/wp\/v2\/media\/113107"}],"wp:attachment":[{"href":"https:\/\/www.europesays.com\/es\/wp-json\/wp\/v2\/media?parent=113106"}],"wp:term":[{"taxonomy":"category","embeddable":true,"href":"https:\/\/www.europesays.com\/es\/wp-json\/wp\/v2\/categories?post=113106"},{"taxonomy":"post_tag","embeddable":true,"href":"https:\/\/www.europesays.com\/es\/wp-json\/wp\/v2\/tags?post=113106"}],"curies":[{"name":"wp","href":"https:\/\/api.w.org\/{rel}","templated":true}]}}