{"id":113114,"date":"2025-09-13T22:17:08","date_gmt":"2025-09-13T22:17:08","guid":{"rendered":"https:\/\/www.europesays.com\/es\/113114\/"},"modified":"2025-09-13T22:17:08","modified_gmt":"2025-09-13T22:17:08","slug":"encuentro-mundial-sobre-fraternidad-desarmar-las-palabras-para-la-paz","status":"publish","type":"post","link":"https:\/\/www.europesays.com\/es\/113114\/","title":{"rendered":"Encuentro Mundial sobre Fraternidad: desarmar las palabras para la paz"},"content":{"rendered":"<p>En el marco de la tercera edici\u00f3n del evento promovido el 12 y 13 de septiembre por la Bas\u00edlica de San Pedro, se celebr\u00f3 en la Sala de la Protomoteca del Capitolio, en Roma, la mesa redonda denominada \u201cG20 Informaci\u00f3n\u201d, dedicada a la transparencia y la libertad de prensa en un mundo golpeado por guerras y conflictos.<\/p>\n<p style=\"text-align: justify;\">Roberto Paglialonga &#8211; Ciudad del Vaticano<\/p>\n<p style=\"text-align: justify;\">La transparencia y la libertad de informaci\u00f3n en tiempos de guerra y conflictos. La verdad de los hechos como elemento indispensable para \u00abdesarmar las palabras y desarmar la Tierra\u00bb, como dijo el papa Le\u00f3n XIV, para que el relato y la narraci\u00f3n vuelvan a contribuir a la paz, el di\u00e1logo y la fraternidad. La responsabilidad de quienes trabajan en los medios de comunicaci\u00f3n para promover el valor de la competencia, la profundidad y la credibilidad, en la era del dominio incontrolado de las redes sociales y los algoritmos, de la superficialidad desbordante de los esl\u00f3ganes que atraen clics y de las imponentes expresiones de odio y violencia por parte de los haters.<\/p>\n<p style=\"text-align: justify;\">Estos son los principales temas sobre los que debatieron representantes del mundo de la comunicaci\u00f3n y la informaci\u00f3n, directores y directores generales de redes medi\u00e1ticas a nivel internacional, que acudieron a Roma para participar en la mesa redonda denominada \u00abG20 Informaci\u00f3n\u00bb y coordinada por el director de la revista Piazza San Pietro, el padre Enzo Fortunato, que tuvo lugar ayer, viernes 12 de septiembre, en la Sala della Protomoteca del Campidoglio.<\/p>\n<p>      <a href=\"https:\/\/www.vaticannews.va\/es\/papa\/news\/2025-09\/leon-xiv-discurso-encuentro-mundial-sobre-la-fraternidad-humana.html\" title=\"El Papa llama a una econom\u00eda de confianza y cuidado\" rel=\"nofollow noopener\" target=\"_blank\"><\/p>\n<p>         <img decoding=\"async\" src=\"data:image\/gif;base64,R0lGODlhAQABAIAAAAAAAP\/\/\/yH5BAEAAAAALAAAAAABAAEAAAIBRAA7\" data-original=\"https:\/\/www.vaticannews.va\/content\/dam\/vaticannews\/agenzie\/images\/srv\/2025\/09\/12\/2025-09-12-partecipanti-al-iii-world-meeting-on-human-fraternity\/1757673997282.JPG\/_jcr_content\/renditions\/cq5dam.thumbnail.cropped.500.281.jpeg\" alt=\"El Papa llama a una econom\u00eda de confianza y cuidado\"\/><\/p>\n<p>       <\/a><\/p>\n<p>\n       Dirigi\u00e9ndose a los participantes del Encuentro Mundial sobre la Fraternidad Humana, celebrado en la Bas\u00edlica de San Pedro, Le\u00f3n XIV los insta a preguntarse: \u00abHermano, hermana, &#8230;\n      <\/p>\n<p>Los tres horizontes del tiempo presente: verdad, libertad, dignidad <\/p>\n<p style=\"text-align: justify;\">Al inaugurar el taller, el padre Fortunato ilustr\u00f3 los tres \u00abhorizontes\u00bb que en el tiempo presente \u00abya no pueden darse por sentados: verdad, libertad, dignidad\u00bb.<\/p>\n<p style=\"text-align: justify;\">La primera \u00abes manipulada e instrumentalizada con demasiada frecuencia\u00bb, pero tambi\u00e9n \u00abla libertad se ve vulnerada\u00bb, hasta tal punto que en muchos pa\u00edses del mundo \u00ablos periodistas son silenciados, perseguidos o asesinados\u00bb, record\u00f3. Mientras que \u00abla libertad de prensa deber\u00eda ser una garant\u00eda para los ciudadanos y un baluarte de la democracia\u00bb. Hoy en d\u00eda \u2014se\u00f1al\u00f3 Fortunato\u2014 \u00abtenemos muchos &#8216;dignatarios&#8217;, pero poca dignidad\u00bb: hay quienes \u00absufren campa\u00f1as de odio y difamaci\u00f3n, a menudo construidas art\u00edficialmente detr\u00e1s de la pantalla de un ordenador. Las palabras pueden herir m\u00e1s que las armas, y no es raro que estas heridas conduzcan a gestos extremos\u00bb.<\/p>\n<p style=\"text-align: justify;\">As\u00ed pues, precisamente en un per\u00edodo hist\u00f3rico marcado por divisiones y conflictos, la humanidad, a pesar de la diversidad de pueblos, culturas y opiniones, est\u00e1 llamada a encontrar los rasgos que la unen: \u00abResuenan las palabras del papa Le\u00f3n XIV, que nos record\u00f3: &#8216;Antes que creyentes, estamos llamados a ser humanos'\u00bb. Por lo tanto, concluy\u00f3 Fortunato, \u00abcustodiar la verdad, la libertad y la dignidad como bienes comunes de la humanidad es el alma de nuestro trabajo, no defender corporaciones o intereses\u00bb.<\/p>\n<p>Ruffini: devolver perspectivas de esperanza a cada narraci\u00f3n <\/p>\n<p style=\"text-align: justify;\">Para que esta custodia se realice y sea fecunda, la informaci\u00f3n sigue siendo central \u201cen el tejido de nuestro futuro\u201d, subray\u00f3 Paolo Ruffini, prefecto del Dicasterio para la Comunicaci\u00f3n. Por eso, los medios est\u00e1n llamados a vigilar una \u201cfrontera\u201d: \u201cla que separa el buen periodismo del mal periodismo, la charla superficial del an\u00e1lisis, la b\u00fasqueda paciente de la verdad de la difusi\u00f3n apresurada de noticias deterioradas, un sistema de comunicaci\u00f3n basado en la verdad de otro fundado en la indiferencia hacia la verdad\u201d.<\/p>\n<p style=\"text-align: justify;\">Llegar a un desarme de las palabras, sin embargo, no significa rendirse. El Papa Francisco, record\u00f3 Ruffini, afirmaba que \u201cla comunicaci\u00f3n debe desarmarse de todo prejuicio, rencor, agresividad, fanatismo y odio; liberarse de la droga de las simplificaciones enga\u00f1osas y del paradigma de la voluntad de dominio, de posesi\u00f3n y de manipulaci\u00f3n\u201d. En la misma l\u00ednea, el Papa Le\u00f3n XIV retom\u00f3 esta idea, sosteniendo que si \u201cdesarmamos las palabras, contribuiremos a desarmar la Tierra\u201d, abriendo de nuevo la posibilidad de un mundo en paz.<\/p>\n<p style=\"text-align: justify;\">Para ello, hoy en particular, es necesario prestar atenci\u00f3n al poder de los algoritmos, que \u201ccorren el riesgo de convertirse en guardianes de nuestros pensamientos\u201d, encerrando a las personas en \u201cburbujas\u201d moldeadas \u201cseg\u00fan nuestras preferencias\u201d, es decir, en un mundo sin verdadera libertad, donde ninguna opini\u00f3n nace para ser contrastada o transformada, sino solo para ser confirmada, en un juego interminable de espejos.<\/p>\n<p style=\"text-align: justify;\">El reto, se\u00f1al\u00f3 de nuevo el prefecto, est\u00e1 en \u201cresistir la corrosi\u00f3n y la corrupci\u00f3n de la comunicaci\u00f3n\u201d y en \u201cdevolver fundamento a las noticias y perspectivas de esperanza a cada narraci\u00f3n\u201d, con el objetivo de construir un nuevo humanismo.<\/p>\n<p style=\"text-align: justify;\">Y en cuanto al tema de las reglas de la comunicaci\u00f3n, \u201cno puede existir un algoritmo de la verdad sin libertad\u201d, record\u00f3 al concluir. Es necesario \u201cdevolver a los usuarios el papel de protagonistas y formar periodistas capaces de producir contenidos de calidad\u201d. Porque \u2013como sosten\u00eda Martin Luther King\u2013 \u201csolo la luz puede ahuyentar la oscuridad\u201d y \u201csolo el amor puede expulsar el odio\u201d.<\/p>\n<p>Dar voz a quienes no la tienen <\/p>\n<p style=\"text-align: justify;\">\u201cEl terreno com\u00fan de las palabras que compartimos, de los hechos que reconocemos como verdaderos, es una condici\u00f3n esencial y vital de todo aquello que en los \u00faltimos tiempos se ha debilitado: la capacidad de negociar, de alcanzar compromisos y, por tanto, de restablecer la paz\u201d, se\u00f1al\u00f3 el director de Le Monde, J\u00e9r\u00f4me Fenoglio. A esto se suma un corolario de la b\u00fasqueda de la verdad: la capacidad, hoy, \u201cde saber contar las historias de esa humanidad que con frecuencia no tiene voz\u201d, subray\u00f3 Joe Ageyo, director del Nation Media Group de Kenia, como ocurre con los millones de personas afectadas por la brutalidad de la guerra.<\/p>\n<p>Al Khatib (Al Jazeera): el recuerdo de los periodistas asesinados en Gaza <\/p>\n<p style=\"text-align: justify;\">Sobre esa violencia que a menudo golpea a los periodistas, como ha sucedido en Gaza en estos dos \u00faltimos a\u00f1os, habl\u00f3 Dima Al Khatib, directora ejecutiva de la cadena catar\u00ed Al Jazeera+. En una intervenci\u00f3n especialmente conmovedora, mostr\u00f3 fotograf\u00edas de sus colegas asesinados en la Franja mientras cubr\u00edan el conflicto, y record\u00f3 a Anas Al Sharif y a muchos otros profesionales de los medios \u201cque incluso meses antes hab\u00edan escrito cartas de despedida a sus familias y al mundo, porque sab\u00edan que probablemente morir\u00edan\u201d.<\/p>\n<p style=\"text-align: justify;\">En menos de dos a\u00f1os \u2013afirm\u00f3 Al Khatib, visiblemente emocionada\u2013 \u201chan sido asesinados m\u00e1s periodistas que en la Segunda Guerra Mundial, en Vietnam y en Afganist\u00e1n juntos\u201d. Y, pese a todo, a\u00f1adi\u00f3, \u201cvemos que, por suerte, la humanidad sigue siendo capaz de levantarse y protestar contra la barbarie\u201d.<\/p>\n<p>Respetar las verdades hist\u00f3ricas para conservar la libertad <\/p>\n<p style=\"text-align: justify;\">\u201cLa fraternidad de la verdad y de los hechos\u201d, en este contexto, \u201cest\u00e1 constantemente bajo ataque en nuestro tiempo\u201d, recalc\u00f3 Alessandra Galloni, directora de Reuters. Y precisamente por ello resulta esencial para el futuro y \u201cpara las nuevas generaciones\u201d, record\u00f3 Tom Cibrovski, presidente y director ejecutivo de CBS.<\/p>\n<p style=\"text-align: justify;\">Una tarea a\u00fan m\u00e1s ardua porque \u2013advirti\u00f3 Luigi Contu, director de la agencia ANSA\u2013 \u201cla opini\u00f3n p\u00fablica est\u00e1 desorientada y, en medio de este caos, todo se vuelve indistinguible\u201d, con el riesgo de \u201cperder la capacidad de diferenciar entre realidad y propaganda. Y si los criterios de realidad y verdad pueden ser f\u00e1cilmente manipulados hoy, por ejemplo con la inteligencia artificial, se pierde la posibilidad de informar y de formar ciudadanos conscientes\u201d.<\/p>\n<p style=\"text-align: justify;\">Es necesaria, por tanto, una resistencia: \u201crespetar la moral que llevamos dentro, para contar los hechos como son y no como quisi\u00e9ramos que fueran. Y as\u00ed dar voz a todos, sin convertirnos en hinchas\u201d. Porque \u2013a\u00f1adi\u00f3 Contu\u2013 \u201csi no respetamos las verdades hist\u00f3ricas, perderemos la capacidad de ejercer nuestra profesi\u00f3n y, en consecuencia, nuestra libertad\u201d.<\/p>\n<p style=\"text-align: justify;\">Sin embargo, invit\u00f3 Mark Thompson, director ejecutivo de CNN, no hay que caer en el pesimismo: \u201cPartamos de la base de que hay miles de millones de personas que, junto a los medios personalizados, todav\u00eda quieren acceder a ese tipo de contenidos \u2013noticias, debates, cultura, historia y dem\u00e1s\u2013 que ayudan a favorecer la comprensi\u00f3n, el respeto entre tradiciones e identidades, y las experiencias compartidas y colectivas\u201d.<\/p>\n<p>Volver a poner en el centro la palabra \u201cservicio\u201d <\/p>\n<p style=\"text-align: justify;\">Esto significa, apunt\u00f3 Simona Agnes, de la RAI y miembro del consejo ejecutivo de la European Broadcasting Union (EBU), aceptar el desaf\u00edo de devolver protagonismo a la palabra <b>servicio<\/b>: solo as\u00ed es posible \u201creconocer el valor de la dignidad de cada persona como \u00fanica e irrepetible\u201d. \u201cEstar al servicio de una comunidad, ofrecer las herramientas para interpretar correctamente la realidad en la que vivimos, representar la riqueza de su diversidad, proteger la fragilidad de los m\u00e1s d\u00e9biles\u201d. Y de este modo intentar construir \u201cuna fraternidad que permita reconocerse y aceptarse. Todos\u201d.<\/p>\n<p>Proyectos en Per\u00fa para acercarse a los j\u00f3venes <\/p>\n<p style=\"text-align: justify;\">Existen ya experiencias y proyectos en esa direcci\u00f3n. Lo explic\u00f3 Juan Aurelio Ar\u00e9valo Miro Quesada, director del diario peruano El Comercio. Cont\u00f3 c\u00f3mo, hace cinco a\u00f1os y junto con UNICEF, el peri\u00f3dico lanz\u00f3 el programa <b>\u201cCorresponsales Escolares\u201d<\/b>, en el que m\u00e1s de 3.000 ni\u00f1os de las 24 regiones del pa\u00eds relatan los problemas de sus comunidades bajo la gu\u00eda de 30 periodistas. \u201cUna manera de contribuir, desde la infancia, a compartir y ense\u00f1ar la responsabilidad y el sentido de servicio del periodismo, y de entrar en contacto con los ni\u00f1os, sus maestros y sus padres\u201d.<\/p>\n<p style=\"text-align: justify;\">Adem\u00e1s, el diario dedica en su edici\u00f3n digital y en la impresa un espacio de opini\u00f3n a los estudiantes universitarios, <b>Voz universitaria<\/b>, donde reflexionan sobre los grandes retos que enfrenta el Per\u00fa.<\/p>\n<p>Ressa: el futuro est\u00e1 escrito en las decisiones que tomamos juntos <\/p>\n<p style=\"text-align: justify;\">Son semillas lanzadas para intentar sembrar esperanza en un mundo sediento de concordia y ansioso de relaciones fraternas. Es cierto que \u201cestamos viviendo un armaged\u00f3n de la informaci\u00f3n en el que los hechos est\u00e1n bajo ataque, la verdad es asesinada y la v\u00edctima es la confianza, lo que hace imposible comunicar\u2026 y gobernar\u201d, denunci\u00f3 <b>Maria Ressa<\/b>, periodista filipino-estadounidense, cofundadora y directora ejecutiva de Rappler, Premio Nobel de la Paz 2021.<\/p>\n<p style=\"text-align: justify;\">Seg\u00fan un informe del MIT de 2018, a\u00f1adi\u00f3, gracias a los algoritmos \u201clas mentiras se difunden seis veces m\u00e1s r\u00e1pido que los hechos\u201d. Sin embargo, las batallas que tenemos por delante \u2013\u201cpor la verdad, por la acci\u00f3n humana, por el futuro que queremos\u201d\u2013 pueden afrontarse con herramientas eficaces: \u201cvolviendo a nuestra misi\u00f3n fundamental: servir al inter\u00e9s p\u00fablico; creando comunidades de acci\u00f3n; usando la tecnolog\u00eda al servicio del bien com\u00fan\u201d.<\/p>\n<p style=\"text-align: justify;\">Porque el futuro, concluy\u00f3, \u201cno est\u00e1 escrito en c\u00f3digo. Est\u00e1 escrito en las decisiones que tomamos, todos nosotros, juntos\u201d.<\/p>\n<p>Gambetti: construir fraternidad para crecer en humanidad <\/p>\n<p style=\"text-align: justify;\">Finalmente, el cardenal <b>Mauro Gambetti<\/b>, arcipreste de la Bas\u00edlica de San Pedro y presidente de la F\u00e1brica de San Pedro, afirm\u00f3: \u201cCuanto m\u00e1s seamos capaces de construir fraternidad y reconocernos como hermanos, tanto m\u00e1s creceremos en humanidad, y viceversa. Con la conciencia de que cada persona que llega al mundo es un don para el mundo\u201d.<\/p>\n","protected":false},"excerpt":{"rendered":"En el marco de la tercera edici\u00f3n del evento promovido el 12 y 13 de septiembre por la&hellip;\n","protected":false},"author":2,"featured_media":113115,"comment_status":"","ping_status":"","sticky":false,"template":"","format":"standard","meta":{"footnotes":""},"categories":[42],"tags":[38342,17,18,209,13,14,38343,38344,11,61,62,63,64,19,20,2950,185,9,10,15,16,399,400,11506,438,12,21,22,65,66,67],"class_list":{"0":"post-113114","1":"post","2":"type-post","3":"status-publish","4":"format-standard","5":"has-post-thumbnail","7":"category-internacional","8":"tag-basilica-di-san-pietro","9":"tag-breaking-news","10":"tag-breakingnews","11":"tag-cultura","12":"tag-featured-news","13":"tag-featurednews","14":"tag-fratelli-tutti","15":"tag-fraternidad-humana","16":"tag-headlines","17":"tag-internacional","18":"tag-international","19":"tag-international-news","20":"tag-internationalnews","21":"tag-latest-news","22":"tag-latestnews","23":"tag-medios-de-comunicacion","24":"tag-musica","25":"tag-news","26":"tag-noticias","27":"tag-noticias-destacadas","28":"tag-noticiasdestacadas","29":"tag-papa-francisco","30":"tag-papa-leon-xiv","31":"tag-paz","32":"tag-roma","33":"tag-titulares","34":"tag-ultimas-noticias","35":"tag-ultimasnoticias","36":"tag-world","37":"tag-world-news","38":"tag-worldnews"},"share_on_mastodon":{"url":"","error":""},"_links":{"self":[{"href":"https:\/\/www.europesays.com\/es\/wp-json\/wp\/v2\/posts\/113114","targetHints":{"allow":["GET"]}}],"collection":[{"href":"https:\/\/www.europesays.com\/es\/wp-json\/wp\/v2\/posts"}],"about":[{"href":"https:\/\/www.europesays.com\/es\/wp-json\/wp\/v2\/types\/post"}],"author":[{"embeddable":true,"href":"https:\/\/www.europesays.com\/es\/wp-json\/wp\/v2\/users\/2"}],"replies":[{"embeddable":true,"href":"https:\/\/www.europesays.com\/es\/wp-json\/wp\/v2\/comments?post=113114"}],"version-history":[{"count":0,"href":"https:\/\/www.europesays.com\/es\/wp-json\/wp\/v2\/posts\/113114\/revisions"}],"wp:featuredmedia":[{"embeddable":true,"href":"https:\/\/www.europesays.com\/es\/wp-json\/wp\/v2\/media\/113115"}],"wp:attachment":[{"href":"https:\/\/www.europesays.com\/es\/wp-json\/wp\/v2\/media?parent=113114"}],"wp:term":[{"taxonomy":"category","embeddable":true,"href":"https:\/\/www.europesays.com\/es\/wp-json\/wp\/v2\/categories?post=113114"},{"taxonomy":"post_tag","embeddable":true,"href":"https:\/\/www.europesays.com\/es\/wp-json\/wp\/v2\/tags?post=113114"}],"curies":[{"name":"wp","href":"https:\/\/api.w.org\/{rel}","templated":true}]}}