{"id":113120,"date":"2025-09-13T22:20:08","date_gmt":"2025-09-13T22:20:08","guid":{"rendered":"https:\/\/www.europesays.com\/es\/113120\/"},"modified":"2025-09-13T22:20:08","modified_gmt":"2025-09-13T22:20:08","slug":"confia-base-oviedo-balonmano-plata","status":"publish","type":"post","link":"https:\/\/www.europesays.com\/es\/113120\/","title":{"rendered":"CONF\u00cdA BASE OVIEDO BALONMANO PLATA"},"content":{"rendered":"<p class=\"ft-text\"><strong>El Conf\u00eda Base Oviedo regres\u00f3 ayer a Divisi\u00f3n de Honor Plata dando una muestra de garra, car\u00e1cter y fe. <\/strong>Los de Daniel Bandr\u00e9s empataron ante el <strong>Blendio Sinf\u00edn Santander <\/strong>en un encuentro apote\u00f3sico, con un final digno de pel\u00edcula. <strong>Los asturianos perd\u00edan por siete goles a falta de 15 minutos y lograron el empate cuando con un lanzamiento<\/strong> de Eli\u00e1n Gouz cuando estaba a punto de sonar la bocina.<\/p>\n<p class=\"ft-text\"><strong>Conf\u00eda Base Oviedo: <\/strong>Juan Gamallo, Ra\u00fal Blanco (2), Pablo Granda (6), Emi Franceschetti (2), David Pulgar (1), Mikel Gal\u00e1n (3), Jayro P\u00e9rez (2) \u2013siete inicial- Javi Col\u00edas, Joaqu\u00edn P\u00e9rez (1), Tom\u00e1s P\u00e9rez, H\u00e9lio Pina (1), Jorge Ure\u00f1a (2), Gonzalo Pulgar (1), Eli\u00e1n Goux (6), Javi Sanz (2) y Juan Prieto.<\/p>\n<p class=\"ft-text\"><strong>Blendio Sinf\u00edn:<\/strong> Pol Quiroga, Javier Valverde (1), Aar\u00f3n Pardo (4), Marcos Aguilella (8), Basualdo (2), Federico Saud (4), Macap\u00e1 (6) \u2013siete inicial- V\u00edctor Doval, Gustavo Alonso (2), Marcos Dom\u00ednguez (4), Mikel Blanco (1), Luis Pl\u00e1, Lucas Gonz\u00e1lez, Mat\u00edas Pay\u00e1 y Jaime Arnau.<\/p>\n<p class=\"ft-text\"><strong>\u00c1rbitros<\/strong>: Jorge Muras y Tom\u00e1s Fern\u00e1ndez. Expulsaron a H\u00e9lio Pina por roja directa en el minuto 25. Excluyeron por dos minutos a los locales Javi Col\u00edas y Pablo Granda, y a los visitantes Basualdo (2), Macap\u00e1 (2) y Jaime Arnau.<\/p>\n<p class=\"ft-text\"><strong>Marcador cada cinco minutos: <\/strong>3-2; 6-6; 8-8; 9-12; 13-16 (descanso) 14-19; 18-22; 19-25; 23-27; 26-28; 30-30.<\/p>\n<p class=\"ft-text\"><strong>Vallob\u00edn:<\/strong> Unos 450 espectadores.<\/p>\n<p class=\"ft-text\">El choque comenz\u00f3 con un Conf\u00eda Oviedo atrevido y con desparpajo.<strong> El primer gol de la temporada lo anot\u00f3 Pablo Granda. <\/strong>Pero enfrente estaba un Blendio Sinf\u00edn que demostr\u00f3 por qu\u00e9 la pasada temporada pele\u00f3 por ascender a la Liga Asobal. Tas un intercambio de golpes, los visitantes dieron un peque\u00f1o arre\u00f3n para escaparse en el marcador y llegaron a situarse 11-16, con un <strong>Conf\u00eda Oviedo aturdido tras la roja a H\u00e9lio Pina<\/strong>. Lleg\u00f3 la primera demostraci\u00f3n de fe:<strong> dos goles de Goux, el \u00faltimo sobre la bocina, para recortar diferencias y permitir creer en la remontada. <\/strong><\/p>\n<p class=\"ft-text\">El inicio de la segunda mitad no fue bien para el equipo local y el conjunto c\u00e1ntabro se fue en el marcador (14-20). <strong>Tocaba apelar a la \u00e9pica y lleg\u00f3 un parcial de 3-0, con tantos de Pablo Granda, Ra\u00fal Blanco y Mikel Gal\u00e1n. Blendio Sinf\u00edn ajust\u00f3 y logr\u00f3 salir indemne, con un 0-4.<\/strong> El marcador estaba 18-25 y a un cuarto de hora del final. Y lleg\u00f3 la remontada.<\/p>\n<p class=\"ft-text\">Un inmenso<strong> Pablo Granda asumi\u00f3 galones y Javi Sanz se mostr\u00f3 certero desde los siete metros para recortar distancias hasta el 24-27)<\/strong>. Los c\u00e1ntabros segu\u00edan anotando a cuenta gotas y dando golpes que parec\u00edan definitivos. Cogi\u00f3 el turno de la epica Mikel Gal\u00e1n, con dos tantos. <strong>Nuevo acercamiento (26-28, minuto 55). Blendio Sinf\u00edn anot\u00f3 en la siguiente, pero casi sin tiempo para respirar el canterano Joaqu\u00edn P\u00e9rez dio nuevas esperanzas (27-29). <\/strong><\/p>\n<p class=\"ft-text\">En los \u00faltimos dos minutos anot\u00f3 primero <strong>Pablo Granda<\/strong> y en la siguiente acci\u00f3n, nuevo tanto visitante. Con dos abajo, apareci\u00f3 Eli\u00e1n Goux: <strong>primero, finta del argentino, bote, y para adentro; despu\u00e9s, pasos del conjunto c\u00e1ntabro<\/strong>; y, tras el tiempo muerto de Daniel Bandr\u00e9s, para que Goux pusiera un empate que sabe a gloria.<\/p>\n<p>Victoria agridulce del Lobas<\/p>\n<p class=\"ft-text\">El Lobas Oviedo gan\u00f3 (32-26) al Ikasa Boadilla el Open San Mateo, pero su portera Bego\u00f1a Otero se lesion\u00f3.<\/p>\n","protected":false},"excerpt":{"rendered":"El Conf\u00eda Base Oviedo regres\u00f3 ayer a Divisi\u00f3n de Honor Plata dando una muestra de garra, car\u00e1cter y&hellip;\n","protected":false},"author":2,"featured_media":113121,"comment_status":"","ping_status":"","sticky":false,"template":"","format":"standard","meta":{"footnotes":""},"categories":[278],"tags":[12232,376,168,3496,25,24,5604,5815,375,9228,2525,2596,964,23,167],"class_list":{"0":"post-113120","1":"post","2":"type-post","3":"status-publish","4":"format-standard","5":"has-post-thumbnail","7":"category-balonmano","8":"tag-asturiano","9":"tag-balonmano","10":"tag-deportes","11":"tag-division","12":"tag-es","13":"tag-espana","14":"tag-espectacular","15":"tag-goles","16":"tag-handball","17":"tag-honor","18":"tag-plata","19":"tag-regreso","20":"tag-santander","21":"tag-spain","22":"tag-sports"},"share_on_mastodon":{"url":"","error":""},"_links":{"self":[{"href":"https:\/\/www.europesays.com\/es\/wp-json\/wp\/v2\/posts\/113120","targetHints":{"allow":["GET"]}}],"collection":[{"href":"https:\/\/www.europesays.com\/es\/wp-json\/wp\/v2\/posts"}],"about":[{"href":"https:\/\/www.europesays.com\/es\/wp-json\/wp\/v2\/types\/post"}],"author":[{"embeddable":true,"href":"https:\/\/www.europesays.com\/es\/wp-json\/wp\/v2\/users\/2"}],"replies":[{"embeddable":true,"href":"https:\/\/www.europesays.com\/es\/wp-json\/wp\/v2\/comments?post=113120"}],"version-history":[{"count":0,"href":"https:\/\/www.europesays.com\/es\/wp-json\/wp\/v2\/posts\/113120\/revisions"}],"wp:featuredmedia":[{"embeddable":true,"href":"https:\/\/www.europesays.com\/es\/wp-json\/wp\/v2\/media\/113121"}],"wp:attachment":[{"href":"https:\/\/www.europesays.com\/es\/wp-json\/wp\/v2\/media?parent=113120"}],"wp:term":[{"taxonomy":"category","embeddable":true,"href":"https:\/\/www.europesays.com\/es\/wp-json\/wp\/v2\/categories?post=113120"},{"taxonomy":"post_tag","embeddable":true,"href":"https:\/\/www.europesays.com\/es\/wp-json\/wp\/v2\/tags?post=113120"}],"curies":[{"name":"wp","href":"https:\/\/api.w.org\/{rel}","templated":true}]}}