{"id":113140,"date":"2025-09-13T22:37:15","date_gmt":"2025-09-13T22:37:15","guid":{"rendered":"https:\/\/www.europesays.com\/es\/113140\/"},"modified":"2025-09-13T22:37:15","modified_gmt":"2025-09-13T22:37:15","slug":"luis-miguel-le-organiza-a-paloma-cuevas-la-celebracion-mas-intima-y-emotiva-por-su-cumpleanos","status":"publish","type":"post","link":"https:\/\/www.europesays.com\/es\/113140\/","title":{"rendered":"Luis Miguel le organiza a Paloma Cuevas la celebraci\u00f3n m\u00e1s \u00edntima y emotiva por su cumplea\u00f1os"},"content":{"rendered":"<p id=\"e9eo2rJEgi\" data-wc=\"149\">Este 11 de septiembre, Paloma Cuevas ha soplado las velas de su 53\u00ba cumplea\u00f1os y lo ha hecho de la manera m\u00e1s entra\u00f1able: rodeada de su familia, de sus hijas, Paloma y Bianca, y de sus amigos de siempre. El escenario elegido para una fecha tan significativa no pod\u00eda ser m\u00e1s especial: el exclusivo Hotel Four Seasons de Madrid, a pocos pasos de la Puerta del Sol, un enclave convertido en los \u00faltimos a\u00f1os en punto de encuentro de grandes celebraciones. La gran sorpresa de la noche la protagoniz\u00f3 Luis Miguel. El cantante mexicano, pareja de Paloma desde 2022, fue el responsable de organizar la fiesta en la que no falt\u00f3 detalle. Aunque ambos llegaron discretamente en un coche con cristales tintados y accedieron al hotel por el parking, el artista se encarg\u00f3 de recibir a muchos de los invitados en el interior del sal\u00f3n reservado para la ocasi\u00f3n.<\/p>\n<p> <img src=\"https:\/\/www.europesays.com\/es\/wp-content\/uploads\/2025\/09\/70e60f585ff1-u533441022.jpg\"   width=\"1024\" height=\"673\" loading=\"lazy\" decoding=\"async\" alt=\"Media Image\" fetchpriority=\"auto\" class=\"image ho-image\"\/>\u00a9 GTRES<\/p>\n<p> <img src=\"https:\/\/www.europesays.com\/es\/wp-content\/uploads\/2025\/09\/fa55138b5ba2-u590757019.jpg\"   width=\"1024\" height=\"682\" loading=\"lazy\" decoding=\"async\" alt=\"Media Image\" fetchpriority=\"auto\" class=\"image ho-image\"\/>\u00a9 GTRES<\/p>\n<p id=\"evTmJXIKRmR\" data-wc=\"68\">La lista de asistentes estuvo a la altura de la homenajeada. Entre los primeros en llegar se encontraban <strong data-end=\"1843\" data-start=\"1815\">Victoriano Valencia<\/strong> y <strong data-end=\"1861\" data-start=\"1846\">Paloma D\u00edaz<\/strong>, padres de la dise\u00f1adora, muy emocionados por compartir una velada que reflejaba la serenidad del momento vital que atraviesa su hija. El torero, que acudi\u00f3 en silla de ruedas, irradiaba felicidad al ver c\u00f3mo Paloma vive una etapa de plenitud al lado de Luis Miguel.<\/p>\n<p> <img src=\"https:\/\/www.europesays.com\/es\/wp-content\/uploads\/2025\/09\/3e8027b442d7-u590757004.jpg\"   width=\"1024\" height=\"682\" loading=\"lazy\" decoding=\"async\" alt=\"Media Image\" fetchpriority=\"auto\" class=\"image ho-image\"\/>\u00a9 GTRES<\/p>\n<p> <img src=\"https:\/\/www.europesays.com\/es\/wp-content\/uploads\/2025\/09\/9eb125b38aa4-u590757002.jpg\"   width=\"1024\" height=\"682\" loading=\"lazy\" decoding=\"async\" alt=\"Media Image\" fetchpriority=\"auto\" class=\"image ho-image\"\/>\u00a9 GTRES<\/p>\n<p id=\"eB7mNDVTOgk\" data-wc=\"63\">Tambi\u00e9n acudieron amigos incondicionales como <strong data-end=\"2215\" data-start=\"2178\">Ra\u00fal Gonz\u00e1lez Blanco y Mamen Sanz<\/strong>, matrimonio muy cercano tanto a Paloma como al cantante, as\u00ed como Luis Alfonso de Borb\u00f3n y Margarita Vargas, que entraron juntos al hotel. Gema Ruiz y Juan D\u00edaz, Patricia Cerezo con su pareja Kiko G\u00e1mez y la joyera Cristina Yanes acompa\u00f1ada de su marido, Jos\u00e9 Luis Santos, tampoco faltaron a la cita.<\/p>\n<p> <img src=\"https:\/\/www.europesays.com\/es\/wp-content\/uploads\/2025\/09\/9a2690378765-u590757024.jpg\"   width=\"682\" height=\"1024\" loading=\"lazy\" decoding=\"async\" alt=\"Media Image\" fetchpriority=\"auto\" class=\"image ho-image\"\/>\u00a9 GTRES<\/p>\n<p> <img src=\"https:\/\/www.europesays.com\/es\/wp-content\/uploads\/2025\/09\/a32bc0ce6091-u590757015.jpg\"   width=\"1024\" height=\"682\" loading=\"lazy\" decoding=\"async\" alt=\"Media Image\" fetchpriority=\"auto\" class=\"image ho-image\"\/>\u00a9 GTRES<\/p>\n<p id=\"eeeMakItyMge\" data-wc=\"86\">La velada estuvo marcada por la emoci\u00f3n y la complicidad. Patricia Cerezo comparti\u00f3 en redes un v\u00eddeo en el que se la ve\u00eda bailando con la cumplea\u00f1era, con una cari\u00f1osa felicitaci\u00f3n. Paloma, por su parte, ya hab\u00eda adelantado d\u00edas antes en su perfil p\u00fablico de redes sociales el esp\u00edritu con el que afrontaba esta etapa al compartir una cita de Arist\u00f3teles junto a una fotograf\u00eda con Rosa Clar\u00e1: <strong>\u201cLa amistad es un alma que habita en dos cuerpos, un coraz\u00f3n que habita en dos almas \u201d.<\/strong><\/p>\n<p> <img src=\"https:\/\/www.europesays.com\/es\/wp-content\/uploads\/2025\/09\/79925cd6a5c9-la-amistad-es-un-alma-que-habita-en-dos-cuerpos-un-corazn-que-habita-en-dos-al.jpg\"   width=\"1024\" height=\"1024\" loading=\"lazy\" decoding=\"async\" alt=\"Media Image\" fetchpriority=\"auto\" class=\"image ho-image\"\/>\u00a9 palomacuevasofficial<\/p>\n<p> <img src=\"https:\/\/www.europesays.com\/es\/wp-content\/uploads\/2025\/09\/90b2b29f7d1c-u533441028.jpg\"   width=\"1080\" height=\"1800\" loading=\"lazy\" decoding=\"async\" alt=\"Paloma Cuevas en la boda de Daniel Clara y Anne Marie Collinsen Par\u00eds\" fetchpriority=\"auto\" class=\"image ho-image\"\/>\u00a9 GTRES<br \/>\nCargada de ilusi\u00f3n<\/p>\n<p id=\"eSTXrN12ZCak\" data-wc=\"53\">Para Paloma Cuevas, este cumplea\u00f1os significa mucho m\u00e1s que un n\u00famero. La dise\u00f1adora ha encontrado una estabilidad emocional que se refleja en todos los aspectos de su vida. Quienes la rodean aseguraban a \u00a1HOLA!: \u00ab<strong>Est\u00e1n enamorados como el primer d\u00eda<\/strong>\u00ab, y que es una historia de amor que se consolida con el tiempo.<\/p>\n<p> <img src=\"https:\/\/www.europesays.com\/es\/wp-content\/uploads\/2025\/09\/c20876ab370a-whatsapp-image-2024-10-31-at-170717.jpg\"   width=\"1024\" height=\"1024\" loading=\"lazy\" decoding=\"async\" alt=\"Primer plano de Luis Miguel y Paloma Cuevas\" fetchpriority=\"auto\" class=\"image ho-image\"\/><\/p>\n<p id=\"eiE_W0BkjE9r\" data-wc=\"109\">En el terreno profesional, Paloma sigue cosechando \u00e9xitos. Su colaboraci\u00f3n con Rosa Clar\u00e1 ha conquistado a invitadas de todo el mundo, que buscan en sus dise\u00f1os la elegancia atemporal que caracteriza su estilo. Adem\u00e1s, gestiona propiedades y proyectos empresariales con una visi\u00f3n est\u00e9tica muy personal. Su faceta solidaria tambi\u00e9n ocupa un lugar central en su vida. Desde hace a\u00f1os mantiene una estrecha colaboraci\u00f3n con la <strong data-end=\"4377\" data-start=\"4347\">Fundaci\u00f3n Ni\u00f1os en Alegr\u00eda<\/strong>, organizaci\u00f3n mexicana que trabaja para mejorar la educaci\u00f3n de la infancia en situaci\u00f3n vulnerable. Paloma no solo apoya la causa a nivel institucional, sino que tambi\u00e9n se implica en primera persona, compartiendo su tiempo y cari\u00f1o con los peque\u00f1os beneficiarios.<\/p>\n<p> <img src=\"https:\/\/www.europesays.com\/es\/wp-content\/uploads\/2025\/09\/9c4aa5c5a0b9-rosa-clara-paloma-cuevas.jpg\"   width=\"1080\" height=\"1800\" loading=\"lazy\" decoding=\"async\" alt=\"Paloma Cuevas con vestido de su colecci\u00f3n para Rosa Clar\u00e1\" fetchpriority=\"auto\" class=\"image ho-image\"\/>\u00a9 Rosa Clar\u00e1<br \/>\nSus vacaciones de verano juntos<\/p>\n<p id=\"ePPTH_z3fo\" data-wc=\"79\">Hace un a\u00f1o, <strong data-end=\"252\" data-start=\"198\">Luis Miguel recorr\u00eda Espa\u00f1a con una gira hist\u00f3rica<\/strong> que bati\u00f3 r\u00e9cords de asistencia y que lo llev\u00f3 por ciudades como C\u00f3rdoba, A Coru\u00f1a, Valencia, Sevilla, Murcia o Barcelona. Fue un verano de intensidad y m\u00fasica que contrast\u00f3 con el de este 2025, mucho m\u00e1s relajado y sereno. <a class=\"hm-link ho-link\" href=\"https:\/\/www.hola.com\/actualidad\/20250805848174\/luis-miguel-paloma-cuevas-vacaciones-verano-juntos\/\" rel=\"noopener nofollow\" target=\"_blank\" data-mrf-recirculation=\"article-body-link\">En esta ocasi\u00f3n, el artista dej\u00f3 a un lado el ritmo fren\u00e9tico de los escenarios para regalarse d\u00edas de calma, descanso y, sobre todo, tiempo junto a Paloma Cuevas.<\/a><\/p>\n<p> <img src=\"https:\/\/www.europesays.com\/es\/wp-content\/uploads\/2025\/09\/79c7cb3ccaad-gettyimages-2161057971.jpg\"   width=\"682\" height=\"1024\" loading=\"lazy\" decoding=\"async\" alt=\"Plano medio de Luis Miguel en un concierto\" fetchpriority=\"auto\" class=\"image ho-image\"\/>\u00a9 Getty Images<\/p>\n<p id=\"eKfmdK4mmZA\" data-wc=\"96\">Ese reencuentro, sin embargo, no se produjo hasta bien entrado agosto, ya que las primeras semanas de verano estuvieron marcadas por la distancia. <strong data-end=\"837\" data-start=\"791\">Los compromisos profesionales del cantante<\/strong> lo obligaron a permanecer en constante movimiento, mientras que Paloma permaneci\u00f3 en Madrid, volcada en el cuidado de sus padres, que atravesaban un delicado momento de salud, y en la educaci\u00f3n de sus hijas, Paloma y Bianca. Cercana y presente en su d\u00eda a d\u00eda, la dise\u00f1adora considera a su familia su m\u00e1xima prioridad, y aunque la separaci\u00f3n temporal fue inevitable, ambos vivieron el reencuentro con gran ilusi\u00f3n.<\/p>\n<p> <img src=\"https:\/\/www.europesays.com\/es\/wp-content\/uploads\/2025\/09\/8c74359e0667-img7610.jpg\"   width=\"637\" height=\"1024\" loading=\"lazy\" decoding=\"async\" alt=\"Paloma Cuevas en la boda de Natalia Santos\" fetchpriority=\"auto\" class=\"image ho-image\"\/>\u00a9 @palomacuevasofficial<\/p>\n<p id=\"eYHumCW_PMN\" data-wc=\"78\">Una vez juntos, la pareja disfrut\u00f3 de planes distendidos con su c\u00edrculo m\u00e1s cercano, esa pandilla de siempre que forman matrimonios tan c\u00f3mplices como <strong data-end=\"1516\" data-start=\"1486\">Ra\u00fal Gonz\u00e1lez y Mamen Sanz<\/strong> o <strong data-end=\"1564\" data-start=\"1519\">Luis Alfonso de Borb\u00f3n y Margarita Vargas<\/strong>. Adem\u00e1s, Paloma y Luis Miguel supieron compaginar sus encuentros con momentos familiares. El cantante mostr\u00f3 una excelente relaci\u00f3n con las hijas de Paloma, perfectamente integradas en su entorno, mientras que ella estrech\u00f3 a\u00fan m\u00e1s sus lazos con la familia del artista.<\/p>\n","protected":false},"excerpt":{"rendered":"Este 11 de septiembre, Paloma Cuevas ha soplado las velas de su 53\u00ba cumplea\u00f1os y lo ha hecho&hellip;\n","protected":false},"author":2,"featured_media":113141,"comment_status":"","ping_status":"","sticky":false,"template":"","format":"standard","meta":{"footnotes":""},"categories":[91],"tags":[517,146,147,25,24,21163,12553,35188,23],"class_list":{"0":"post-113140","1":"post","2":"type-post","3":"status-publish","4":"format-standard","5":"has-post-thumbnail","7":"category-entretenimiento","8":"tag-actualidad","9":"tag-entertainment","10":"tag-entretenimiento","11":"tag-es","12":"tag-espana","13":"tag-luis-miguel","14":"tag-mas-noticias","15":"tag-paloma-cuevas","16":"tag-spain"},"share_on_mastodon":{"url":"","error":""},"_links":{"self":[{"href":"https:\/\/www.europesays.com\/es\/wp-json\/wp\/v2\/posts\/113140","targetHints":{"allow":["GET"]}}],"collection":[{"href":"https:\/\/www.europesays.com\/es\/wp-json\/wp\/v2\/posts"}],"about":[{"href":"https:\/\/www.europesays.com\/es\/wp-json\/wp\/v2\/types\/post"}],"author":[{"embeddable":true,"href":"https:\/\/www.europesays.com\/es\/wp-json\/wp\/v2\/users\/2"}],"replies":[{"embeddable":true,"href":"https:\/\/www.europesays.com\/es\/wp-json\/wp\/v2\/comments?post=113140"}],"version-history":[{"count":0,"href":"https:\/\/www.europesays.com\/es\/wp-json\/wp\/v2\/posts\/113140\/revisions"}],"wp:featuredmedia":[{"embeddable":true,"href":"https:\/\/www.europesays.com\/es\/wp-json\/wp\/v2\/media\/113141"}],"wp:attachment":[{"href":"https:\/\/www.europesays.com\/es\/wp-json\/wp\/v2\/media?parent=113140"}],"wp:term":[{"taxonomy":"category","embeddable":true,"href":"https:\/\/www.europesays.com\/es\/wp-json\/wp\/v2\/categories?post=113140"},{"taxonomy":"post_tag","embeddable":true,"href":"https:\/\/www.europesays.com\/es\/wp-json\/wp\/v2\/tags?post=113140"}],"curies":[{"name":"wp","href":"https:\/\/api.w.org\/{rel}","templated":true}]}}