{"id":113148,"date":"2025-09-13T22:41:13","date_gmt":"2025-09-13T22:41:13","guid":{"rendered":"https:\/\/www.europesays.com\/es\/113148\/"},"modified":"2025-09-13T22:41:13","modified_gmt":"2025-09-13T22:41:13","slug":"monforte-acogera-el-primer-centro-especifico-para-menores-extranjeros-en-galicia-la-voz-de-galicia","status":"publish","type":"post","link":"https:\/\/www.europesays.com\/es\/113148\/","title":{"rendered":"Monforte acoger\u00e1 el primer centro espec\u00edfico para menores extranjeros en Galicia &#8211; La Voz de Galicia"},"content":{"rendered":"<ol>\n<li><a href=\"https:\/\/news.google.com\/rss\/articles\/CBMi6gFBVV95cUxNVGxodkdUTm9WSUZydUoyTGY1ZlpkVTlkUWljQVdxNHFicGIzMGE0c2l2SDlCOE5DNmtySnBUYTdaamUyOHRQMWFEZkhoNzBNMDREbDRCM01CSDExSnRnVndEUlY1NlVhSTVXWFRzdkVKUTlrUE5tcXZ2SmN6c2FSSThvYVF5LXN0cV95VWl0SmlYSTUxNXhscS1nbzBhOXBHWFFJZzhqTTJUXzZwWmhHU3doVmhhWVJiS3RBYXdDM1NrVnduQnNjcmxOc2Q3TV9Uc0JRQzE2cHpCaE03NkZZbGxEejUza1pJVnfSAYYCQVVfeXFMT0tzcEZhUVQzSEcyRFVSSjA2bl9Zd2VUU3hXVEdkVURnREh2SlhIVXZnVi1NbGoyM2pwM3ctVzlRNmtzZVMtdDJSdFNxNmYxd3cteEtUaDVTaGRGQWhGdzJ6dmRmNUxtT0ZjWnBtRHBLNTBSOXFjT19JMkc0SEE5UFMzNVNya1NxUlBsQjk3X24xeXZIVEsyOVM3aUxtbXc1M2hLWjM5Vm1renhiLURIREExMFlUWm8wRUMxMDh2RENMc01GM1ZpVjAyWDJQejZ4c295d3E0UVdkNlY3MVQtOFAtYXk1SG1raTY3Nm1iNTFnTU9KT0dHUUk3RmVNRGNhNnlGd1l6dw?oc=5\" target=\"_blank\" rel=\"nofollow noopener\">Monforte acoger\u00e1 el primer centro espec\u00edfico para menores extranjeros en Galicia<\/a>&nbsp;&nbsp;La Voz de Galicia<\/li>\n<li><a href=\"https:\/\/news.google.com\/rss\/articles\/CBMi2gFBVV95cUxQMTRrNDVqRkZlZDNJdm9rNDlzMUkwQmVncDhoVkJESXRicXFNYnJGN3lzMVlHWGN0RUtObjk0X0xiTzhOSjFqcnZ0SkpBX0o5SDFmcmxGNDFuODRvcE1wY3FhOWh6NTd6bUFaaDVIa3lsZ3l5dU5lUWo4b1ZVR1VMQlhWVmJxcFlzcUpEenFuOGFjZlhlQlpHYjhRQ1JPcEI1NUNZT2JGUWVpdlNoRW9RaHVMc1lHbzQxUzdZdEQ3SWtlY0FqX2NfSGFIamRGX3VWMWdFMW1KcVFPUdIB3wFBVV95cUxQR0lGN05rbkozU3JvbW0yN09OVjVHcWhtODVzUTRzRWFuUmNGY1NPVXFKVVJzZEdKWHVEMnBDRjJFTlJuREtnWkVCa0FxZm9BTUtvbUtzUW8zWE13SXdaUnFIdFRyNlNGcndnXzZEMHJ5RmRfdkxHMGQtem84b28wWDE4MDRJMlZNYXNWNm5ucFZ0bkJWb1RUSDMxdzg0Z05EN3c0cEl3THc1bGhOb3B5ZWlibW9JbmJfMjZtVjhQZmJPMTFTQkRuTVk5VXpIdUp6cXh0alRIVlhQdjZ4OS1R?oc=5\" target=\"_blank\" rel=\"nofollow noopener\">La Xunta abrir\u00e1 en Monforte (Lugo) el primer centro para acogida de menores migrantes<\/a>&nbsp;&nbsp;La Vanguardia<\/li>\n<li><a href=\"https:\/\/news.google.com\/rss\/articles\/CBMizAFBVV95cUxNZG9LeVFtTTRRVWJvbGNOZ2lrb203VGx4VDgyTHRTb2JnUGM0NGxKZk5WLXg2aDBUM05RYlJvX0FrVUlYWE1xREtjV21rUXFQWG5faGN2bXRNRnR3V0FydmdaQ3JRc21ldE1QaXFPZ3lTY2lvVS1oUWp3bEFYVWluQXRIN0FWSTJnN180c2prVEs1VGNvR09mWGMyVnRwdU53QTJTRElJTThCNC1DakZvTmNlRkk1M2JjSGdyeGJvbmUzckM4YjNZWGpBX00?oc=5\" target=\"_blank\" rel=\"nofollow noopener\">Fabiola Garc\u00eda anuncia que la Xunta busca ya localizaciones para acoger a los menores migrantes que el Gobierno central quiere trasladar a Galicia<\/a>&nbsp;&nbsp;Xunta de Galicia<\/li>\n<li><a href=\"https:\/\/news.google.com\/rss\/articles\/CBMi0gFBVV95cUxQbk5Fa3BwVUllSG15d3Q3OC0zR2VMRkZpNWFTeWxVZjRDTmRyM1d1M1UxWHRuTVQyT2x4b0ZwRi01QjBFWUcxVWxnV1Y5WlFNSzBoaXo4MlhMTWlXc1FQX3RaY05CRDJvVVB3emtsMEw4ZEtFeFF2LTVCZE9sOWoyQ1BpbW1RNXlST0J3aTdxd0RKNDJPZm9Sb19pSEJkMDdKaENsVnhuNS1CVnN0Wmg4ZElrbnZKSlNXdGduWnlXVDRnZzJua2xzYloxbVhqVy1EUWc?oc=5\" target=\"_blank\" rel=\"nofollow noopener\">Duras cr\u00edticas del BNG a la decisi\u00f3n de la Xunta de crear centros espec\u00edficos para los menores migrantes: \u00abSon ghetos\u00bb<\/a>&nbsp;&nbsp;elDiario.es<\/li>\n<li><a href=\"https:\/\/news.google.com\/rss\/articles\/CBMipAFBVV95cUxPM2VuU1NaSWRXUVFlb2JpaFptMHBhR2VuSm45RUZnYzAxU05pb1VCeXl6cFNlc3NJTTBLXy1lRTA0S3h3QmM1YW9lN2ZUajZZTkpoeU9abzFPcjVpVlg0RGpxQWJzTGxXN0FMWXFVNzBHcnNvLXNCXzVqRElQN1l4bU41RGtjc1paQ2FkYTdBdEVaaE43MEctOGE4T0FZU1dzQ3RXZg?oc=5\" target=\"_blank\" rel=\"nofollow noopener\">Galicia tendr\u00e1 que crear centros espec\u00edficos para los menores no acompa\u00f1ados<\/a>&nbsp;&nbsp;ABC<\/li>\n<\/ol>\n","protected":false},"excerpt":{"rendered":"Monforte acoger\u00e1 el primer centro espec\u00edfico para menores extranjeros en Galicia&nbsp;&nbsp;La Voz de Galicia La Xunta abrir\u00e1 en&hellip;\n","protected":false},"author":2,"featured_media":113149,"comment_status":"","ping_status":"","sticky":false,"template":"","format":"standard","meta":{"footnotes":""},"categories":[8],"tags":[17,18,25,24,13,14,11,19,20,9,10,15,16,1802,23,12,21,22,8510],"class_list":{"0":"post-113148","1":"post","2":"type-post","3":"status-publish","4":"format-standard","5":"has-post-thumbnail","7":"category-espana","8":"tag-breaking-news","9":"tag-breakingnews","10":"tag-es","11":"tag-espana","12":"tag-featured-news","13":"tag-featurednews","14":"tag-headlines","15":"tag-latest-news","16":"tag-latestnews","17":"tag-news","18":"tag-noticias","19":"tag-noticias-destacadas","20":"tag-noticiasdestacadas","21":"tag-politica-social","22":"tag-spain","23":"tag-titulares","24":"tag-ultimas-noticias","25":"tag-ultimasnoticias","26":"tag-xunta-de-galicia"},"share_on_mastodon":{"url":"","error":""},"_links":{"self":[{"href":"https:\/\/www.europesays.com\/es\/wp-json\/wp\/v2\/posts\/113148","targetHints":{"allow":["GET"]}}],"collection":[{"href":"https:\/\/www.europesays.com\/es\/wp-json\/wp\/v2\/posts"}],"about":[{"href":"https:\/\/www.europesays.com\/es\/wp-json\/wp\/v2\/types\/post"}],"author":[{"embeddable":true,"href":"https:\/\/www.europesays.com\/es\/wp-json\/wp\/v2\/users\/2"}],"replies":[{"embeddable":true,"href":"https:\/\/www.europesays.com\/es\/wp-json\/wp\/v2\/comments?post=113148"}],"version-history":[{"count":0,"href":"https:\/\/www.europesays.com\/es\/wp-json\/wp\/v2\/posts\/113148\/revisions"}],"wp:featuredmedia":[{"embeddable":true,"href":"https:\/\/www.europesays.com\/es\/wp-json\/wp\/v2\/media\/113149"}],"wp:attachment":[{"href":"https:\/\/www.europesays.com\/es\/wp-json\/wp\/v2\/media?parent=113148"}],"wp:term":[{"taxonomy":"category","embeddable":true,"href":"https:\/\/www.europesays.com\/es\/wp-json\/wp\/v2\/categories?post=113148"},{"taxonomy":"post_tag","embeddable":true,"href":"https:\/\/www.europesays.com\/es\/wp-json\/wp\/v2\/tags?post=113148"}],"curies":[{"name":"wp","href":"https:\/\/api.w.org\/{rel}","templated":true}]}}