{"id":113150,"date":"2025-09-13T22:42:11","date_gmt":"2025-09-13T22:42:11","guid":{"rendered":"https:\/\/www.europesays.com\/es\/113150\/"},"modified":"2025-09-13T22:42:11","modified_gmt":"2025-09-13T22:42:11","slug":"mbappe-lidera-victoria-del-real-madrid-ante-la-real-sociedad-a-pesar-de-quedarse-con-10-hombres","status":"publish","type":"post","link":"https:\/\/www.europesays.com\/es\/113150\/","title":{"rendered":"Mbapp\u00e9 lidera victoria del Real Madrid ante la Real Sociedad a pesar de quedarse con 10 hombres"},"content":{"rendered":"\n<p>BARCELONA\u00a0\u2014\u00a0Kylian Mbapp\u00e9 anot\u00f3 un gol y asisti\u00f3 en otro para que el Real Madrid, que se qued\u00f3 con diez jugadores, venciera el s\u00e1bado 2-1 a la Real Sociedad en La Liga.<\/p>\n<p>La estrella francesa abri\u00f3 el marcador a los 12 minutos con su cuarto gol en igual n\u00famero de partidos esta temporada. Mbapp\u00e9 utiliz\u00f3 su velocidad superior para alcanzar un mal pase de un jugador de la Sociedad y disparar m\u00e1s all\u00e1 del portero \u00c1lex Remiro.<\/p>\n<p>El Madrid jug\u00f3 con un hombre menos durante casi una hora despu\u00e9s de que el nuevo defensor central Dean Huijsen recibi\u00f3 una tarjeta roja directa a los 32 minutos por derribar a Mikel Oyarzabal cuando solo quedaba el portero por superar.<\/p>\n<p>Pero Mbapp\u00e9 ayud\u00f3 a duplicar la ventaja al 44 con un elegante regate girando alrededor de su marcador cerca de la l\u00ednea de fondo antes de encontrar a Arda Guler con un pase para que el mediocampista turco anotara.<\/p>\n<p>Oyarzabal descont\u00f3 para los anfitriones al convertir un penalti a los 56 minutos. Dani Carvajal hab\u00eda concedido el penal cuando un bal\u00f3n golpe\u00f3 su brazo en el \u00e1rea.<\/p>\n<p>Fue la cuarta victoria del Madrid en igual n\u00famero de partidos para comenzar La Liga.<\/p>\n<p>\u201cLa tarjeta cambi\u00f3 un poco el partido. Hemos sufrido como equipo, pero nos volvemos con los tres puntos\u201d.<\/p>\n<p>\u201cLa tarjeta roja cambi\u00f3 un poco el juego. Luchamos un poco como equipo, pero nos llevamos los tres puntos a casa\u201d, dijo Mbapp\u00e9.<\/p>\n<p>El Madrid no gan\u00f3 un partido importante con Mbapp\u00e9 la temporada pasada terminando detr\u00e1s del Barcelona en la liga. Con Xabi Alonso como su nuevo entrenador, tiene una ventaja temprana sobre su principal rival. El Barcelona juega contra el Valencia el domingo y est\u00e1 cinco puntos detr\u00e1s del Madrid.<\/p>\n<p>Alonso dijo que Huijsen, quien se uni\u00f3 desde el Bournemouth este verano, estaba \u201cenfadado pero aliviado por la victoria del equipo\u201d despu\u00e9s de ver que su expulsi\u00f3n no ayud\u00f3 a costarle puntos a su equipo.<\/p>\n<p>___<\/p>\n<p>Deportes en espa\u00f1ol AP: https:\/\/apnews.com\/hub\/deportes<\/p>\n","protected":false},"excerpt":{"rendered":"BARCELONA\u00a0\u2014\u00a0Kylian Mbapp\u00e9 anot\u00f3 un gol y asisti\u00f3 en otro para que el Real Madrid, que se qued\u00f3 con&hellip;\n","protected":false},"author":2,"featured_media":113151,"comment_status":"","ping_status":"","sticky":false,"template":"","format":"standard","meta":{"footnotes":""},"categories":[5],"tags":[17,18,2125,25,24,13,14,3689,11,366,38346,378,19,20,1044,38347,25760,24904,38348,14499,9,10,15,16,1045,3048,7209,23,12,21,22,1261],"class_list":{"0":"post-113150","1":"post","2":"type-post","3":"status-publish","4":"format-standard","5":"has-post-thumbnail","7":"category-titulares","8":"tag-breaking-news","9":"tag-breakingnews","10":"tag-directo","11":"tag-es","12":"tag-espana","13":"tag-featured-news","14":"tag-featurednews","15":"tag-gol","16":"tag-headlines","17":"tag-hombre","18":"tag-igual-numero","19":"tag-jugador","20":"tag-latest-news","21":"tag-latestnews","22":"tag-liga","23":"tag-mal-pase","24":"tag-marcador","25":"tag-mbappe","26":"tag-mikel-oyarzabal","27":"tag-minuto","28":"tag-news","29":"tag-noticias","30":"tag-noticias-destacadas","31":"tag-noticiasdestacadas","32":"tag-partido","33":"tag-real-madrid","34":"tag-real-sociedad","35":"tag-spain","36":"tag-titulares","37":"tag-ultimas-noticias","38":"tag-ultimasnoticias","39":"tag-victoria"},"share_on_mastodon":{"url":"","error":""},"_links":{"self":[{"href":"https:\/\/www.europesays.com\/es\/wp-json\/wp\/v2\/posts\/113150","targetHints":{"allow":["GET"]}}],"collection":[{"href":"https:\/\/www.europesays.com\/es\/wp-json\/wp\/v2\/posts"}],"about":[{"href":"https:\/\/www.europesays.com\/es\/wp-json\/wp\/v2\/types\/post"}],"author":[{"embeddable":true,"href":"https:\/\/www.europesays.com\/es\/wp-json\/wp\/v2\/users\/2"}],"replies":[{"embeddable":true,"href":"https:\/\/www.europesays.com\/es\/wp-json\/wp\/v2\/comments?post=113150"}],"version-history":[{"count":0,"href":"https:\/\/www.europesays.com\/es\/wp-json\/wp\/v2\/posts\/113150\/revisions"}],"wp:featuredmedia":[{"embeddable":true,"href":"https:\/\/www.europesays.com\/es\/wp-json\/wp\/v2\/media\/113151"}],"wp:attachment":[{"href":"https:\/\/www.europesays.com\/es\/wp-json\/wp\/v2\/media?parent=113150"}],"wp:term":[{"taxonomy":"category","embeddable":true,"href":"https:\/\/www.europesays.com\/es\/wp-json\/wp\/v2\/categories?post=113150"},{"taxonomy":"post_tag","embeddable":true,"href":"https:\/\/www.europesays.com\/es\/wp-json\/wp\/v2\/tags?post=113150"}],"curies":[{"name":"wp","href":"https:\/\/api.w.org\/{rel}","templated":true}]}}