{"id":113156,"date":"2025-09-13T22:46:08","date_gmt":"2025-09-13T22:46:08","guid":{"rendered":"https:\/\/www.europesays.com\/es\/113156\/"},"modified":"2025-09-13T22:46:08","modified_gmt":"2025-09-13T22:46:08","slug":"rahm-esprinta-bien-pero-tarde","status":"publish","type":"post","link":"https:\/\/www.europesays.com\/es\/113156\/","title":{"rendered":"Rahm esprinta bien pero tarde"},"content":{"rendered":"<p><a class=\"v-mdl-ath__fig-a\" href=\"https:\/\/www.elcorreo.com\/autor\/ivan-orio-2308.html\" title=\"Iv\u00e1n Orio\" rel=\"nofollow noopener\" target=\"_blank\"><br \/>\n<img decoding=\"async\" class=\"v-mdl-ath__img\" src=\"https:\/\/www.europesays.com\/es\/wp-content\/uploads\/2025\/09\/autor-2308-foto-2.jpeg\" alt=\"Iv\u00e1n Orio\"\/><br \/>\n<\/a><\/p>\n<p class=\"v-mdl-ath__p v-mdl-ath__p--6\">\nS\u00e1bado, 13 de septiembre 2025, 19:45<\/p>\n<p class=\"v-p\">Jon Rahm esprint\u00f3 en el tramo final en la tercera jornada del BMW PGA Championship de Wentworth, a 35 kil\u00f3metros de Londres, pero fue un despertar tard\u00edo que s\u00f3lo sirvi\u00f3 para escalar algunas posiciones en la clasificaci\u00f3n, porque en realidad el menos tres de ayer, menos siete en el c\u00f3mputo global del torneo, le deja todav\u00eda muy lejos de la cabeza y con numerosos rivales por delante desde la zona media a la noble para la jornada decisiva. El vizca\u00edno se hab\u00eda movido en el alambre durante el espectacular recorrido ingl\u00e9s y su pasaporte renqueaba hasta que encaden\u00f3 tres birdies en los hoyos 16, 17 y 18 que le permitieron darle lustre y mantenerse en el balc\u00f3n de los que quieren acabar arriba en la previa a la Ryder Cup de Nueva York el \u00faltimo fin de semana de mes. Colideran la cita londinense el sueco Alex Noren y el franc\u00e9s Adrien Saddier con menos quince.<\/p>\n<p class=\"v-p\">Apost\u00f3 el de Barrika por un golf m\u00e1s acad\u00e9mico despu\u00e9s de que la v\u00edspera los hierros le jugaran una mala pasada y el punto de mira estuviera desviado, con la mayor\u00eda de los tiros a green demasiado largos y obligado por tanto a inventar una recuperaci\u00f3n tras otra para salvar los muebles. Se not\u00f3 que hab\u00eda calibrado las herramientas porque se mostr\u00f3 m\u00e1s certero en la b\u00fasqueda de las banderas, pero no con la precisi\u00f3n necesaria para dejarse buenas oportunidades de conquistarlas. El bogey en el par 3 del hoyo 2 no auguraba nada bueno, pero se repuso con rapidez y firm\u00f3 un birdie en el par 5 del cuatro que dejaban las cosas como estaban.<\/p>\n<p class=\"v-p\"><strong>Otro obst\u00e1culo<\/strong><\/p>\n<p class=\"v-p\">Rahm entr\u00f3 despu\u00e9s en un per\u00edodo en el que no amenazaba con enlazar premios en las banderas pero tampoco sufr\u00eda. Transitaba con soltura por Wentwoerth y solvent\u00f3 con suficiencia cuatro hoyos consecutivos hasta que de repente volvi\u00f3 a chocar con el campo en el 9, donde cay\u00f3 otro bogey. No hizo mella este fallo en el \u00e1nimo de Rahm, que se puso el mono de trabajo y se conjur\u00f3 para ganar puestos en el segundo tramo del trayecto, muy favorable a sus intereses al haber tres largos pares cinco que se amoldan como un guante al golf del bicampe\u00f3n del LIV, que apura su juego y estado de forma para llegar en plentitud al enfrentamiento contra Estados Unidos en la Rider.<\/p>\n<p class=\"v-p\">El paisaje se despej\u00f3 y el ganador de la chaqueta verde y el US Open aprovech\u00f3 sus oportunidades. Canje\u00f3 por birdies los mencionados tres pares cinco \u2013hizo pleno porque tambi\u00e9n se hab\u00eda hecho con la bandera del hoyo 4\u2013 y obtuvo tambi\u00e9n premio en el par 4 del 15. Y es que en este sector final del recorrido encontr\u00f3 con facilidad las calles desde los tees de salida, lo que facilit\u00f3 sobremanera su intento de remontada. Este domingo tendr\u00e1 que exprimirse al m\u00e1ximo si quiere apuntar m\u00e1s alto en el torneo.<\/p>\n<p>Comenta<\/p>\n<p>Reporta un error<\/p>\n","protected":false},"excerpt":{"rendered":"S\u00e1bado, 13 de septiembre 2025, 19:45 Jon Rahm esprint\u00f3 en el tramo final en la tercera jornada del&hellip;\n","protected":false},"author":2,"featured_media":113157,"comment_status":"","ping_status":"","sticky":false,"template":"","format":"standard","meta":{"footnotes":""},"categories":[275],"tags":[14649,168,25,24,38349,329,330,23,167,11054],"class_list":{"0":"post-113156","1":"post","2":"type-post","3":"status-publish","4":"format-standard","5":"has-post-thumbnail","7":"category-golf","8":"tag-bien","9":"tag-deportes","10":"tag-es","11":"tag-espana","12":"tag-esprinta","13":"tag-golf","14":"tag-rahm","15":"tag-spain","16":"tag-sports","17":"tag-tarde"},"share_on_mastodon":{"url":"","error":""},"_links":{"self":[{"href":"https:\/\/www.europesays.com\/es\/wp-json\/wp\/v2\/posts\/113156","targetHints":{"allow":["GET"]}}],"collection":[{"href":"https:\/\/www.europesays.com\/es\/wp-json\/wp\/v2\/posts"}],"about":[{"href":"https:\/\/www.europesays.com\/es\/wp-json\/wp\/v2\/types\/post"}],"author":[{"embeddable":true,"href":"https:\/\/www.europesays.com\/es\/wp-json\/wp\/v2\/users\/2"}],"replies":[{"embeddable":true,"href":"https:\/\/www.europesays.com\/es\/wp-json\/wp\/v2\/comments?post=113156"}],"version-history":[{"count":0,"href":"https:\/\/www.europesays.com\/es\/wp-json\/wp\/v2\/posts\/113156\/revisions"}],"wp:featuredmedia":[{"embeddable":true,"href":"https:\/\/www.europesays.com\/es\/wp-json\/wp\/v2\/media\/113157"}],"wp:attachment":[{"href":"https:\/\/www.europesays.com\/es\/wp-json\/wp\/v2\/media?parent=113156"}],"wp:term":[{"taxonomy":"category","embeddable":true,"href":"https:\/\/www.europesays.com\/es\/wp-json\/wp\/v2\/categories?post=113156"},{"taxonomy":"post_tag","embeddable":true,"href":"https:\/\/www.europesays.com\/es\/wp-json\/wp\/v2\/tags?post=113156"}],"curies":[{"name":"wp","href":"https:\/\/api.w.org\/{rel}","templated":true}]}}