{"id":113158,"date":"2025-09-13T22:47:13","date_gmt":"2025-09-13T22:47:13","guid":{"rendered":"https:\/\/www.europesays.com\/es\/113158\/"},"modified":"2025-09-13T22:47:13","modified_gmt":"2025-09-13T22:47:13","slug":"gran-ambiente-en-la-final-del-torneo-wta-de-donostia-el-diario-vasco","status":"publish","type":"post","link":"https:\/\/www.europesays.com\/es\/113158\/","title":{"rendered":"Gran ambiente en la final del torneo WTA de Donostia &#8211; El Diario Vasco"},"content":{"rendered":"<ol>\n<li><a href=\"https:\/\/news.google.com\/rss\/articles\/CBMiqAFBVV95cUxOVjRma2lBM2xsTTFuM1Bhb0hUd0RJQTZTRHJfV01rN2lPUVdKTS01WjZjT0gyX0dNV0ZaMUlpWTV3N08zNVBnNktQZVUyc0JFbGk4VnloM3JfUC1zejdfMm1VdTIwOGlPcnhudUhOUmpIMkgwbFA3VzZwOC0xVVJaejBRQVlmZ1NSdmF6bzJEbmlISTlhUU5mcnZaRFNEbGJOdFR3LWlhOUzSAa4BQVVfeXFMUEFjSktQU2Z5X0V3QW44bHlNWXlGNzRNS1ZFbS1sYktma0x2ZnBLektPWmtDZWt3emQ0b214N0FVTzREYkZpTlVjT0g2dWgzZlpJajg5Tl9qLXZiQlBseWdTMWpZaUhWY1c2bjdDV0FfNmlkUUFtUmpQV2ZoQkdobl84NmRZejlaLWF1ZERFMGJUejFxNmxhMmN6UHh5Sk5XeUJoY011NGpUZ0xkejhn?oc=5\" target=\"_blank\" rel=\"nofollow noopener\">Gran ambiente en la final del torneo WTA de Donostia<\/a>&nbsp;&nbsp;El Diario Vasco<\/li>\n<li><a href=\"https:\/\/news.google.com\/rss\/articles\/CBMilAFBVV95cUxPNU9tUGplZVZ6RFR3bFF1VHFoOVQ0VXcwQVYyX2FLR0RRd3dibENya0o5NEtSX2Npd0N3YTNpYzlfb0VGTWVObUhvbVdYV3ZYVktnNUdGdWs2LUpDUmpoOWRfVVNFMldXazZ1SEUyVnpWR0x5YlBhZGJCMkNrRVFyY1dqd1kybnA5VkEwQVRLLV9qZ3B00gGoAUFVX3lxTE1NYU9uUUFZZDNvQ25Fc3YyX0x1dWdYcGs5YlpDbDUzLWM0bGdfQ2FmT2hWUzVkY1lmLUwtXzE1VjZBQlpudVA0ZGsxUkNtd0JZTENra1VNcDNKVnZhbmFNYW5MblYyT3NXNzdPaXMyVk1UeWtPcUdoSEZ0Z3JUeDY5dW5zQmxiVHVoQ2Y4UGRuRF9HN0s2NkdNbTJkWjhfdHppSEdEUlpqTw?oc=5\" target=\"_blank\" rel=\"nofollow noopener\">Selekhmeteva, campeona del Open Internacional de San Sebasti\u00e1n<\/a>&nbsp;&nbsp;Diario AS<\/li>\n<li><a href=\"https:\/\/news.google.com\/rss\/articles\/CBMiowFBVV95cUxQSTAxMXM3eXFVQTN4NWtLcnp1cWZOa3ZaRUxoY05KdGhMQ2g3MnpXVGRUWmlRYmRZNWRGX2FfeGQwMV9MZG5YZ2FwUzhXcGZOaW9FcVNibnVXZHlIQmRCb0pieVdSUzNqaEp0WW1kX2tJRUxOaldBTzVEVTVRQVlpZ3NzY2RaSlByRS1rbHBPVXJ2bXhNTEJkT2dtM1pDZnJITEdv?oc=5\" target=\"_blank\" rel=\"nofollow noopener\">Selekhmeteva, campeona del WTA 125 de Ondarreta<\/a>&nbsp;&nbsp;El Diario Vasco<\/li>\n<li><a href=\"https:\/\/news.google.com\/rss\/articles\/CBMizwFBVV95cUxQaDk2MU03WlVYTGQtUC1ueUJ0SWVJYXAwWmdLaEM0YjBYX2dQaVU0OWd4MXlCZTVPVEQ2X0N6NEtLcWd6bmVJX3YwcG8tOWdYdEFCeFI0aFdYdTB1X3JuRXBqNWVzNmU2VTg1V1ZKcHl5NnZEUTJtQWZOYUpURlBIay1mcFdYdnVnWTRHdTc4OG5vejRjeXI3RUxLMDNVOThpbVk5bjdWcnh1X3RUdlk0a2ZFZjhURXFiMmk5MHpLYllBWlM1cjJoS1dsR0c1TkE?oc=5\" target=\"_blank\" rel=\"nofollow noopener\">El Torneo de tenis de Donostia se inclina ante el poder\u00edo de la rusa Oksana Selekhmeteva<\/a>&nbsp;&nbsp;naiz:<\/li>\n<li><a href=\"https:\/\/news.google.com\/rss\/articles\/CBMimAFBVV95cUxONmY4eUI5WHEtRFpManpMNEYxVG9yd0lEV0VaMmQ2OHhVTjk3aS1tdUxkbHEyZWstVmVWQzE2d2l0YXlpekZMM2NKWFNIS1Q0S0xKal80Z3dLU0RJRVllWDY4UkwwRUgwXzVXUDM4RWlwdVd5LXo2OTJwQUN4cXVHNUpUNWlBVWppRlBscllxMjNOVVlleUpFaQ?oc=5\" target=\"_blank\" rel=\"nofollow noopener\">WTA San Sebasti\u00e1n 2025. No habr\u00e1 espa\u00f1olas en semifinales<\/a>&nbsp;&nbsp;Punto de Break<\/li>\n<\/ol>\n","protected":false},"excerpt":{"rendered":"Gran ambiente en la final del torneo WTA de Donostia&nbsp;&nbsp;El Diario Vasco Selekhmeteva, campeona del Open Internacional de&hellip;\n","protected":false},"author":2,"featured_media":113159,"comment_status":"","ping_status":"","sticky":false,"template":"","format":"standard","meta":{"footnotes":""},"categories":[274],"tags":[168,25,24,4649,1058,61,2228,11678,23,167,327,326,775],"class_list":{"0":"post-113158","1":"post","2":"type-post","3":"status-publish","4":"format-standard","5":"has-post-thumbnail","7":"category-tenis","8":"tag-deportes","9":"tag-es","10":"tag-espana","11":"tag-femenino","12":"tag-final","13":"tag-internacional","14":"tag-san","15":"tag-sebastian","16":"tag-spain","17":"tag-sports","18":"tag-tenis","19":"tag-tennis","20":"tag-torneo"},"share_on_mastodon":{"url":"","error":""},"_links":{"self":[{"href":"https:\/\/www.europesays.com\/es\/wp-json\/wp\/v2\/posts\/113158","targetHints":{"allow":["GET"]}}],"collection":[{"href":"https:\/\/www.europesays.com\/es\/wp-json\/wp\/v2\/posts"}],"about":[{"href":"https:\/\/www.europesays.com\/es\/wp-json\/wp\/v2\/types\/post"}],"author":[{"embeddable":true,"href":"https:\/\/www.europesays.com\/es\/wp-json\/wp\/v2\/users\/2"}],"replies":[{"embeddable":true,"href":"https:\/\/www.europesays.com\/es\/wp-json\/wp\/v2\/comments?post=113158"}],"version-history":[{"count":0,"href":"https:\/\/www.europesays.com\/es\/wp-json\/wp\/v2\/posts\/113158\/revisions"}],"wp:featuredmedia":[{"embeddable":true,"href":"https:\/\/www.europesays.com\/es\/wp-json\/wp\/v2\/media\/113159"}],"wp:attachment":[{"href":"https:\/\/www.europesays.com\/es\/wp-json\/wp\/v2\/media?parent=113158"}],"wp:term":[{"taxonomy":"category","embeddable":true,"href":"https:\/\/www.europesays.com\/es\/wp-json\/wp\/v2\/categories?post=113158"},{"taxonomy":"post_tag","embeddable":true,"href":"https:\/\/www.europesays.com\/es\/wp-json\/wp\/v2\/tags?post=113158"}],"curies":[{"name":"wp","href":"https:\/\/api.w.org\/{rel}","templated":true}]}}