{"id":113190,"date":"2025-09-13T23:07:09","date_gmt":"2025-09-13T23:07:09","guid":{"rendered":"https:\/\/www.europesays.com\/es\/113190\/"},"modified":"2025-09-13T23:07:09","modified_gmt":"2025-09-13T23:07:09","slug":"navalon-y-de-miranda-al-pie-del-ascensor","status":"publish","type":"post","link":"https:\/\/www.europesays.com\/es\/113190\/","title":{"rendered":"Naval\u00f3n y De Miranda al pie del ascensor"},"content":{"rendered":"<p><img fetchpriority=\"high\" class=\"v-a-img\" src=\"https:\/\/www.europesays.com\/es\/wp-content\/uploads\/2025\/09\/205117597--1200x840.jpg\" loading=\"eager\" decoding=\"async\" alt=\"Naval\u00f3n y De Miranda al pie del ascensor\"  width=\"1200\" height=\"840\"\/><\/p>\n<p>Si uno es m\u00e1s Ojeda, eso dicen las cr\u00f3nicas de M\u00e1laga, el otro  es m\u00e1s D\u00e1masoSus triunfos recientes deben elevarlos pese  a la resistencia del sistema empresarial<\/p>\n<p class=\"v-mdl-ath__p v-mdl-ath__p--6\">\nDomingo, 14 de septiembre 2025, 00:14<\/p>\n<p class=\"v-p\">La temporada taurina se ha adentrado en un momento decisivo para los espadas en tiempo de merecer y crecer. Una buena racha final les deja bien situados para el arranque de la siguiente. Y en estos momentos hay varios nombres que est\u00e1n en la cabeza de las revelaciones: Samuel Naval\u00f3n y David de Mirada figuran entre los m\u00e1s destacados y a punto para el gran asalto, dicho con todas las reservas que implica una profesi\u00f3n tan expuesta en la que los accidentes y los cruces de intereses (sin olvidar los cambios de \u00e1nimo de los propios toreros) son capaces de arruinar los mejores augurios. Es tan cierto que los dos suman triunfos de relieve como que ninguno de los dos ha tenido este a\u00f1o, esa es la impresi\u00f3n general, la atenci\u00f3n ni mucho menos la recompensa que merec\u00edan esos triunfos. <\/p>\n<p class=\"v-p\">El valenciano comenz\u00f3 a opositar con \u00e9xitos continuados desde el mismo d\u00eda de la alternativa en Albacete la temporada pasada y pocos d\u00edas despu\u00e9s, nada menos que en la feria de Oto\u00f1o de Madrid, confirm\u00f3 el ascenso con nota alta en lo que supon\u00eda todo un reto de alto riesgo. No decay\u00f3 esta temporada pese a las evidentes desatenciones que le aplicaron, no le incluyeron en Fallas donde en buena l\u00f3gica se supon\u00eda que tendr\u00eda un sitio destacado ni en los carteles estelares de Madrid, en realidad nada que le hiciese mella ni le impidiese seguir martilleando las puertas del futuro. <\/p>\n<p class=\"v-p\">En este \u00faltimo tramo de temporada con triunfos resonantes en Casas Ib\u00e1\u00f1ez donde cort\u00f3 un rabo a un saltillo de Victorino Mart\u00edn, en Requena y sobre todo en Albacete, su patria de adopci\u00f3n, en festejo televisado ha recargado su argumentario para que el pr\u00f3ximo arranque de temporada encuentre la atenci\u00f3n contractual que merece. <\/p>\n<p>De Miranda<\/p>\n<p class=\"v-p\">Por su parte David de Miranda, que ya hab\u00eda abierto la Puerta del Pr\u00edncipe en abril sin que el hito le contase mucho, este verano tras su actuaci\u00f3n en la feria de M\u00e1laga se ha convertido en el gran impacto que ha puesto al toreo en modo de m\u00e1xima atenci\u00f3n. \u00bfQu\u00e9 ha pasado, qu\u00e9 es esto?&#8230; se preguntaban los aficionados. Nada por lo visto que conmoviese las anquilosadas estructuras del toreo que apenas ha sido capaz de abrirle las puertas en unas pocas sustituciones de diestros heridos. Una de ellas en Linares donde repiti\u00f3 apuesta con un impacto semejante al alcanzado en la capital costasole\u00f1a que le ha permitido mantener intactas la ola de expectaci\u00f3n. <\/p>\n<p>Diferencias<\/p>\n<p class=\"v-p\">De Miranda y Naval\u00f3n son toreros muy diferentes sobre una evidente base de valor, de los de ir a la guerra hasta avasallar, justo hasta abolir aquella teor\u00eda que diferenciaba entre terrenos del toro y terrenos del torero. De m\u00e1s experiencia el onubense, m\u00e1s tierno el valenciano, matiz que en cuestiones del toreo nunca se sabr\u00e1 a qui\u00e9n beneficia, si es mejor la experiencia o si la inocencia da m\u00e1s r\u00e9ditos emocionales. Los dos apuestan por la firmeza ante el toro, son de atalonarse y que pase lo que tenga que pasar y mientras el primero tiene un estilo m\u00e1s vertical, el segundo es m\u00e1s el\u00e1stico; y si el primero es m\u00e1s Ojeda, eso dec\u00edan las cr\u00f3nicas de M\u00e1laga, el segundo es m\u00e1s D\u00e1maso por una clara influencia territorial. No son comparaciones nada f\u00e1ciles para ninguno de los dos. Ambos han de saber que quien resiste y persiste es probable que acabe derribando los muros del sistema. Casos anteriores y recientes con final feliz hay, Borja Jim\u00e9nez ya encaramado en las ferias es uno de los \u00faltimos. Tampoco ellos son los \u00fanicos, as\u00ed que cualquier distracci\u00f3n les pueden echar la delantera.<\/p>\n<p>Comenta<\/p>\n<p>Reporta un error<\/p>\n","protected":false},"excerpt":{"rendered":"Si uno es m\u00e1s Ojeda, eso dicen las cr\u00f3nicas de M\u00e1laga, el otro es m\u00e1s D\u00e1masoSus triunfos recientes&hellip;\n","protected":false},"author":2,"featured_media":113191,"comment_status":"","ping_status":"","sticky":false,"template":"","format":"standard","meta":{"footnotes":""},"categories":[277],"tags":[38355,373,168,25,24,9126,36565,12082,23,167,374],"class_list":{"0":"post-113190","1":"post","2":"type-post","3":"status-publish","4":"format-standard","5":"has-post-thumbnail","7":"category-toreo","8":"tag-ascensor","9":"tag-bullfighting","10":"tag-deportes","11":"tag-es","12":"tag-espana","13":"tag-miranda","14":"tag-navalon","15":"tag-pie","16":"tag-spain","17":"tag-sports","18":"tag-toreo"},"share_on_mastodon":{"url":"","error":""},"_links":{"self":[{"href":"https:\/\/www.europesays.com\/es\/wp-json\/wp\/v2\/posts\/113190","targetHints":{"allow":["GET"]}}],"collection":[{"href":"https:\/\/www.europesays.com\/es\/wp-json\/wp\/v2\/posts"}],"about":[{"href":"https:\/\/www.europesays.com\/es\/wp-json\/wp\/v2\/types\/post"}],"author":[{"embeddable":true,"href":"https:\/\/www.europesays.com\/es\/wp-json\/wp\/v2\/users\/2"}],"replies":[{"embeddable":true,"href":"https:\/\/www.europesays.com\/es\/wp-json\/wp\/v2\/comments?post=113190"}],"version-history":[{"count":0,"href":"https:\/\/www.europesays.com\/es\/wp-json\/wp\/v2\/posts\/113190\/revisions"}],"wp:featuredmedia":[{"embeddable":true,"href":"https:\/\/www.europesays.com\/es\/wp-json\/wp\/v2\/media\/113191"}],"wp:attachment":[{"href":"https:\/\/www.europesays.com\/es\/wp-json\/wp\/v2\/media?parent=113190"}],"wp:term":[{"taxonomy":"category","embeddable":true,"href":"https:\/\/www.europesays.com\/es\/wp-json\/wp\/v2\/categories?post=113190"},{"taxonomy":"post_tag","embeddable":true,"href":"https:\/\/www.europesays.com\/es\/wp-json\/wp\/v2\/tags?post=113190"}],"curies":[{"name":"wp","href":"https:\/\/api.w.org\/{rel}","templated":true}]}}