{"id":113194,"date":"2025-09-13T23:10:07","date_gmt":"2025-09-13T23:10:07","guid":{"rendered":"https:\/\/www.europesays.com\/es\/113194\/"},"modified":"2025-09-13T23:10:07","modified_gmt":"2025-09-13T23:10:07","slug":"ellos-tumbaron-el-muro-en-2000","status":"publish","type":"post","link":"https:\/\/www.europesays.com\/es\/113194\/","title":{"rendered":"ellos tumbaron el muro en 2000"},"content":{"rendered":"<p data-gtm-element-container=\"modulo-texto-link\" class=\"paragraph\">La <strong>Real Federaci\u00f3n Espa\u00f1ola de Tenis (RFET)<\/strong> homenaje\u00f3 este s\u00e1bado en el <strong>Club Puente Romano <\/strong>de<strong> Marbella <\/strong>a los extenistas <strong>Juan Carlos Ferrero<\/strong>, <strong>\u00c0lex Corretja<\/strong>,<strong> Albert Costa<\/strong> y <strong>Joan Balcells<\/strong>, con motivo del 25\u00ba aniversario del triunfo en la <strong>Copa Davis<\/strong> de 2000, la primera de las seis<strong> &#8216;Ensaladeras&#8217; <\/strong>ganadas por <strong>Espa\u00f1a<\/strong> (2000, 2004, 2008, 2009, 2011, 2019).<\/p>\n<p data-gtm-element-container=\"modulo-texto-link\" class=\"paragraph\">A la ceremonia, celebrada tras los dos primeros partidos de la eliminatoria<strong> Espa\u00f1a-Dinamarca <\/strong>de clasificaci\u00f3n para la &#8216;Final 8&#8217; de este torneo, no pudieron asistir ni Ferrero ni Costa, aunque s\u00ed otras personalidades importantes del tenis como <strong>Feliciano L\u00f3pez<\/strong>, director de las finales de la Copa Davis; <strong>Miguel D\u00edaz Rom\u00e1n<\/strong>, presidente de la RFET; o <strong>Arantxa S\u00e1nchez-Vicario<\/strong>, exn\u00famero uno del mundo y actual vicepresidenta y embajadora del tenis femenino en la Federaci\u00f3n Espa\u00f1ola.<\/p>\n<p data-gtm-element-container=\"modulo-texto-link\" class=\"paragraph\">El homenaje consisti\u00f3 en la entrega de varias insignias y la proyecci\u00f3n de v\u00eddeos como recuerdo del primer campeonato del mundo logrado por Espa\u00f1a en el a\u00f1o 2000, ante <strong>Australia<\/strong>, en una final jugada en el <strong>Palau Sant Jordi<\/strong> de <strong>Barcelona <\/strong>y que termin\u00f3 3-1 con triunfos de Ferrero en dos duelos individuales y de la pareja Corretja-Balcells en el dobles.<\/p>\n<p>    Lee tambi\u00e9n<\/p>\n<p data-gtm-element-container=\"modulo-texto-link\" class=\"paragraph\">Cientos de aficionados que permanecieron en las gradas del Puente Romano fueron testigos de un acto que tambi\u00e9n cont\u00f3 con la presencia de los capitanes <strong>Javier Duarte<\/strong>,<strong> Josep Perlas<\/strong>, <strong>Juan Bautista Avenda\u00f1o<\/strong> y<strong> Jordi Vilar\u00f3<\/strong>, el recordado G-4, piezas clave de aquel primer \u00e9xito, as\u00ed como leyendas del deporte de la raqueta como <strong>Manuel Orantes<\/strong>, tenista en los a\u00f1os 70 y 80, y<strong> Jos\u00e9 Luis Arilla<\/strong>, en las d\u00e9cadas de los 50 y 60, representantes de grandes generaciones anteriores.<\/p>\n<p data-gtm-element-container=\"modulo-texto-link\" class=\"paragraph\">El acto conmemorativo tuvo lugar despu\u00e9s de los dos primeros partidos de la ronda clasificatoria para las finales de la Copa Davis entre Espa\u00f1a y Dinamarca, que por el momento marcha con un 0-2 a favor del equipo n\u00f3rdico.<\/p>\n","protected":false},"excerpt":{"rendered":"La Real Federaci\u00f3n Espa\u00f1ola de Tenis (RFET) homenaje\u00f3 este s\u00e1bado en el Club Puente Romano de Marbella a&hellip;\n","protected":false},"author":2,"featured_media":113195,"comment_status":"","ping_status":"","sticky":false,"template":"","format":"standard","meta":{"footnotes":""},"categories":[274],"tags":[168,25,24,23,167,327,326],"class_list":{"0":"post-113194","1":"post","2":"type-post","3":"status-publish","4":"format-standard","5":"has-post-thumbnail","7":"category-tenis","8":"tag-deportes","9":"tag-es","10":"tag-espana","11":"tag-spain","12":"tag-sports","13":"tag-tenis","14":"tag-tennis"},"share_on_mastodon":{"url":"","error":""},"_links":{"self":[{"href":"https:\/\/www.europesays.com\/es\/wp-json\/wp\/v2\/posts\/113194","targetHints":{"allow":["GET"]}}],"collection":[{"href":"https:\/\/www.europesays.com\/es\/wp-json\/wp\/v2\/posts"}],"about":[{"href":"https:\/\/www.europesays.com\/es\/wp-json\/wp\/v2\/types\/post"}],"author":[{"embeddable":true,"href":"https:\/\/www.europesays.com\/es\/wp-json\/wp\/v2\/users\/2"}],"replies":[{"embeddable":true,"href":"https:\/\/www.europesays.com\/es\/wp-json\/wp\/v2\/comments?post=113194"}],"version-history":[{"count":0,"href":"https:\/\/www.europesays.com\/es\/wp-json\/wp\/v2\/posts\/113194\/revisions"}],"wp:featuredmedia":[{"embeddable":true,"href":"https:\/\/www.europesays.com\/es\/wp-json\/wp\/v2\/media\/113195"}],"wp:attachment":[{"href":"https:\/\/www.europesays.com\/es\/wp-json\/wp\/v2\/media?parent=113194"}],"wp:term":[{"taxonomy":"category","embeddable":true,"href":"https:\/\/www.europesays.com\/es\/wp-json\/wp\/v2\/categories?post=113194"},{"taxonomy":"post_tag","embeddable":true,"href":"https:\/\/www.europesays.com\/es\/wp-json\/wp\/v2\/tags?post=113194"}],"curies":[{"name":"wp","href":"https:\/\/api.w.org\/{rel}","templated":true}]}}