{"id":113198,"date":"2025-09-13T23:13:10","date_gmt":"2025-09-13T23:13:10","guid":{"rendered":"https:\/\/www.europesays.com\/es\/113198\/"},"modified":"2025-09-13T23:13:10","modified_gmt":"2025-09-13T23:13:10","slug":"directo-gran-canaria-bilbao-basket-en-la-final-de-la-as-burgas-basket-cup","status":"publish","type":"post","link":"https:\/\/www.europesays.com\/es\/113198\/","title":{"rendered":"Directo | Gran Canaria &#8211; Bilbao Basket en la final de la As Burgas B\u00e1sket Cup"},"content":{"rendered":"<p class=\"paragraph-atom &#10;        B-500-500-700-N B-600-500-700-N--md  \">La primera edici\u00f3n de la <a href=\"https:\/\/www.laregion.es\/zona-cob\/\" rel=\"nofollow noopener\" target=\"_blank\"><strong>As Burgas Basket Cup<\/strong><\/a> llega a su desenlace esta noche con un duelo que promete intensidad y espect\u00e1culo: <strong>Gran Canaria y Bilbao Basket<\/strong> se enfrentan en la final tras superar sus respectivos compromisos de semifinales.<\/p>\n<p class=\"paragraph-atom &#10;        B-500-500-700-N B-600-500-700-N--md  \"><strong>Gran Canaria<\/strong> accede al partido decisivo tras imponerse a un combativo <strong>Breog\u00e1n<\/strong> en un duelo marcado por la igualdad y los cambios de ritmo. El conjunto dirigido por Jaka Lakovic mostr\u00f3 control casi constante del partido, apoy\u00e1ndose en la direcci\u00f3n precisa de Albicy y el poder\u00edo interior de Kuath y Wong. <\/p>\n<p class=\"paragraph-atom &#10;        B-500-500-700-N B-600-500-700-N--md  \">Por su parte, <strong>Bilbao Basket super\u00f3 a un aguerrido COB<\/strong> en un partido que reflej\u00f3 tanto la calidad del equipo vasco como la progresi\u00f3n del conjunto ourensano. Moncho L\u00f3pez vio c\u00f3mo sus jugadores compet\u00edan de t\u00fa a t\u00fa, mostrando intensidad, buen trabajo defensivo y capacidad para generar ventajas en ataque. Sin embargo, la falta de continuidad en el acierto exterior y algunas p\u00e9rdidas en momentos clave limitaron a los ourensanos ante un rival experimentado.<\/p>\n<p>        Gran Canaria &#8211; Bilbao Basket, en directo<\/p>\n<p class=\"paragraph-atom &#10;        B-500-500-700-N B-600-500-700-N--md  \">Sigue el partido aqu\u00ed.<\/p>\n","protected":false},"excerpt":{"rendered":"La primera edici\u00f3n de la As Burgas Basket Cup llega a su desenlace esta noche con un duelo&hellip;\n","protected":false},"author":2,"featured_media":113199,"comment_status":"","ping_status":"","sticky":false,"template":"","format":"standard","meta":{"footnotes":""},"categories":[269],"tags":[299,1918,298,2601,7221,168,2125,25,24,3956,23,167],"class_list":{"0":"post-113198","1":"post","2":"type-post","3":"status-publish","4":"format-standard","5":"has-post-thumbnail","7":"category-baloncesto","8":"tag-baloncesto","9":"tag-basket","10":"tag-basketball","11":"tag-bilbao","12":"tag-canaria","13":"tag-deportes","14":"tag-directo","15":"tag-es","16":"tag-espana","17":"tag-gran","18":"tag-spain","19":"tag-sports"},"share_on_mastodon":{"url":"","error":""},"_links":{"self":[{"href":"https:\/\/www.europesays.com\/es\/wp-json\/wp\/v2\/posts\/113198","targetHints":{"allow":["GET"]}}],"collection":[{"href":"https:\/\/www.europesays.com\/es\/wp-json\/wp\/v2\/posts"}],"about":[{"href":"https:\/\/www.europesays.com\/es\/wp-json\/wp\/v2\/types\/post"}],"author":[{"embeddable":true,"href":"https:\/\/www.europesays.com\/es\/wp-json\/wp\/v2\/users\/2"}],"replies":[{"embeddable":true,"href":"https:\/\/www.europesays.com\/es\/wp-json\/wp\/v2\/comments?post=113198"}],"version-history":[{"count":0,"href":"https:\/\/www.europesays.com\/es\/wp-json\/wp\/v2\/posts\/113198\/revisions"}],"wp:featuredmedia":[{"embeddable":true,"href":"https:\/\/www.europesays.com\/es\/wp-json\/wp\/v2\/media\/113199"}],"wp:attachment":[{"href":"https:\/\/www.europesays.com\/es\/wp-json\/wp\/v2\/media?parent=113198"}],"wp:term":[{"taxonomy":"category","embeddable":true,"href":"https:\/\/www.europesays.com\/es\/wp-json\/wp\/v2\/categories?post=113198"},{"taxonomy":"post_tag","embeddable":true,"href":"https:\/\/www.europesays.com\/es\/wp-json\/wp\/v2\/tags?post=113198"}],"curies":[{"name":"wp","href":"https:\/\/api.w.org\/{rel}","templated":true}]}}