{"id":113219,"date":"2025-09-13T23:27:11","date_gmt":"2025-09-13T23:27:11","guid":{"rendered":"https:\/\/www.europesays.com\/es\/113219\/"},"modified":"2025-09-13T23:27:11","modified_gmt":"2025-09-13T23:27:11","slug":"herido-grave-el-cohetero-del-cristo-del-crucero-de-almaden-de-la-plata-al-estallarle-todo-el-material-pirotecnico","status":"publish","type":"post","link":"https:\/\/www.europesays.com\/es\/113219\/","title":{"rendered":"Herido grave el cohetero del Cristo del Crucero de Almad\u00e9n de la Plata al estallarle todo el material pirot\u00e9cnico"},"content":{"rendered":"<p>Una explosi\u00f3n descontrolada que ha dejado varios heridos m\u00e1s ha obligado a suspender la procesi\u00f3n y trasladar al cohetero al hospital<\/p>\n<p><img fetchpriority=\"high\" class=\"voc-img\" src=\"https:\/\/www.europesays.com\/es\/wp-content\/uploads\/2025\/09\/cristo-crucero-almaden-RNlzHob7e8fAGizwiB3m8LM-1200x840@diario_abc.jpg\" loading=\"eager\" decoding=\"async\" alt=\"El Cristo del Crucero de Almad\u00e9n sobre su paso procesional\" width=\"1200\" height=\"840\"\/><\/p>\n<p>El Cristo del Crucero de Almad\u00e9n sobre su paso procesional    El Llamador  <\/p>\n<p><img decoding=\"async\" class=\"voc-author__img\" src=\"https:\/\/www.europesays.com\/es\/wp-content\/uploads\/2025\/09\/autor-6230-foto-6.jpeg\" alt=\"Pepe Trashorras\"\/><\/p>\n<p class=\"voc-p\" style=\"\">La noche del 13 de septiembre ha acabado de una forma que los vecinos de <strong>Almad\u00e9n de la Plata<\/strong> no podian imaginar. La procesi\u00f3n de su venerado Cristo del Crucero ha tenido que suspenderse despues de que <strong>al cohetero le estallase todo el material pirot\u00e9cnico<\/strong> que cargaba, lo que ha obligado a trasladarlo de urgencia al hospital, donde se encuentra herido grave.<\/p>\n<p class=\"voc-p\" style=\"\">No ha sido el \u00fanico afectado de este incidente que ha tenido lugar en la misma <strong>salida del crucificado<\/strong> de esta localidad sevillana. El cohetero transportaba en ese momento el material en un carro cuando ha explotado por error. Las andas procesionales se han llevado una hora detenidas en la plaza con todo el p\u00fablico expectante y consternado, hasta que <strong>se ha suspendido de forma definitiva<\/strong> la procesi\u00f3n.<\/p>\n<p class=\"voc-p\" style=\"\">Aunque es muy habitual la quema de <strong>cohetes y fuegos artificiales<\/strong> en las procesiones y fiestas de gloria de buena parte de la provincia de Sevilla, sin que normalmente haya imprevistos, hay un historial de accidentes en torno al material pirot\u00e9cnico en las cofrad\u00edas. En el <strong>verano de 2024<\/strong>, sin ir m\u00e1s lejos, hubo un susto por la explosi\u00f3n de <a href=\"https:\/\/www.abc.es\/sevilla\/pasionensevilla\/noticias-semana-santa-sevilla\/tres-heridos-banda-angustias-petardos-diana-virgen-20240720140831-nts.html\" target=\"_self\" data-voc-vtm-id=\"in-text-traffic\" title=\"cohetes cerca de la Virgen del Carmen de Coria\" data-mrf-link=\"www.abc.es\" rel=\"nofollow noopener\">cohetes cerca de la Virgen del Carmen de Coria<\/a> del R\u00edo y, s\u00f3lo unos d\u00edas m\u00e1s tarde, <a href=\"https:\/\/www.abc.es\/sevilla\/pasionensevilla\/noticias-semana-santa-sevilla\/tres-heridos-banda-angustias-petardos-diana-virgen-20240720140831-nts.html\" target=\"_self\" data-voc-vtm-id=\"in-text-traffic\" title=\"tres m\u00fasicos de la banda de las Angustias de Sanl\u00facar la Mayor\" data-mrf-link=\"www.abc.es\" rel=\"nofollow noopener\">tres m\u00fasicos de la banda de las Angustias de Sanl\u00facar la Mayor<\/a> resultaron heridos por petardos en una la diana de la Virgen del Carmen de esa localidad.<\/p>\n<p>Reportar un error<\/p>\n","protected":false},"excerpt":{"rendered":"Una explosi\u00f3n descontrolada que ha dejado varios heridos m\u00e1s ha obligado a suspender la procesi\u00f3n y trasladar al&hellip;\n","protected":false},"author":2,"featured_media":113220,"comment_status":"","ping_status":"","sticky":false,"template":"","format":"standard","meta":{"footnotes":""},"categories":[8],"tags":[38364,17,18,38363,6088,5666,25,24,38365,13,14,12050,11,53,19,20,15468,9,10,15,16,38366,2525,23,12,21,22],"class_list":{"0":"post-113219","1":"post","2":"type-post","3":"status-publish","4":"format-standard","5":"has-post-thumbnail","7":"category-espana","8":"tag-almaden","9":"tag-breaking-news","10":"tag-breakingnews","11":"tag-cohetero","12":"tag-cristo","13":"tag-crucero","14":"tag-es","15":"tag-espana","16":"tag-estallarle","17":"tag-featured-news","18":"tag-featurednews","19":"tag-grave","20":"tag-headlines","21":"tag-herido","22":"tag-latest-news","23":"tag-latestnews","24":"tag-material","25":"tag-news","26":"tag-noticias","27":"tag-noticias-destacadas","28":"tag-noticiasdestacadas","29":"tag-pirotecnico","30":"tag-plata","31":"tag-spain","32":"tag-titulares","33":"tag-ultimas-noticias","34":"tag-ultimasnoticias"},"share_on_mastodon":{"url":"","error":""},"_links":{"self":[{"href":"https:\/\/www.europesays.com\/es\/wp-json\/wp\/v2\/posts\/113219","targetHints":{"allow":["GET"]}}],"collection":[{"href":"https:\/\/www.europesays.com\/es\/wp-json\/wp\/v2\/posts"}],"about":[{"href":"https:\/\/www.europesays.com\/es\/wp-json\/wp\/v2\/types\/post"}],"author":[{"embeddable":true,"href":"https:\/\/www.europesays.com\/es\/wp-json\/wp\/v2\/users\/2"}],"replies":[{"embeddable":true,"href":"https:\/\/www.europesays.com\/es\/wp-json\/wp\/v2\/comments?post=113219"}],"version-history":[{"count":0,"href":"https:\/\/www.europesays.com\/es\/wp-json\/wp\/v2\/posts\/113219\/revisions"}],"wp:featuredmedia":[{"embeddable":true,"href":"https:\/\/www.europesays.com\/es\/wp-json\/wp\/v2\/media\/113220"}],"wp:attachment":[{"href":"https:\/\/www.europesays.com\/es\/wp-json\/wp\/v2\/media?parent=113219"}],"wp:term":[{"taxonomy":"category","embeddable":true,"href":"https:\/\/www.europesays.com\/es\/wp-json\/wp\/v2\/categories?post=113219"},{"taxonomy":"post_tag","embeddable":true,"href":"https:\/\/www.europesays.com\/es\/wp-json\/wp\/v2\/tags?post=113219"}],"curies":[{"name":"wp","href":"https:\/\/api.w.org\/{rel}","templated":true}]}}