{"id":113225,"date":"2025-09-13T23:34:06","date_gmt":"2025-09-13T23:34:06","guid":{"rendered":"https:\/\/www.europesays.com\/es\/113225\/"},"modified":"2025-09-13T23:34:06","modified_gmt":"2025-09-13T23:34:06","slug":"vingegaard-se-impone-en-el-ascenso-a-la-bola-del-mundo-y-deja-vista-para-sentencia-la-vuelta-a-espana-mas-deportes","status":"publish","type":"post","link":"https:\/\/www.europesays.com\/es\/113225\/","title":{"rendered":"Vingegaard se impone en el ascenso a la Bola del Mundo y deja vista para sentencia La\u00a0Vuelta\u00a0a\u00a0Espa\u00f1a | M\u00e1s deportes"},"content":{"rendered":"<p>El dan\u00e9s Jonas Vingegaard (Visma Lease a Bike) se ha impuesto en la vig\u00e9sima y pen\u00faltima etapa de la Vuelta a Espa\u00f1a disputada entre Robledo de Chavela y La Bola del Mundo, de 164,8 km, triunfo que le asegura el maillot rojo de la presente edici\u00f3n a falta de una jornada final de tr\u00e1mite.<\/p>\n<p>Vingeggard atac\u00f3 a 1,2 km de la cima y venci\u00f3 con un tiempo de 3h.56.23, seguido por su compa\u00f1ero Sepp Kuss a 11 segundos y el australiano Jai Hindley a 13.<\/p>\n<p>El dan\u00e9s asegura el maillot rojo con una ventaja de 1,16 sobre Joao Almeida y 3.11 respecto al brit\u00e1nico Tom Pidcock. <\/p>\n<p>Este domingo se disputa la vig\u00e9simoprimera y \u00faltima etapa entre Alalpardo y Madrid, de 103 kil\u00f3metros. <\/p>\n","protected":false},"excerpt":{"rendered":"El dan\u00e9s Jonas Vingegaard (Visma Lease a Bike) se ha impuesto en la vig\u00e9sima y pen\u00faltima etapa de&hellip;\n","protected":false},"author":2,"featured_media":113226,"comment_status":"","ping_status":"","sticky":false,"template":"","format":"standard","meta":{"footnotes":""},"categories":[273],"tags":[313,312,168,25,24,23,167],"class_list":{"0":"post-113225","1":"post","2":"type-post","3":"status-publish","4":"format-standard","5":"has-post-thumbnail","7":"category-ciclismo","8":"tag-ciclismo","9":"tag-cycling","10":"tag-deportes","11":"tag-es","12":"tag-espana","13":"tag-spain","14":"tag-sports"},"share_on_mastodon":{"url":"","error":""},"_links":{"self":[{"href":"https:\/\/www.europesays.com\/es\/wp-json\/wp\/v2\/posts\/113225","targetHints":{"allow":["GET"]}}],"collection":[{"href":"https:\/\/www.europesays.com\/es\/wp-json\/wp\/v2\/posts"}],"about":[{"href":"https:\/\/www.europesays.com\/es\/wp-json\/wp\/v2\/types\/post"}],"author":[{"embeddable":true,"href":"https:\/\/www.europesays.com\/es\/wp-json\/wp\/v2\/users\/2"}],"replies":[{"embeddable":true,"href":"https:\/\/www.europesays.com\/es\/wp-json\/wp\/v2\/comments?post=113225"}],"version-history":[{"count":0,"href":"https:\/\/www.europesays.com\/es\/wp-json\/wp\/v2\/posts\/113225\/revisions"}],"wp:featuredmedia":[{"embeddable":true,"href":"https:\/\/www.europesays.com\/es\/wp-json\/wp\/v2\/media\/113226"}],"wp:attachment":[{"href":"https:\/\/www.europesays.com\/es\/wp-json\/wp\/v2\/media?parent=113225"}],"wp:term":[{"taxonomy":"category","embeddable":true,"href":"https:\/\/www.europesays.com\/es\/wp-json\/wp\/v2\/categories?post=113225"},{"taxonomy":"post_tag","embeddable":true,"href":"https:\/\/www.europesays.com\/es\/wp-json\/wp\/v2\/tags?post=113225"}],"curies":[{"name":"wp","href":"https:\/\/api.w.org\/{rel}","templated":true}]}}