{"id":113234,"date":"2025-09-13T23:41:10","date_gmt":"2025-09-13T23:41:10","guid":{"rendered":"https:\/\/www.europesays.com\/es\/113234\/"},"modified":"2025-09-13T23:41:10","modified_gmt":"2025-09-13T23:41:10","slug":"operacion-triunfo-responde-a-la-ministra-monica-garcia-tras-mostrar-la-terraza-de-la-academia-no-esta-permitido-fumar","status":"publish","type":"post","link":"https:\/\/www.europesays.com\/es\/113234\/","title":{"rendered":"Operaci\u00f3n Triunfo responde a la ministra M\u00f3nica Garc\u00eda tras mostrar la terraza de la academia: \u00abNo est\u00e1 permitido fumar&#8230;\u00bb"},"content":{"rendered":"<p class=\"c-paragraph\">Este lunes 15 de septiembre arranca <b>la nueva temporada de Operaci\u00f3n Triunfo,<\/b> en la que diecis\u00e9is nuevos concursantes se enfrentar\u00e1n cada semana a <b>nuevos retos musicales<\/b> para hacerse con la victoria. \u00a0<\/p>\n<p class=\"c-paragraph\">Esta segunda edici\u00f3n emitida en Prime Video no solo podr\u00e1n disfrutarla los espectadores en Espa\u00f1a, sino que tambi\u00e9n <b>estar\u00e1 disponible para seis pa\u00edses de Latinoam\u00e9rica<\/b>: Argentina, Brasil, Chile, Colombia, M\u00e9xico y Per\u00fa.\u00a0<\/p>\n<p class=\"c-paragraph\">A pocos d\u00edas del estreno, desde la academia han mostrado <b>c\u00f3mo ser\u00e1n los espacios de la casa<\/b> en la que los triunfitos convivir\u00e1n durante los siguientes meses. Lo han hecho mediante <b>im\u00e1genes publicadas en el perfil oficial del programa en X.<\/b><\/p>\n<p class=\"c-paragraph\">Al tuit en el que han mostrado la terraza <b>ha reaccionado de forma inesperada M\u00f3nica Garc\u00eda. <\/b>La ministra de Sanidad lo ha hecho con dos emoticonos: <b>unos ojos y una se\u00f1al de prohibici\u00f3n del tabaco<\/b>. Con este mensaje la ministra <b>ha pedido indirectamente que no se fume <\/b>en la academia.\u00a0<\/p>\n<p class=\"c-paragraph\">Esto se ha producido d\u00edas despu\u00e9s de que el Consejo de Ministros haya aprobado <b>el anteproyecto de la nueva ley antitabaco<\/b>, en el que se concretaron los lugares en los que no se podr\u00e1 fumar en caso de salir adelante la norma.\u00a0<\/p>\n<p class=\"c-paragraph\">Tras ver su reacci\u00f3n, desde la academia han respondido a M\u00f3nica Garc\u00eda. <b>\u00ab\u00a1Buenas tardes, ministra!\u00a0<\/b>Desde la edici\u00f3n de 2023 <b>no est\u00e1 permitido fumar en Operaci\u00f3n Triunfo\u00bb<\/b>, han comentado en X.\u00a0<\/p>\n","protected":false},"excerpt":{"rendered":"Este lunes 15 de septiembre arranca la nueva temporada de Operaci\u00f3n Triunfo, en la que diecis\u00e9is nuevos concursantes&hellip;\n","protected":false},"author":2,"featured_media":113235,"comment_status":"","ping_status":"","sticky":false,"template":"","format":"standard","meta":{"footnotes":""},"categories":[171],"tags":[146,147,25,24,3142,21317,6461,23,38367,214,16743],"class_list":{"0":"post-113234","1":"post","2":"type-post","3":"status-publish","4":"format-standard","5":"has-post-thumbnail","7":"category-tv","8":"tag-entertainment","9":"tag-entretenimiento","10":"tag-es","11":"tag-espana","12":"tag-garcia","13":"tag-monica","14":"tag-reacciona","15":"tag-spain","16":"tag-tuit","17":"tag-tv","18":"tag-un"},"share_on_mastodon":{"url":"","error":""},"_links":{"self":[{"href":"https:\/\/www.europesays.com\/es\/wp-json\/wp\/v2\/posts\/113234","targetHints":{"allow":["GET"]}}],"collection":[{"href":"https:\/\/www.europesays.com\/es\/wp-json\/wp\/v2\/posts"}],"about":[{"href":"https:\/\/www.europesays.com\/es\/wp-json\/wp\/v2\/types\/post"}],"author":[{"embeddable":true,"href":"https:\/\/www.europesays.com\/es\/wp-json\/wp\/v2\/users\/2"}],"replies":[{"embeddable":true,"href":"https:\/\/www.europesays.com\/es\/wp-json\/wp\/v2\/comments?post=113234"}],"version-history":[{"count":0,"href":"https:\/\/www.europesays.com\/es\/wp-json\/wp\/v2\/posts\/113234\/revisions"}],"wp:featuredmedia":[{"embeddable":true,"href":"https:\/\/www.europesays.com\/es\/wp-json\/wp\/v2\/media\/113235"}],"wp:attachment":[{"href":"https:\/\/www.europesays.com\/es\/wp-json\/wp\/v2\/media?parent=113234"}],"wp:term":[{"taxonomy":"category","embeddable":true,"href":"https:\/\/www.europesays.com\/es\/wp-json\/wp\/v2\/categories?post=113234"},{"taxonomy":"post_tag","embeddable":true,"href":"https:\/\/www.europesays.com\/es\/wp-json\/wp\/v2\/tags?post=113234"}],"curies":[{"name":"wp","href":"https:\/\/api.w.org\/{rel}","templated":true}]}}