{"id":11324,"date":"2025-07-29T09:15:06","date_gmt":"2025-07-29T09:15:06","guid":{"rendered":"https:\/\/www.europesays.com\/es\/11324\/"},"modified":"2025-07-29T09:15:06","modified_gmt":"2025-07-29T09:15:06","slug":"luque-se-sube-al-trono-en-azpeitia-torero-con-mas-paseillos-en-san-ignacio","status":"publish","type":"post","link":"https:\/\/www.europesays.com\/es\/11324\/","title":{"rendered":"Luque se sube al trono en Azpeitia: torero con m\u00e1s pase\u00edllos en San Ignacio"},"content":{"rendered":"<p style=\"text-align: justify;\"><strong>Daniel<\/strong> <strong>Luque<\/strong> se sube al trono en San Ignacio. Con 11 actuaciones el diestro de Gerena hace historia este a\u00f1o en Azpeitia y se convierte en el matador de toros que m\u00e1s tardes ha toreado en Azpeitia igualando a Juan Antonio Ruiz \u2018Espartaco\u2019 y Manuel Jes\u00fas \u2018El Cid\u2019. Tres sevillanos, historia de Azpeitia. Cosas del toreo y de la vida. Los tres con 11 pase\u00edllos encabezan la lista de toreros que m\u00e1s tardes han hecho el paseillo en esta plaza. Tras ellos, V\u00edctor M\u00e9ndez, C\u00e9sar Rinc\u00f3n, Pep\u00edn Liria y Antonio Ferrera, con 7 tardes cada uno.<\/p>\n<p style=\"text-align: justify;\">A diferencia de Espartaco y El Cid, Daniel Luque es el torero con m\u00e1s orejas cortadas en esta plaza con un total de 15, hasta ahora, en 10 pase\u00edllos, desde su presentaci\u00f3n el 2 de agosto de 2008 frente a reses de Ana Romero. Y un total de 5 salidas a hombros. En su segunda tarde en Azpeitia, el 2 de agosto de 2009, Luque abri\u00f3 por vez primera la Puerta Grande y se meti\u00f3 en el coraz\u00f3n de la afici\u00f3n azpeitiarra.<\/p>\n<p><strong class=\"relacionadas-titulo-gral\">Noticias Relacionadas<\/strong><\/p>\n<p style=\"text-align: justify;\">Volvi\u00f3 a salir a hombros del coso el 31 de julio de 2019 tras cortar dos orejas de un ejemplar de Ana Romero y repiti\u00f3 triunfo el 1 de agosto de 2022 al desorejar a un toro de La Palmosilla.<\/p>\n<p>&#13;<br \/>\n&#13;<\/p>\n<p style=\"text-align: justify;\">Las dos \u00faltimas ferias de San Ignacio, Daniel Luque ha arrollado con triunfos de peso y calado. En 2023 cort\u00f3 tres orejas, un trofeo de un ejemplar de Ana Romero y las dos de un toro de La Palmosilla, saliendo de nuevo a hombros en una tarde para el recuerdo. Y ahora hace un a\u00f1o, en 2024, el de Gerena cumpli\u00f3 dos pase\u00edllos en Azpeitia y logr\u00f3 un hito al conseguir dos salidas a hombros consecutivas: dos orejas de un toro de Loreto Charro el 31 de julio y tres de tres ejemplares de Ana Romero el 1 de agosto.<\/p>\n<p style=\"text-align: justify;\">Este a\u00f1o, Luque abre feria el pr\u00f3ximo 31 de julio, junto a Morante de la Puebla y Juan Ortega y ejemplares de Loreto Charro y Vellosino.<\/p>\n<p style=\"text-align: justify;\">Las combinaciones completas son las siguientes:<\/p>\n<p style=\"text-align: justify;\">\u2022 <strong>31<\/strong> <strong>de<\/strong> <strong>julio<\/strong>: Tres toros de Loreto Charro y tres toros de El Vellosino para Morante de la Puebla, Daniel Luque y Juan Ortega.<\/p>\n<p style=\"text-align: justify;\">\u2022 <strong>1<\/strong> <strong>de<\/strong> <strong>agosto<\/strong>: Toros de Ana Romero para Dami\u00e1n Casta\u00f1o, Jes\u00fas Enrique Colombo y Jos\u00e9 Fernando Molina.&#13;<br \/>\n&#13;\n<\/p>\n<p style=\"text-align: justify;\">\u2022 <strong>2<\/strong> <strong>de<\/strong> <strong>agosto<\/strong>: Toros de Murteira Grave para Paco Ure\u00f1a, Emilio De Justo y Borja Jim\u00e9nez.&#13;<br \/>\n&#13;\n<\/p>\n<p style=\"text-align: justify;\">Est\u00e1n combinaciones se completan con la tradicional desencajonada, un espect\u00e1culo que cuenta con muchos adeptos y que a\u00f1o tras a\u00f1o concita el inter\u00e9s de los aficionados de Azpeitia y la comarca.&#13;<br \/>\n&#13;\n<\/p>\n<p style=\"text-align: justify;\">\u00a0&#13;<br \/>\n&#13;\n<\/p>\n<p style=\"text-align: justify;\">\u00a0&#13;<br \/>\n&#13;\n<\/p>\n<p style=\"text-align: justify;\">\u00a0&#13;<br \/>\n&#13;\n<\/p>\n<p style=\"text-align: justify;\">\u00a0&#13;<br \/>\n&#13;\n<\/p>\n<p style=\"text-align: justify;\">\u00a0&#13;<br \/>\n&#13;\n<\/p>\n<p style=\"text-align: justify;\">\u00a0&#13;<br \/>\n&#13;\n<\/p>\n<p style=\"text-align: justify;\">\u00a0&#13;<br \/>\n&#13;\n<\/p>\n<p style=\"text-align: justify;\">\u00a0&#13;<br \/>\n&#13;\n<\/p>\n<p style=\"text-align: justify;\">\u00a0&#13;<br \/>\n&#13;\n<\/p>\n<p style=\"text-align: justify;\">\u00a0&#13;<br \/>\n&#13;<br \/>\n\t\t\t&#13;<br \/>\n\t\t\t&#13;<br \/>\n\t\t\t&#13;\n\t\t\t<\/p>\n","protected":false},"excerpt":{"rendered":"Daniel Luque se sube al trono en San Ignacio. Con 11 actuaciones el diestro de Gerena hace historia&hellip;\n","protected":false},"author":2,"featured_media":11325,"comment_status":"","ping_status":"","sticky":false,"template":"","format":"standard","meta":{"footnotes":""},"categories":[277],"tags":[373,8115,168,25,24,23,167,374],"class_list":{"0":"post-11324","1":"post","2":"type-post","3":"status-publish","4":"format-standard","5":"has-post-thumbnail","7":"category-toreo","8":"tag-bullfighting","9":"tag-daniel-luque","10":"tag-deportes","11":"tag-es","12":"tag-espana","13":"tag-spain","14":"tag-sports","15":"tag-toreo"},"share_on_mastodon":{"url":"","error":""},"_links":{"self":[{"href":"https:\/\/www.europesays.com\/es\/wp-json\/wp\/v2\/posts\/11324","targetHints":{"allow":["GET"]}}],"collection":[{"href":"https:\/\/www.europesays.com\/es\/wp-json\/wp\/v2\/posts"}],"about":[{"href":"https:\/\/www.europesays.com\/es\/wp-json\/wp\/v2\/types\/post"}],"author":[{"embeddable":true,"href":"https:\/\/www.europesays.com\/es\/wp-json\/wp\/v2\/users\/2"}],"replies":[{"embeddable":true,"href":"https:\/\/www.europesays.com\/es\/wp-json\/wp\/v2\/comments?post=11324"}],"version-history":[{"count":0,"href":"https:\/\/www.europesays.com\/es\/wp-json\/wp\/v2\/posts\/11324\/revisions"}],"wp:featuredmedia":[{"embeddable":true,"href":"https:\/\/www.europesays.com\/es\/wp-json\/wp\/v2\/media\/11325"}],"wp:attachment":[{"href":"https:\/\/www.europesays.com\/es\/wp-json\/wp\/v2\/media?parent=11324"}],"wp:term":[{"taxonomy":"category","embeddable":true,"href":"https:\/\/www.europesays.com\/es\/wp-json\/wp\/v2\/categories?post=11324"},{"taxonomy":"post_tag","embeddable":true,"href":"https:\/\/www.europesays.com\/es\/wp-json\/wp\/v2\/tags?post=11324"}],"curies":[{"name":"wp","href":"https:\/\/api.w.org\/{rel}","templated":true}]}}