{"id":113260,"date":"2025-09-13T23:57:07","date_gmt":"2025-09-13T23:57:07","guid":{"rendered":"https:\/\/www.europesays.com\/es\/113260\/"},"modified":"2025-09-13T23:57:07","modified_gmt":"2025-09-13T23:57:07","slug":"genocidio-las-protestas-propalestina-obligan-a-la-vuelta-a-modificar-el-recorrido-de-la-etapa-de-guadarrama-el-salto","status":"publish","type":"post","link":"https:\/\/www.europesays.com\/es\/113260\/","title":{"rendered":"Genocidio | Las protestas propalestina obligan a La Vuelta a modificar el recorrido de la etapa de Guadarrama &#8211; El Salto"},"content":{"rendered":"<p>Varios centenares de personas distribuidas por los distintos puntos del trazado de la etapa de La Vuelta en la Sierra de Guadarrama han sostenido las protestas contra la carrera por la participaci\u00f3n del equipo Israel Tech. Como ha ocurrido en las etapas de <a href=\"https:\/\/www.elsaltodiario.com\/palestina\/protestas-equipo-israel-fuerzan-cancelacion-del-final-etapa-bilbao-vuelta\" target=\"_blank\" rel=\"nofollow noopener\">Bilbao,<\/a> <a href=\"https:\/\/www.elsaltodiario.com\/galicia\/gaza-le-pincha-ruedas-vuelta-pesar-violencia-policial\" target=\"_blank\" rel=\"nofollow noopener\">Pontevedra<\/a> y con la contrarreloj de Valladolid, las protestas han obligado a la organizaci\u00f3n a cambiar el plan original. <\/p>\n<p>Poco despu\u00e9s de las 16h se sab\u00eda que la carrera no iba a pasar por la localidad madrile\u00f1a de Cercedilla donde esperaban decenas de personas. En esa localidad se manifestaban varias decenas de personas, entre las que estaban Ione Belarra e Irene Montero (Podemos).<\/p>\n<p>M\u00e1s adelante, en las cercan\u00edas de Becerril de la Sierra, un grupo de unas 20 personas han conseguido frenar la carrera con una sentada en la carretera antes del paso del grupo de favoritos. En TV se ha podido ver la tensi\u00f3n entre manifestantes y guardias y los golpes propinados por estos.<\/p>\n<p>A lo largo de toda la jornada, las localidades de la sierra se han visto inundadas por la marea propalestina. Banderas y gritos que se han podido escuchar en la retransmisi\u00f3n en TVE y Eurosport: \u201cNo es una guerra, es un genocidio\u201d.<\/p>\n<p>  <img alt=\"Cercedilla palestina - 2\" class=\"card-img-top figure-img\" \/><\/p>\n<p>        La protesta en Cercedilla ha cortado la carretera y obligado a modificar la etapa. En la foto, la eurodiputada Irene Montero junto a Ione Belarra y otros activistas.<\/p>\n<p>  <a href=\"https:\/\/www.elsaltodiario.com\/autor\/dani-gago\" data-phx-link=\"redirect\" data-phx-link-state=\"push\" title=\"Ver a: Dani Gago\" rel=\"nofollow noopener\" target=\"_blank\"><br \/>\n  Dani Gago<br \/>\n  <\/a><\/p>\n<p>Los grupos se han distribuido por pueblos como Robledo de Chavela,\u00a0Valdequemada, El Escorial, San Lorenzo o La Granja, tambi\u00e9n en el Puerto de Navacerrada esperaban decenas de personas con las banderas palestinas.<\/p>\n<p>Junto a los manifestantes, el dispositivo de Polic\u00eda Nacional y Guardia Civil ha sido la constante de la jornada. Interior anunci\u00f3 que se desplegar\u00edan 1.100 polic\u00edas nacionales y 400 guardias civiles para garantizar el desarrollo de las dos \u00faltimas etapas de La Vuelta.<\/p>\n<p>La edici\u00f3n de este a\u00f1o de La Vuelta, marcada por las protestas propalestina, concluir\u00e1 con otra etapa en la que este movimiento pondr\u00e1 en primer plano el genocidio y el lavado de cara llevado a cabo por Israel con la connivencia de la organizaci\u00f3n de la carrera. El recorrido urbano por Madrid, tradicionalmente conmemorativo y sin tensi\u00f3n competitiva, ha sido se\u00f1alado por los manifestantes, que tienen previsto concentrarse en torno a Atocha, Cibeles, Callao y Col\u00f3n. Hoy, s\u00e1bado 13, La Vuelta ha anunciado que elimina el paso por Aravaca y reduce en cinco kil\u00f3metros el recorrido final entre Alalpardo y Madrid para evitar el paso por la autov\u00eda A-6.<\/p>\n","protected":false},"excerpt":{"rendered":"Varios centenares de personas distribuidas por los distintos puntos del trazado de la etapa de La Vuelta en&hellip;\n","protected":false},"author":2,"featured_media":113261,"comment_status":"","ping_status":"","sticky":false,"template":"","format":"standard","meta":{"footnotes":""},"categories":[273],"tags":[517,313,312,168,25,24,23,167],"class_list":{"0":"post-113260","1":"post","2":"type-post","3":"status-publish","4":"format-standard","5":"has-post-thumbnail","7":"category-ciclismo","8":"tag-actualidad","9":"tag-ciclismo","10":"tag-cycling","11":"tag-deportes","12":"tag-es","13":"tag-espana","14":"tag-spain","15":"tag-sports"},"share_on_mastodon":{"url":"","error":""},"_links":{"self":[{"href":"https:\/\/www.europesays.com\/es\/wp-json\/wp\/v2\/posts\/113260","targetHints":{"allow":["GET"]}}],"collection":[{"href":"https:\/\/www.europesays.com\/es\/wp-json\/wp\/v2\/posts"}],"about":[{"href":"https:\/\/www.europesays.com\/es\/wp-json\/wp\/v2\/types\/post"}],"author":[{"embeddable":true,"href":"https:\/\/www.europesays.com\/es\/wp-json\/wp\/v2\/users\/2"}],"replies":[{"embeddable":true,"href":"https:\/\/www.europesays.com\/es\/wp-json\/wp\/v2\/comments?post=113260"}],"version-history":[{"count":0,"href":"https:\/\/www.europesays.com\/es\/wp-json\/wp\/v2\/posts\/113260\/revisions"}],"wp:featuredmedia":[{"embeddable":true,"href":"https:\/\/www.europesays.com\/es\/wp-json\/wp\/v2\/media\/113261"}],"wp:attachment":[{"href":"https:\/\/www.europesays.com\/es\/wp-json\/wp\/v2\/media?parent=113260"}],"wp:term":[{"taxonomy":"category","embeddable":true,"href":"https:\/\/www.europesays.com\/es\/wp-json\/wp\/v2\/categories?post=113260"},{"taxonomy":"post_tag","embeddable":true,"href":"https:\/\/www.europesays.com\/es\/wp-json\/wp\/v2\/tags?post=113260"}],"curies":[{"name":"wp","href":"https:\/\/api.w.org\/{rel}","templated":true}]}}