{"id":113279,"date":"2025-09-14T00:09:12","date_gmt":"2025-09-14T00:09:12","guid":{"rendered":"https:\/\/www.europesays.com\/es\/113279\/"},"modified":"2025-09-14T00:09:12","modified_gmt":"2025-09-14T00:09:12","slug":"yo-vi-los-moratones-en-el-cuerpo-de-mar-flores","status":"publish","type":"post","link":"https:\/\/www.europesays.com\/es\/113279\/","title":{"rendered":"\u201cYo vi los moratones en el cuerpo de Mar Flores\u201d"},"content":{"rendered":"<p data-journey-content=\"true\" data-node-id=\"3\" class=\"css-i9p093 emevuu60\">La publicaci\u00f3n de las memorias de Mar Flores ha convertido a la top de los 90 en uno de los personajes m\u00e1s buscados. En su libro autobiogr\u00e1fico, la madre de Carlo Costanzia cuenta <strong data-node-id=\"3.1\">su verdad y saca a la luz episodios de su vida que jam\u00e1s nadie se hubiese imaginado.<\/strong> Muchos de estos testimonios han sido puestos en duda y pocos han sido los que han salido en defensa de la modelo hasta este viernes.<strong data-node-id=\"3.3\"> Elsa Anka<\/strong>, con la que mantiene una amistad desde hace m\u00e1s de tres d\u00e9cadas,<strong data-node-id=\"3.5\"> ha querido salir en defensa de su amiga y confirmar el episodio de malos tratos que la modelo narra en sus memorias. <\/strong><\/p>\n<p data-journey-content=\"true\" data-node-id=\"6\" class=\"css-i9p093 emevuu60\">Ha sido en el programa de Sonsoles \u00d3nega, donde <a href=\"https:\/\/www.diezminutos.es\/famosos-corazon\/famosos-espanoles\/a66065599\/sonsoles-onega-opina-fichaje-mar-flores-y-ahora-sonsoles\/\" target=\"_blank\" data-vars-ga-outbound-link=\"https:\/\/www.diezminutos.es\/famosos-corazon\/famosos-espanoles\/a66065599\/sonsoles-onega-opina-fichaje-mar-flores-y-ahora-sonsoles\/\" data-vars-ga-ux-element=\"Hyperlink\" data-vars-ga-call-to-action=\"Mar Flores se ha convertido en colaboradora,\" data-node-id=\"6.1\" class=\"body-link css-177bzfx emevuu60\" rel=\"nofollow noopener\">Mar Flores se ha convertido en colaboradora,<\/a> donde Elsa ha hablado de un episodio que recuerda con mucha tristeza de aquella \u00e9poca.  <strong data-node-id=\"6.3\">La presentadora catalana reconoci\u00f3 haber visto moratones en el cuerpo de Flores.<\/strong><\/p>\n<p data-journey-content=\"true\" data-node-id=\"9\" class=\"css-i9p093 emevuu60\">Seg\u00fan ha explicado durante una breve entrevista con la presentadora de<a href=\"https:\/\/www.diezminutos.es\/y-ahora-sonsoles\/\" target=\"_blank\" data-vars-ga-outbound-link=\"https:\/\/www.diezminutos.es\/y-ahora-sonsoles\/\" data-vars-ga-ux-element=\"Hyperlink\" data-vars-ga-call-to-action=\" &#039;Y ahora Sonsoles&#039;\" data-node-id=\"9.1\" class=\"body-link css-177bzfx emevuu60\" rel=\"nofollow noopener\"> &#8216;Y ahora Sonsoles&#8217;<\/a>, este suceso ocurri\u00f3 cuando ambas trabajaban en el mundo de las pasarelas. Fue en un evento en el que compartieron habitaci\u00f3n, donde Elsa Anka detect\u00f3 unas marcas en los brazos de Mar Flores. Alarmada por las moratones en los brazos de su compa\u00f1era, Elsa quiso interesarse por lo ocurrido, pero en ese momento, Mar se limit\u00f3 a se\u00f1alar que hab\u00edan sido debido a su torpeza y una ca\u00edda. <strong data-node-id=\"9.3\">Algo que Anka nunca crey\u00f3 pues hab\u00eda pasado por una situaci\u00f3n similar poco tiempo atr\u00e1s. <\/strong><\/p>\n<p data-journey-content=\"true\" data-node-id=\"13\" class=\"css-i9p093 emevuu60\">\u00abLe pregunt\u00e9 y me dijo que se cay\u00f3 en el cine y se dio con los antebrazos. <strong data-node-id=\"13.1\">Le vi moratones, es correcto. Lo primero que me sali\u00f3 es decir &#8216;no es verdad'\u00bb<\/strong>, se lament\u00f3. \u00abNo est\u00e1bamos alentadas,<strong data-node-id=\"13.3\"> no est\u00e1bamos acompa\u00f1adas a contarlo donde hab\u00eda que contarlo todav\u00eda hab\u00eda esa sensaci\u00f3n de que todav\u00eda yo tengo culpa de algo<\/strong>\u00ab, record\u00f3 incluso por su propia experiencia.<\/p>\n<p data-journey-content=\"true\" data-node-id=\"15\" class=\"css-i9p093 emevuu60\">La modelo ha narrado su propia experiencia con la violencia de g\u00e9nero: \u00abMe estaba llevando una amigo de mi pareja por aquel entonces a urgencias y me dijo, acu\u00e9rdate de decir que te has ca\u00eddo en la cocina\u00bb. Un relato que dejaba en shock a Sonsoles \u00d3nega que daba cr\u00e9dito a lo narrado por su invitada. <\/p>\n<p data-journey-content=\"true\" data-node-id=\"17\" class=\"css-i9p093 emevuu60\">\u00abMar sufri\u00f3 mucho. Mar Flores siempre nos ha parecido distante y fr\u00eda&#8230; Como amiga la he <strong data-node-id=\"17.1\">visto fr\u00e1gil y vulnerable, hemos llorado. <\/strong>Decidi\u00f3 vestirse con ese armaz\u00f3n y hacer frente porque creo que fue extremadamente injusto lo que le pas\u00f3\u00bb, defendi\u00f3 Elsa a Mar ante los constantes ataques sufridos por la modelo.<\/p>\n<p><img src=\"https:\/\/www.europesays.com\/es\/wp-content\/uploads\/2025\/09\/1757808552_338_4104b2dc-9d92-4a2f-a41f-327dc6377620_1734436473.jpg\" alt=\"Headshot of Valentina Vera\" title=\"Headshot of Valentina Vera\" width=\"100%\" height=\"100%\" decoding=\"async\" loading=\"lazy\" class=\"css-o0wq4v ev8dhu53\"\/><\/p>\n<p>Valentina Vera es una periodista experta en cr\u00f3nica rosa, realidad, &#8216;reality&#8217;, moda y belleza. Siempre al d\u00eda de las \u00faltimas novedades de los famosos nacionales e internacionales y de las casas reales europeas. Su trabajo como redactora le permite ser testigo de las bodas de los personajes m\u00e1s relevantes del panorama social; de alfombras rojas; de funerales de Estado o de acontecimientos hist\u00f3ricos: como la proclamaci\u00f3n de Felipe VI como Rey o la coronaci\u00f3n de Carlos III de Inglaterra.<br \/>\nLicenciada en Periodismo por la Universidad Complutense de Madrid. Comenz\u00f3 su andadura en el mundo del coraz\u00f3n en el a\u00f1o 2013 en la revista \u00a1Hola! Y desde 2014 forma parte del grupo Hearst, donde ha ido adquiriendo experiencia tanto en la edici\u00f3n impresa como en el formato web de la revista Diez Minutos.<br \/>\nEl medio digital le apasiona por la inmediatez en la que sus lectores pueden ser testigos de lo que sucede en la vida de los famosos desde cualquier parte del mundo. Instagram, Twitter y TikTok se han convertido en una herramienta m\u00e1s de informaci\u00f3n a la hora de crear, gestionar y organizar el contenido, ya que le permiten conocer la \u00faltima hora de lo que sucede en la vida de los famosos.<br \/>\nEn constante formaci\u00f3n de estrategias y t\u00e9cnicas de optimizaci\u00f3n digital para su trabajo como redactora, en la actualidad tambi\u00e9n se encuentra estudiando Diet\u00e9tica. Llevar un estilo de vida saludable es algo que le apasiona y cree que la nutrici\u00f3n es una parte fundamental.<\/p>\n","protected":false},"excerpt":{"rendered":"La publicaci\u00f3n de las memorias de Mar Flores ha convertido a la top de los 90 en uno&hellip;\n","protected":false},"author":2,"featured_media":113280,"comment_status":"","ping_status":"","sticky":false,"template":"","format":"standard","meta":{"footnotes":""},"categories":[91],"tags":[253,146,147,25,24,23],"class_list":{"0":"post-113279","1":"post","2":"type-post","3":"status-publish","4":"format-standard","5":"has-post-thumbnail","7":"category-entretenimiento","8":"tag-discover","9":"tag-entertainment","10":"tag-entretenimiento","11":"tag-es","12":"tag-espana","13":"tag-spain"},"share_on_mastodon":{"url":"","error":""},"_links":{"self":[{"href":"https:\/\/www.europesays.com\/es\/wp-json\/wp\/v2\/posts\/113279","targetHints":{"allow":["GET"]}}],"collection":[{"href":"https:\/\/www.europesays.com\/es\/wp-json\/wp\/v2\/posts"}],"about":[{"href":"https:\/\/www.europesays.com\/es\/wp-json\/wp\/v2\/types\/post"}],"author":[{"embeddable":true,"href":"https:\/\/www.europesays.com\/es\/wp-json\/wp\/v2\/users\/2"}],"replies":[{"embeddable":true,"href":"https:\/\/www.europesays.com\/es\/wp-json\/wp\/v2\/comments?post=113279"}],"version-history":[{"count":0,"href":"https:\/\/www.europesays.com\/es\/wp-json\/wp\/v2\/posts\/113279\/revisions"}],"wp:featuredmedia":[{"embeddable":true,"href":"https:\/\/www.europesays.com\/es\/wp-json\/wp\/v2\/media\/113280"}],"wp:attachment":[{"href":"https:\/\/www.europesays.com\/es\/wp-json\/wp\/v2\/media?parent=113279"}],"wp:term":[{"taxonomy":"category","embeddable":true,"href":"https:\/\/www.europesays.com\/es\/wp-json\/wp\/v2\/categories?post=113279"},{"taxonomy":"post_tag","embeddable":true,"href":"https:\/\/www.europesays.com\/es\/wp-json\/wp\/v2\/tags?post=113279"}],"curies":[{"name":"wp","href":"https:\/\/api.w.org\/{rel}","templated":true}]}}