{"id":113313,"date":"2025-09-14T00:32:11","date_gmt":"2025-09-14T00:32:11","guid":{"rendered":"https:\/\/www.europesays.com\/es\/113313\/"},"modified":"2025-09-14T00:32:11","modified_gmt":"2025-09-14T00:32:11","slug":"el-martes-empiezo-con-la-quimioterapia","status":"publish","type":"post","link":"https:\/\/www.europesays.com\/es\/113313\/","title":{"rendered":"\u00abEl martes empiezo con la quimioterapia\u00bb"},"content":{"rendered":"<p><img decoding=\"async\" class=\"voc-author__img\" src=\"https:\/\/www.europesays.com\/es\/wp-content\/uploads\/2025\/08\/1755001989_832_autor-7150-foto-1.jpeg\" alt=\"Marina Ortiz Cort\u00e9s\"\/><\/p>\n<p class=\"voc-p\" style=\"\">Hace diez d\u00edas que <strong>Antonia San Juan<\/strong> desvel\u00f3 que le han diagnosticado un c\u00e1ncer en la garganta. Todo empez\u00f3 con una <a href=\"https:\/\/www.abc.es\/gente\/antonia-san-juan-diagnostico-cero-dramas-actitud-20250913110904-vi.html\" target=\"_self\" data-voc-vtm-id=\"in-text-traffic\" title=\"faringitis cr\u00f3nica\" data-mrf-link=\"www.abc.es\" rel=\"nofollow noopener\">faringitis cr\u00f3nica<\/a>, que ha tenido \u00absiempre\u00bb, seg\u00fan ella contaba. Pero en el \u00faltimo a\u00f1o hab\u00eda tenido problemas en la zona que no terminaban de parecer normales. \u00abEl otro d\u00eda fui al m\u00e9dico de familia y me dijo que ve\u00eda un problema en las cuerdas vocales\u00bb, explicaba la actriz de 64 a\u00f1os.<\/p>\n<p class=\"voc-p\" style=\"\">Tras unas pruebas llegaba el diagn\u00f3stico que ella contaba con normalidad. \u00abYo <strong>conf\u00edo plenamente en la ciencia<\/strong> y ahora lo que me toca es seguir el tratamiento que me pongan\u00bb, compart\u00eda ante todos sus seguidores, a los que promet\u00eda mantener informados durante el proceso. Y as\u00ed ha sido. <\/p>\n<p class=\"voc-p\" style=\"\">Este viernes explicaba que el lunes le van a hacer <a href=\"https:\/\/www.abc.es\/gente\/antonia-san-juan-diagnostico-cero-dramas-actitud-20250913110904-vi.html\" target=\"_self\" data-voc-vtm-id=\"in-text-traffic\" title=\"un PET-TAC\" data-mrf-link=\"www.abc.es\" rel=\"nofollow noopener\">un PET-TAC<\/a> de todo el cuerpo \u00aba ver si las c\u00e9lulas han viajado por la linfa\u00bb. Se lo tomaba con la naturalidad y el humor que siempre la caracteriza: \u00abSupongo que se dice la linfa, porque <strong>yo de medicina no s\u00e9<\/strong>\u00bb, comentaba con cercan\u00eda. Y este ser\u00eda el \u00faltimo paso antes de comenzar el tratamiento, que ya le han recetado, y que durar\u00e1 unos siete meses. <\/p>\n<p class=\"voc-p\" style=\"\">\u00abEl martes ya empiezo con la <strong>quimioterapia con ciclos cada tres semanas<\/strong> y termino a principios de marzo\u00bb, ha explicado la int\u00e9rprete de &#8216;La que se avecina&#8217;. \u00ab<strong>Si ya me cuidaba ahora me cuido m\u00e1s<\/strong>\u00bb, comparte Antonia en el v\u00eddeo, en donde aparece precisamente frente a un plato de verduras y frutas. \u00abVoy a seguir ilusionada con la vida\u00bb, declaraba con la fuerza que ha desmotrado desde el comienzo del proceso. Va a seguir yendo al gimnasio, tal y como ha demostrado en v\u00eddeos siguientes, en donde hace 90 minutos de cardio y peso para mantenerse en forma. \u00abNo hay otra, <strong>la vida te da sorpresas<\/strong> y tienes que hacer lo que toca hacer. Ahora dentro de un rato, al gym, que tengan un maravilloso fin de semana y ya les ir\u00e9 contando\u00bb, ha compartido en otro v\u00eddeo que ha publicado este s\u00e1bado.<\/p>\n<p class=\"voc-p\" style=\"\">En los comentarios ha recibido todo el apoyo y el cari\u00f1o de la profesi\u00f3n. \u00abLa mejor actitud ante la enfermedad\u00bb, sentenciaba ella en el pie de su v\u00eddeo, al que m\u00e1s de 24.000 personas le han dado a &#8216;me gusta&#8217;. \u00ab<strong>Eres mucho, querida Antonia<\/strong>\u00bb, ha respondido<a href=\"https:\/\/www.abc.es\/gente\/cristina-castano-bienvenida-primer-hijo-preciosoooo-20250825103056-nt.html\" target=\"_self\" data-voc-vtm-id=\"in-text-traffic\" title=\" la actriz Cristina Casta\u00f1o\" data-mrf-link=\"www.abc.es\" rel=\"nofollow noopener\"> la actriz Cristina Casta\u00f1o<\/a>. \u00abAy, amor, \u00a1te adoro! Te mando much\u00edsima fuerza y un abrazo enorme\u00bb, le ha contestado la drag queen Estrella Xtravaganza.<\/p>\n<p>Reportar un error<\/p>\n","protected":false},"excerpt":{"rendered":"Hace diez d\u00edas que Antonia San Juan desvel\u00f3 que le han diagnosticado un c\u00e1ncer en la garganta. Todo&hellip;\n","protected":false},"author":2,"featured_media":113314,"comment_status":"","ping_status":"","sticky":false,"template":"","format":"standard","meta":{"footnotes":""},"categories":[91],"tags":[33613,2528,4083,146,147,25,24,409,2228,23,1064],"class_list":{"0":"post-113313","1":"post","2":"type-post","3":"status-publish","4":"format-standard","5":"has-post-thumbnail","7":"category-entretenimiento","8":"tag-antonia","9":"tag-comienzo","10":"tag-desvela","11":"tag-entertainment","12":"tag-entretenimiento","13":"tag-es","14":"tag-espana","15":"tag-juan","16":"tag-san","17":"tag-spain","18":"tag-tratamiento"},"share_on_mastodon":{"url":"","error":""},"_links":{"self":[{"href":"https:\/\/www.europesays.com\/es\/wp-json\/wp\/v2\/posts\/113313","targetHints":{"allow":["GET"]}}],"collection":[{"href":"https:\/\/www.europesays.com\/es\/wp-json\/wp\/v2\/posts"}],"about":[{"href":"https:\/\/www.europesays.com\/es\/wp-json\/wp\/v2\/types\/post"}],"author":[{"embeddable":true,"href":"https:\/\/www.europesays.com\/es\/wp-json\/wp\/v2\/users\/2"}],"replies":[{"embeddable":true,"href":"https:\/\/www.europesays.com\/es\/wp-json\/wp\/v2\/comments?post=113313"}],"version-history":[{"count":0,"href":"https:\/\/www.europesays.com\/es\/wp-json\/wp\/v2\/posts\/113313\/revisions"}],"wp:featuredmedia":[{"embeddable":true,"href":"https:\/\/www.europesays.com\/es\/wp-json\/wp\/v2\/media\/113314"}],"wp:attachment":[{"href":"https:\/\/www.europesays.com\/es\/wp-json\/wp\/v2\/media?parent=113313"}],"wp:term":[{"taxonomy":"category","embeddable":true,"href":"https:\/\/www.europesays.com\/es\/wp-json\/wp\/v2\/categories?post=113313"},{"taxonomy":"post_tag","embeddable":true,"href":"https:\/\/www.europesays.com\/es\/wp-json\/wp\/v2\/tags?post=113313"}],"curies":[{"name":"wp","href":"https:\/\/api.w.org\/{rel}","templated":true}]}}