{"id":113315,"date":"2025-09-14T00:33:13","date_gmt":"2025-09-14T00:33:13","guid":{"rendered":"https:\/\/www.europesays.com\/es\/113315\/"},"modified":"2025-09-14T00:33:13","modified_gmt":"2025-09-14T00:33:13","slug":"encuentran-una-estructura-cuadrada-en-marte-y-la-gente-se-vuelve-loca-esto-es-salvaje","status":"publish","type":"post","link":"https:\/\/www.europesays.com\/es\/113315\/","title":{"rendered":"Encuentran una estructura cuadrada en Marte y la gente se vuelve loca: \u00abEsto es salvaje\u00bb"},"content":{"rendered":"<p>El cerebro humano est\u00e1 programado para encontrar patrones reconocibles incluso donde no los hay. Esta tendencia, conocida como pareidolia, nos lleva a ver rostros en las nubes o figuras en las manchas de una pared. El c\u00e9lebre astr\u00f3nomo Carl Sagan defend\u00eda que esta capacidad no es un defecto, sino <strong>una habilidad crucial para la supervivencia<\/strong>, perfeccionada a lo largo de la evoluci\u00f3n para identificar amigos o depredadores a partir de informaci\u00f3n visual incompleta. De hecho, esta predisposici\u00f3n a interpretar est\u00edmulos ambiguos se relaciona con otros fen\u00f3menos cognitivos, y la ciencia ha estudiado a fondo a las <a title=\"personas que sufren eventos extrasensoriales\" href=\"https:\/\/www.larazon.es\/ciencia\/hay-personas-que-sufren-eventos-extrasensoriales-segun-cientificos-todos-tienen-algo-comun-b30m_20250706686636225e724b62f067a57f.html\" target=\"_blank\" rel=\"nofollow noopener\">personas que sufren eventos extrasensoriales<\/a> para entender mejor el funcionamiento de nuestra mente.<\/p>\n<p>De hecho, la historia de la exploraci\u00f3n espacial est\u00e1 llena de episodios marcados por este fen\u00f3meno. Uno de los m\u00e1s recordados es el de los supuestos \u00abcanales\u00bb de Marte, una idea popularizada a finales del siglo XIX por el astr\u00f3nomo estadounidense Percival Lowell. Aquella interpretaci\u00f3n err\u00f3nea aliment\u00f3 durante d\u00e9cadas la fantas\u00eda de que una civilizaci\u00f3n marciana hab\u00eda construido <strong>obras de ingenier\u00eda a escala planetaria<\/strong>, hasta que telescopios m\u00e1s avanzados demostraron que se trataba de meras ilusiones \u00f3pticas. A diferencia de estas fantas\u00edas del pasado, la astronom\u00eda moderna se enfrenta a enigmas reales que desaf\u00edan nuestra comprensi\u00f3n, como las <a title=\"\u00abnubes imposibles\u00bb de la V\u00eda L\u00e1ctea\" href=\"https:\/\/www.larazon.es\/ciencia\/nubes-imposibles-via-lactea-estan-volviendo-locos-cientificos-b30m_202507256880d2d0ffbf4a1a67414114.html\" target=\"_blank\" rel=\"nofollow noopener\">\u00abnubes imposibles\u00bb de la V\u00eda L\u00e1ctea<\/a> que desconciertan a los cient\u00edficos.<\/p>\n<p>En este mismo sentido, una vieja imagen captada hace m\u00e1s de veinte a\u00f1os por la sonda Mars Global Surveyor ha vuelto a la palestra en redes sociales, generando un nuevo <strong>torbellino de especulaciones<\/strong> sobre vida extraterrestre. La fotograf\u00eda muestra lo que parece ser una estructura cuadrada casi perfecta en la superficie del planeta rojo, un hallazgo que ha desatado la imaginaci\u00f3n de miles de internautas, tal y como <a title=\"han analizado en Iflscience\" href=\"https:\/\/www.iflscience.com\/why-are-people-talking-about-this-square-structure-captured-on-mars-80705\" target=\"_blank\" rel=\"nofollow noopener\">han analizado en Iflscience<\/a>.<\/p>\n<p>El origen real de la misteriosa estructura cuadrada<\/p>\n<p>Sin embargo, la explicaci\u00f3n cient\u00edfica se aleja por completo de cualquier teor\u00eda sobre civilizaciones perdidas. La versi\u00f3n de la imagen que se ha viralizado <strong>ha sido sutilmente alterada<\/strong> para resaltar el supuesto artefacto, aunque parte de una instant\u00e1nea aut\u00e9ntica. La fotograf\u00eda original abarca un \u00e1rea de aproximadamente tres kil\u00f3metros de ancho, y lo que en la versi\u00f3n recortada parece un objeto aislado es en realidad un elemento m\u00e1s dentro de un paisaje geol\u00f3gico mucho m\u00e1s extenso y complejo.<\/p>\n<p>En realidad, los expertos coinciden en que se trata de <strong>una formaci\u00f3n rocosa completamente natural<\/strong>. Su sorprendente aspecto geom\u00e9trico no es m\u00e1s que el resultado del azar y de la perspectiva con la que fue captada la imagen. No existe, por tanto, ning\u00fan indicio que apunte a una construcci\u00f3n inteligente detr\u00e1s de este <strong>curioso accidente geogr\u00e1fico marciano<\/strong>, que sirve como un recordatorio m\u00e1s de la facilidad con la que nuestro cerebro puede llegar a enga\u00f1arnos.<\/p>\n","protected":false},"excerpt":{"rendered":"El cerebro humano est\u00e1 programado para encontrar patrones reconocibles incluso donde no los hay. Esta tendencia, conocida como&hellip;\n","protected":false},"author":2,"featured_media":113316,"comment_status":"","ping_status":"","sticky":false,"template":"","format":"standard","meta":{"footnotes":""},"categories":[81],"tags":[119,123,124,25,24,117,121,122,23,118,120],"class_list":{"0":"post-113315","1":"post","2":"type-post","3":"status-publish","4":"format-standard","5":"has-post-thumbnail","7":"category-ciencia-y-tecnologia","8":"tag-ciencia","9":"tag-ciencia-y-tecnologia","10":"tag-cienciaytecnologia","11":"tag-es","12":"tag-espana","13":"tag-science","14":"tag-science-and-technology","15":"tag-scienceandtechnology","16":"tag-spain","17":"tag-technology","18":"tag-tecnologia"},"share_on_mastodon":{"url":"","error":""},"_links":{"self":[{"href":"https:\/\/www.europesays.com\/es\/wp-json\/wp\/v2\/posts\/113315","targetHints":{"allow":["GET"]}}],"collection":[{"href":"https:\/\/www.europesays.com\/es\/wp-json\/wp\/v2\/posts"}],"about":[{"href":"https:\/\/www.europesays.com\/es\/wp-json\/wp\/v2\/types\/post"}],"author":[{"embeddable":true,"href":"https:\/\/www.europesays.com\/es\/wp-json\/wp\/v2\/users\/2"}],"replies":[{"embeddable":true,"href":"https:\/\/www.europesays.com\/es\/wp-json\/wp\/v2\/comments?post=113315"}],"version-history":[{"count":0,"href":"https:\/\/www.europesays.com\/es\/wp-json\/wp\/v2\/posts\/113315\/revisions"}],"wp:featuredmedia":[{"embeddable":true,"href":"https:\/\/www.europesays.com\/es\/wp-json\/wp\/v2\/media\/113316"}],"wp:attachment":[{"href":"https:\/\/www.europesays.com\/es\/wp-json\/wp\/v2\/media?parent=113315"}],"wp:term":[{"taxonomy":"category","embeddable":true,"href":"https:\/\/www.europesays.com\/es\/wp-json\/wp\/v2\/categories?post=113315"},{"taxonomy":"post_tag","embeddable":true,"href":"https:\/\/www.europesays.com\/es\/wp-json\/wp\/v2\/tags?post=113315"}],"curies":[{"name":"wp","href":"https:\/\/api.w.org\/{rel}","templated":true}]}}