{"id":113319,"date":"2025-09-14T00:35:11","date_gmt":"2025-09-14T00:35:11","guid":{"rendered":"https:\/\/www.europesays.com\/es\/113319\/"},"modified":"2025-09-14T00:35:11","modified_gmt":"2025-09-14T00:35:11","slug":"despedida-una-trabajadora-de-una-cadena-de-copisterias-por-negarse-a-imprimir-un-cartel-en-memoria-de-charlie-kirk-es-propaganda","status":"publish","type":"post","link":"https:\/\/www.europesays.com\/es\/113319\/","title":{"rendered":"Despedida una trabajadora de una cadena de copister\u00edas por negarse a imprimir un cartel en memoria de Charlie Kirk: \u00abEs propaganda\u00bb"},"content":{"rendered":"<p class=\"c-paragraph\">La polarizaci\u00f3n que se vive en Estados Unidos es cada vez m\u00e1s patente y no solo se comprueba en el atentado contra <b>Charlie Kirk<\/b> del mi\u00e9rcoles, sino en c\u00f3mo se est\u00e1 reaccionando en el pa\u00eds.<\/p>\n<p class=\"c-paragraph\">Prueba de ello es una pol\u00e9mica ocurrida en Michigan con una empleada de un establecimiento de la cadena de copister\u00edas y papeler\u00edas<b> Office Depot, <\/b>que ha sido despedida despu\u00e9s de negarse a imprimir un cartel en memoria del activista conservador.<\/p>\n<p class=\"c-paragraph\">Tal y como recoge el <a href=\"https:\/\/www.dailymail.co.uk\/news\/article-15094221\/Office-Depot-worker-fired-refusing-print-flyers-Charlie-Kirk-vigil.html\" rel=\"nofollow noreferrer noopener\" target=\"_blank\" title=\"Office Depot worker axed after refusing to print flyers for Charlie Kirk vigil\">Daily Mail<\/a>, los hechos ocurrieron este viernes cuando el Partido Republicano del <b>Condado de Kalamazoo <\/b>encarg\u00f3 carteles en un Office Depot de la localidad de Portage, Michigan, antes de una vigilia en honor a Kirk que se celebraba esa noche.<\/p>\n<p class=\"c-paragraph\">Tres horas despu\u00e9s del encargo,\u00a0una supervisora de la tienda llamada Beryl contact\u00f3 con los organizadores para decirles que la acci\u00f3n no se completar\u00eda, porque el contenido era<b> \u00abpropaganda pol\u00edtica\u00bb.<\/b><\/p>\n<p class=\"c-paragraph\">Esa noche, el abogado y activista republicano<b> Matthew DePerno<\/b> acudi\u00f3 a la red social X para denunciar a la empresa por lo que describi\u00f3 como un sesgo pol\u00edtico flagrante,\u00a0compartiendo una foto del recibo de 56,17 d\u00f3lares por el pedido cancelado.<\/p>\n<p class=\"c-paragraph\">Junto con el recibo, DePerno tambi\u00e9n comparti\u00f3 un v\u00eddeo tomado dentro de la tienda, donde preguntaba a los empleados sobre la llamada que hab\u00eda recibido. Una mujer con la que habl\u00f3 se identific\u00f3 como una de las gerentes de la tienda y reiter\u00f3 que el local <b>\u00abno imprime propaganda pol\u00edtica\u00bb.<\/b><\/p>\n<p class=\"c-paragraph\">DePerno defendi\u00f3 su posici\u00f3n, dici\u00e9ndoles a los empleados sentados que los folletos eran para alguien que hab\u00eda fallecido y estaban destinados espec\u00edficamente a <b>una vigilia de oraci\u00f3n <\/b>programada para esa noche.<\/p>\n<p class=\"c-paragraph\">El tuit de DePerno se viraliz\u00f3 r\u00e1pidamente y ante la reacci\u00f3n del p\u00fablico, Office Depot, a trav\u00e9s de su cuenta oficial,<b> inform\u00f3 del despido de la empleada<\/b> y pidi\u00f3 disculpas a los afectados.<\/p>\n<p class=\"c-paragraph\">La empresa expres\u00f3 que estaban \u00abprofundamente preocupados\u00bb y confirmaron que la empleada involucrada<b> ya no est\u00e1 en la empresa.<\/b><\/p>\n<p class=\"c-paragraph\">\u00abEl comportamiento mostrado por nuestra asociada <b>es completamente inaceptable e insensible<\/b>, viola las pol\u00edticas de nuestra empresa y no refleja los valores que defendemos en Office Depot\u00bb, escribi\u00f3 la empresa.<\/p>\n<p class=\"c-paragraph\">\u00abNos disculpamos sinceramente con el cliente afectado y con nuestra comunidad por <b>esta lamentable situaci\u00f3n<\/b>\u00ab, agreg\u00f3 el comunicado. Office Depot explic\u00f3 adem\u00e1s que se comunicaron inmediatamente con el cliente para asegurarse de que el pedido se cumpliera a su satisfacci\u00f3n.<\/p>\n<p class=\"c-paragraph\">\u00abTambi\u00e9n iniciamos<b> una revisi\u00f3n interna inmediata<\/b> y, como resultado, la asociada involucrada ya no est\u00e1 en la organizaci\u00f3n\u00bb, concluye la nota.<\/p>\n","protected":false},"excerpt":{"rendered":"La polarizaci\u00f3n que se vive en Estados Unidos es cada vez m\u00e1s patente y no solo se comprueba&hellip;\n","protected":false},"author":2,"featured_media":113320,"comment_status":"","ping_status":"","sticky":false,"template":"","format":"standard","meta":{"footnotes":""},"categories":[42],"tags":[17,18,19680,204,13,14,11,61,62,63,64,19,20,9,10,15,16,12,10909,21,22,20877,65,66,67],"class_list":{"0":"post-113319","1":"post","2":"type-post","3":"status-publish","4":"format-standard","5":"has-post-thumbnail","7":"category-internacional","8":"tag-breaking-news","9":"tag-breakingnews","10":"tag-cadena","11":"tag-despedida","12":"tag-featured-news","13":"tag-featurednews","14":"tag-headlines","15":"tag-internacional","16":"tag-international","17":"tag-international-news","18":"tag-internationalnews","19":"tag-latest-news","20":"tag-latestnews","21":"tag-news","22":"tag-noticias","23":"tag-noticias-destacadas","24":"tag-noticiasdestacadas","25":"tag-titulares","26":"tag-trabajadora","27":"tag-ultimas-noticias","28":"tag-ultimasnoticias","29":"tag-una","30":"tag-world","31":"tag-world-news","32":"tag-worldnews"},"share_on_mastodon":{"url":"","error":""},"_links":{"self":[{"href":"https:\/\/www.europesays.com\/es\/wp-json\/wp\/v2\/posts\/113319","targetHints":{"allow":["GET"]}}],"collection":[{"href":"https:\/\/www.europesays.com\/es\/wp-json\/wp\/v2\/posts"}],"about":[{"href":"https:\/\/www.europesays.com\/es\/wp-json\/wp\/v2\/types\/post"}],"author":[{"embeddable":true,"href":"https:\/\/www.europesays.com\/es\/wp-json\/wp\/v2\/users\/2"}],"replies":[{"embeddable":true,"href":"https:\/\/www.europesays.com\/es\/wp-json\/wp\/v2\/comments?post=113319"}],"version-history":[{"count":0,"href":"https:\/\/www.europesays.com\/es\/wp-json\/wp\/v2\/posts\/113319\/revisions"}],"wp:featuredmedia":[{"embeddable":true,"href":"https:\/\/www.europesays.com\/es\/wp-json\/wp\/v2\/media\/113320"}],"wp:attachment":[{"href":"https:\/\/www.europesays.com\/es\/wp-json\/wp\/v2\/media?parent=113319"}],"wp:term":[{"taxonomy":"category","embeddable":true,"href":"https:\/\/www.europesays.com\/es\/wp-json\/wp\/v2\/categories?post=113319"},{"taxonomy":"post_tag","embeddable":true,"href":"https:\/\/www.europesays.com\/es\/wp-json\/wp\/v2\/tags?post=113319"}],"curies":[{"name":"wp","href":"https:\/\/api.w.org\/{rel}","templated":true}]}}