{"id":113323,"date":"2025-09-14T00:40:11","date_gmt":"2025-09-14T00:40:11","guid":{"rendered":"https:\/\/www.europesays.com\/es\/113323\/"},"modified":"2025-09-14T00:40:11","modified_gmt":"2025-09-14T00:40:11","slug":"manuel-caballero-irrumpe-como-matador-en-la-orgia-triunfalista-de-albacete-un-palco-mamporrero-convierte-la-plaza-en-un-after","status":"publish","type":"post","link":"https:\/\/www.europesays.com\/es\/113323\/","title":{"rendered":"Manuel Caballero irrumpe como matador en la org\u00eda triunfalista de Albacete: un palco mamporrero convierte la plaza en un after"},"content":{"rendered":"<p>Mancheguito fue el primer matador de la historia de Albacete. De eso no hay duda. Hubo muchos aspirantes previos. Casi 20 a\u00f1os antes de la alternativa de C\u00e1ndido Mart\u00ednez, aparece en una fotograf\u00eda de Fabi\u00e1n Fern\u00e1ndez, que ten\u00eda un estudio en la calle Gaona 7, casi en la intersecci\u00f3n con la calle Concepci\u00f3n, otro torerito. En esa imagen, tomada un d\u00eda de invierno de 1878 en el Altozano -todo nevado-, un a\u00f1o antes de que pasara a llamarse plaza del general Espartero y dos siglos despu\u00e9s de que lo conocieran los aldeanos como Rinconada del Toril, porque all\u00ed se encerraban los toros que luego se lidiaban en la plaza, aparecen varios rostros ilustres de aquella villa de Albacete. Uno de ellos, Fileto Rojas, al que apodaban \u00abEl Manchao\u00bb. Joven promesa del toreo del que, dec\u00edan, ten\u00eda un valor a prueba de bombas. \u00bfPodr\u00eda haber sido \u00e9l el primero? Tal vez s\u00ed, pero se qued\u00f3 por el camino.<\/p>\n<p>Ahora bien, \u00bfes Manuel Caballero Quintanilla el matador de toros n\u00famero 75 de la historia de Albacete? Tal vez no. Quiz\u00e1 haya que corregir un error hist\u00f3rico en la tauromaquia albacete\u00f1a, aunque puede dar lugar a interpretaciones. Incluso hay quien afirma que, con la alternativa de Manuel, es la quinta dupla padre e hijo que alcanza tal honor. Los Amador; D\u00e1maso y su hijo Pelu; los Juan Luis Rodr\u00edguez; Sebasti\u00e1n y Ant\u00f3n y, ahora, los Caballero. Pero hay un acontecimiento que tuvo lugar el d\u00eda de San Juan de 1910 en la plaza vieja. Era empresario C\u00e1ndido Mart\u00ednez \u00abMancheguito\u00bb, que llevaba una d\u00e9cada retirado, pero que decidi\u00f3 volver a vestirse de luces para la ocasi\u00f3n. En realidad quiso hacerlo en el Corpus de aquel a\u00f1o, pero la lluvia oblig\u00f3 a aplazarlo al d\u00eda del patr\u00f3n. Rese\u00f1o seis reses de Flores, cuatro toros y dos novillos. Los toros, para \u00e9l y los novillos, para su hijo Baltasar, novillero de cierto \u00e9xito, y su sobrino Francisco, \u00abMancheguito Chico\u00bb. Saliendo de un quite al tercero de la tarde, C\u00e1ndido fue herido en el rostro, le rompi\u00f3 la arteria nasal y adem\u00e1s le peg\u00f3 otra cornada en el muslo derecho. Tuvo que pasar a la enfermer\u00eda y fue su hijo Baltasar quien se hizo cargo de los toros.<\/p>\n<p>Y he aqu\u00ed la paradoja. No hubo una ceremonia de alternativa, pero el novillero, apodado \u00abMancheguito II\u00bb, tuvo que estoquear tres toros de corrida vestido de luces. De la misma manera que si un matador sobresaliente que tiene que intervenir en un festejo en Las Ventas y no ha sido confirmado antes, se considera v\u00e1lida esa confirmaci\u00f3n pese a no haberse celebrado la ceremonia de cesi\u00f3n de trastos, el caso de Baltasar Mart\u00ednez podr\u00eda tratarse de una alternativa no oficial, pero s\u00ed oficiosa. Es una an\u00e9cdota, pero es igualmente evidente que el hijo de Mancheguito mat\u00f3 tres toros en Albacete vestido de luces \u00bfSe hizo matador de toros? Un debate interesant\u00edsimo, pero s\u00ed podemos concluir que, por un d\u00eda, se convirti\u00f3 en matador de toros. Y hoy, Manuel Caballero, ha sido por tanto el albacete\u00f1o n\u00famero 76 en hacerlo en una corrida. As\u00ed las cosas, es el sexto hijo de torero de Albacete que lo hace.<\/p>\n<p><img loading=\"lazy\" decoding=\"async\" width=\"1200\" height=\"800\" src=\"https:\/\/www.europesays.com\/es\/wp-content\/uploads\/2025\/09\/photo_2025-09-13-21.23.18.jpeg\" alt=\"\" class=\"wp-image-1066521\"  \/><\/p>\n<p>Fue todo especial en esta tarde de s\u00e1bado en Albacete. Y bonito. Paco Ure\u00f1a, tan ligado tambi\u00e9n a esta tierra, tuvo el detallazo de cederle los trastos a Caballero senior para que este le diera la alternativa, oficiosa tambi\u00e9n -curioso el destino-, a Caballero junior, que llevaba un blanco y oro prestado por su padre. Dos puestas ten\u00eda nada m\u00e1s el traje. Madrid, puerta grande, y Albacete, puerta grande. Ya tiene tres. Despu\u00e9s de la ceremonia, el hijo sac\u00f3 al padre otra vez al ruedo para brind\u00e1rselo. Antes de decir nada ya estaban llorando los dos. Y medio callej\u00f3n. El hermano e hijo del torero, junto a Manolito Chopera, que vino aposta a verlo. Al lado, Pep\u00edn Liria, emocionado. Muchos toreros tambi\u00e9n se secaban esas lagrimillas que a veces nos gustar\u00eda esconder. \u00bfLos toreros no lloran? Y los hombres, tambi\u00e9n. Bastante m\u00e1s sensibilidad de la que tuvo parte de la afici\u00f3n, que pit\u00f3 en la ovaci\u00f3n que le tribut\u00f3 la mayor parte de la plaza al romper el pase\u00edllo. Lo trataron despu\u00e9s con una frialdad con un tufillo bastante envidioso, cruel e injusto.<\/p>\n<p><img loading=\"lazy\" decoding=\"async\" width=\"1200\" height=\"799\" src=\"https:\/\/www.europesays.com\/es\/wp-content\/uploads\/2025\/09\/photo_2025-09-13-21.23.19.jpeg\" alt=\"\" class=\"wp-image-1066520\"  \/><\/p>\n<p>Se habr\u00eda enfadado mucho tambi\u00e9n Daniel Ruiz, que seguro que desde el cielo tambi\u00e9n solt\u00f3 alguna l\u00e1grima. \u00c9l, que tanto quiso a esta familia. Siempre ha habido una vaca encerrada para el padre y para el hijo. Ojal\u00e1 hubiera tenido m\u00e1s fuerza el toro, porque calidad y categor\u00eda le sobr\u00f3 embistiendo. Caballero estuvo sensacional con el toro. Con el capote y especialmente con la muleta. Antes del primer muletazo, por cierto, la banda empez\u00f3 a tocar el pasodoble \u2018Manuel Caballero\u2019. Supo sujetarlo en tandas templad\u00edsimas. Como no pod\u00eda apretarle para que no se cayera, se apret\u00f3 a s\u00ed mismo. T\u00e9cnicamente perfecto, eso no es noticia en \u00e9l. Consigui\u00f3 tambi\u00e9n pasajes de alta nota al natural. Cerr\u00f3 por ajustadas manoletinas y lo coron\u00f3 con un espadazo soberbio. \u00bfEra de dos? Pues igual no, pero el palco debe interpretar reglamentos, conocer la plaza -creo que Coy la conoce- y tener esa sensibilidad en momentos especiales. Al final, una oreja de ley. Lo mejor, ver futuro en Manuel. Dec\u00eda Andr\u00e9s V\u00e1zquez que es dif\u00edcil que prosperen de luces los que ya tienen \u00abel pienso echao\u00bb. Si Caballero nos dio motivos alg\u00fan d\u00eda para pensarlo, en esta feria nos ha sacado de dudas: quiere ser torero.<\/p>\n<p><a href=\"https:\/\/www.europesays.com\/es\/wp-content\/uploads\/2025\/09\/photo_2025-09-13-21.23.16.jpeg\" data-slb-active=\"1\" data-slb-asset=\"426045575\" data-slb-internal=\"0\" data-slb-group=\"slb\"><img loading=\"lazy\" decoding=\"async\" width=\"1200\" height=\"800\" data-id=\"1066523\" src=\"https:\/\/www.europesays.com\/es\/wp-content\/uploads\/2025\/09\/photo_2025-09-13-21.23.16.jpeg\" alt=\"\" class=\"wp-image-1066523\"  \/><\/a><\/p>\n<p><a href=\"https:\/\/www.europesays.com\/es\/wp-content\/uploads\/2025\/09\/photo_2025-09-13-21.23.17.jpeg\" data-slb-active=\"1\" data-slb-asset=\"834902009\" data-slb-internal=\"0\" data-slb-group=\"slb\"><img loading=\"lazy\" decoding=\"async\" width=\"1200\" height=\"800\" data-id=\"1066522\" src=\"https:\/\/www.europesays.com\/es\/wp-content\/uploads\/2025\/09\/photo_2025-09-13-21.23.17.jpeg\" alt=\"\" class=\"wp-image-1066522\"  \/><\/a><\/p>\n<p><a href=\"https:\/\/www.europesays.com\/es\/wp-content\/uploads\/2025\/09\/photo_2025-09-13-21.23.23.jpeg\" data-slb-active=\"1\" data-slb-asset=\"1384250567\" data-slb-internal=\"0\" data-slb-group=\"slb\"><img loading=\"lazy\" decoding=\"async\" width=\"1200\" height=\"800\" data-id=\"1066517\" src=\"https:\/\/www.europesays.com\/es\/wp-content\/uploads\/2025\/09\/photo_2025-09-13-21.23.23.jpeg\" alt=\"\" class=\"wp-image-1066517\"  \/><\/a><\/p>\n<p><a href=\"https:\/\/www.europesays.com\/es\/wp-content\/uploads\/2025\/09\/photo_2025-09-13-21.23.24.jpeg\" data-slb-active=\"1\" data-slb-asset=\"1325059040\" data-slb-internal=\"0\" data-slb-group=\"slb\"><img loading=\"lazy\" decoding=\"async\" width=\"1200\" height=\"800\" data-id=\"1066516\" src=\"https:\/\/www.europesays.com\/es\/wp-content\/uploads\/2025\/09\/photo_2025-09-13-21.23.24.jpeg\" alt=\"\" class=\"wp-image-1066516\"  \/><\/a><\/p>\n<p><a href=\"https:\/\/www.europesays.com\/es\/wp-content\/uploads\/2025\/09\/photo_2025-09-13-21.23.25.jpeg\" data-slb-active=\"1\" data-slb-asset=\"1564852367\" data-slb-internal=\"0\" data-slb-group=\"slb\"><img loading=\"lazy\" decoding=\"async\" width=\"1200\" height=\"800\" data-id=\"1066515\" src=\"https:\/\/www.europesays.com\/es\/wp-content\/uploads\/2025\/09\/photo_2025-09-13-21.23.25.jpeg\" alt=\"\" class=\"wp-image-1066515\"  \/><\/a><\/p>\n<p><a href=\"https:\/\/www.europesays.com\/es\/wp-content\/uploads\/2025\/09\/photo_2025-09-13-21.23.26.jpeg\" data-slb-active=\"1\" data-slb-asset=\"1461957992\" data-slb-internal=\"0\" data-slb-group=\"slb\"><img loading=\"lazy\" decoding=\"async\" width=\"1200\" height=\"1200\" data-id=\"1066514\" src=\"https:\/\/www.europesays.com\/es\/wp-content\/uploads\/2025\/09\/photo_2025-09-13-21.23.26.jpeg\" alt=\"\" class=\"wp-image-1066514\"  \/><\/a><\/p>\n<p><a href=\"https:\/\/www.europesays.com\/es\/wp-content\/uploads\/2025\/09\/photo_2025-09-13-21.23.28.jpeg\" data-slb-active=\"1\" data-slb-asset=\"275515218\" data-slb-internal=\"0\" data-slb-group=\"slb\"><img loading=\"lazy\" decoding=\"async\" width=\"1200\" height=\"800\" data-id=\"1066513\" src=\"https:\/\/www.europesays.com\/es\/wp-content\/uploads\/2025\/09\/photo_2025-09-13-21.23.28.jpeg\" alt=\"\" class=\"wp-image-1066513\"  \/><\/a><\/p>\n<p><a href=\"https:\/\/www.europesays.com\/es\/wp-content\/uploads\/2025\/09\/photo_2025-09-13-21.23.29.jpeg\" data-slb-active=\"1\" data-slb-asset=\"1319004893\" data-slb-internal=\"0\" data-slb-group=\"slb\"><img loading=\"lazy\" decoding=\"async\" width=\"1200\" height=\"800\" data-id=\"1066512\" src=\"https:\/\/www.europesays.com\/es\/wp-content\/uploads\/2025\/09\/photo_2025-09-13-21.23.29.jpeg\" alt=\"\" class=\"wp-image-1066512\"  \/><\/a><\/p>\n<p><a href=\"https:\/\/www.europesays.com\/es\/wp-content\/uploads\/2025\/09\/photo_2025-09-13-21.23.31.jpeg\" data-slb-active=\"1\" data-slb-asset=\"902385114\" data-slb-internal=\"0\" data-slb-group=\"slb\"><img loading=\"lazy\" decoding=\"async\" width=\"1200\" height=\"800\" data-id=\"1066511\" src=\"https:\/\/www.europesays.com\/es\/wp-content\/uploads\/2025\/09\/photo_2025-09-13-21.23.31.jpeg\" alt=\"\" class=\"wp-image-1066511\"  \/><\/a><\/p>\n<p><a href=\"https:\/\/www.europesays.com\/es\/wp-content\/uploads\/2025\/09\/photo_2025-09-13-21.23.32.jpeg\" data-slb-active=\"1\" data-slb-asset=\"1379277048\" data-slb-internal=\"0\" data-slb-group=\"slb\"><img loading=\"lazy\" decoding=\"async\" width=\"1200\" height=\"800\" data-id=\"1066510\" src=\"https:\/\/www.europesays.com\/es\/wp-content\/uploads\/2025\/09\/photo_2025-09-13-21.23.32.jpeg\" alt=\"\" class=\"wp-image-1066510\"  \/><\/a><\/p>\n<p><a href=\"https:\/\/www.europesays.com\/es\/wp-content\/uploads\/2025\/09\/photo_2025-09-13-21.23.33.jpeg\" data-slb-active=\"1\" data-slb-asset=\"2042153406\" data-slb-internal=\"0\" data-slb-group=\"slb\"><img loading=\"lazy\" decoding=\"async\" width=\"1200\" height=\"1200\" data-id=\"1066509\" src=\"https:\/\/www.europesays.com\/es\/wp-content\/uploads\/2025\/09\/photo_2025-09-13-21.23.33.jpeg\" alt=\"\" class=\"wp-image-1066509\"  \/><\/a><\/p>\n<p>Cuaj\u00f3 Caballero al sexto hasta que lo acab\u00f3 asustando. Con el capote lo tore\u00f3 a una mano en redondo. Albacete no entr\u00f3, muy fr\u00eda con \u00e9l durante toda la tarde noche. Hab\u00edan pasado ya 3 horas desde que tom\u00f3 la alternativa. Con la zurda dej\u00f3 un toreo al natural que opta al mejor de la feria. Por momentos, algo despegado, pero siempre dejando la muleta muerta y esa ventana que le da al toro dos opciones, o romper con la muleta o romperte los muslos. El ventajismo es otra cosa. Caballero estuvo tremendo y sac\u00f3 esa raza que le corre por las venas. Hijo del cuerpo. Dur\u00f3 un suspiro el toro y r\u00e1pido se meti\u00f3 en su terreno. Arrim\u00f3n colosal y un espadazo de efectos inmediatos. La oreja cay\u00f3 antes incluso que el toro. Para entonces, Joaqu\u00edn Coy ya hab\u00eda convertido Albacete en una sauna swinger.<\/p>\n<p><a href=\"https:\/\/www.europesays.com\/es\/wp-content\/uploads\/2025\/09\/photo_2025-09-13-21.25.15.jpeg\" data-slb-active=\"1\" data-slb-asset=\"2110969362\" data-slb-internal=\"0\" data-slb-group=\"slb\"><img loading=\"lazy\" decoding=\"async\" width=\"1200\" height=\"800\" data-id=\"1066460\" src=\"https:\/\/www.europesays.com\/es\/wp-content\/uploads\/2025\/09\/photo_2025-09-13-21.25.15.jpeg\" alt=\"\" class=\"wp-image-1066460\"  \/><\/a><\/p>\n<p><a href=\"https:\/\/www.europesays.com\/es\/wp-content\/uploads\/2025\/09\/photo_2025-09-13-21.25.16.jpeg\" data-slb-active=\"1\" data-slb-asset=\"1732667765\" data-slb-internal=\"0\" data-slb-group=\"slb\"><img loading=\"lazy\" decoding=\"async\" width=\"1200\" height=\"800\" data-id=\"1066459\" src=\"https:\/\/www.europesays.com\/es\/wp-content\/uploads\/2025\/09\/photo_2025-09-13-21.25.16.jpeg\" alt=\"\" class=\"wp-image-1066459\"  \/><\/a><\/p>\n<p><a href=\"https:\/\/www.europesays.com\/es\/wp-content\/uploads\/2025\/09\/photo_2025-09-13-21.25.17.jpeg\" data-slb-active=\"1\" data-slb-asset=\"563394783\" data-slb-internal=\"0\" data-slb-group=\"slb\"><img loading=\"lazy\" decoding=\"async\" width=\"1200\" height=\"800\" data-id=\"1066458\" src=\"https:\/\/www.europesays.com\/es\/wp-content\/uploads\/2025\/09\/photo_2025-09-13-21.25.17.jpeg\" alt=\"\" class=\"wp-image-1066458\"  \/><\/a><\/p>\n<p><a href=\"https:\/\/www.europesays.com\/es\/wp-content\/uploads\/2025\/09\/photo_2025-09-13-21.25.17-1.jpeg\" data-slb-active=\"1\" data-slb-asset=\"515679152\" data-slb-internal=\"0\" data-slb-group=\"slb\"><img loading=\"lazy\" decoding=\"async\" width=\"1200\" height=\"800\" data-id=\"1066457\" src=\"https:\/\/www.europesays.com\/es\/wp-content\/uploads\/2025\/09\/photo_2025-09-13-21.25.17-1.jpeg\" alt=\"\" class=\"wp-image-1066457\"  \/><\/a><\/p>\n<p><a href=\"https:\/\/www.europesays.com\/es\/wp-content\/uploads\/2025\/09\/photo_2025-09-13-21.25.18.jpeg\" data-slb-active=\"1\" data-slb-asset=\"1695882135\" data-slb-internal=\"0\" data-slb-group=\"slb\"><img loading=\"lazy\" decoding=\"async\" width=\"1200\" height=\"800\" data-id=\"1066456\" src=\"https:\/\/www.europesays.com\/es\/wp-content\/uploads\/2025\/09\/photo_2025-09-13-21.25.18.jpeg\" alt=\"\" class=\"wp-image-1066456\"  \/><\/a><\/p>\n<p>Ure\u00f1a sorte\u00f3 en primer lugar un toro de Daniel Ruiz que entraba por los ojos. Una hechura perfecta, bajo y arm\u00f3nico. Un zapato. Casi cornipaso. Con las fuerzas justas, eso s\u00ed. Embisti\u00f3 de lujo en el capote, que no es el fuerte de Ure\u00f1a. No volvi\u00f3 a mostrar s\u00edntomas de flaqueza, se vino arriba. Tras la devoluci\u00f3n de trastos, Ure\u00f1a brind\u00f3 al ciclista Javi Romo, uno de los afectados por los ultras fan\u00e1ticos que han jodido la Vuelta Ciclista a Espa\u00f1a. Chusma que no ser\u00eda capaz de situar Gaza en un mapa, pero que se muere de ganas por hacer ruido. De todas formas, mejor que lo hagan gritando y parando vueltas que como lo hac\u00edan antes con las pistolas y las bombas. El toro mereci\u00f3 m\u00e1s de lo que Ure\u00f1a le dio. Es cierto que consigui\u00f3 alg\u00fan muletazo muy meritorio, con ese poder y ese expresi\u00f3n tan caracter\u00edstica del torero de Lorca, pero en ning\u00fan momento despeg\u00f3 aquello. De hecho, toda la atenci\u00f3n se desv\u00edo hacia el tendido alto del 9 por un jaleo entre aficionados. Cuando subi\u00f3 la Polic\u00eda a pedir papeles la plaza estall\u00f3 acord\u00e1ndose de la madre de Pedro S\u00e1nchez, a la que acusan de ejercer la misma profesi\u00f3n que las empleadas del suegro. Jos\u00e9 Bono, desde su delantera del 1, se resisti\u00f3 a arrancarse.<\/p>\n<p><a href=\"https:\/\/www.europesays.com\/es\/wp-content\/uploads\/2025\/09\/photo_2025-09-13-21.25.14.jpeg\" data-slb-active=\"1\" data-slb-asset=\"1111709174\" data-slb-internal=\"0\" data-slb-group=\"slb\"><img loading=\"lazy\" decoding=\"async\" width=\"1200\" height=\"800\" data-id=\"1066461\" src=\"https:\/\/www.europesays.com\/es\/wp-content\/uploads\/2025\/09\/photo_2025-09-13-21.25.14.jpeg\" alt=\"\" class=\"wp-image-1066461\"  \/><\/a><\/p>\n<p><a href=\"https:\/\/www.europesays.com\/es\/wp-content\/uploads\/2025\/09\/photo_2025-09-13-21.24.22.jpeg\" data-slb-active=\"1\" data-slb-asset=\"1358377973\" data-slb-internal=\"0\" data-slb-group=\"slb\"><img loading=\"lazy\" decoding=\"async\" width=\"1200\" height=\"800\" data-id=\"1066483\" src=\"https:\/\/www.europesays.com\/es\/wp-content\/uploads\/2025\/09\/photo_2025-09-13-21.24.22.jpeg\" alt=\"\" class=\"wp-image-1066483\"  \/><\/a><\/p>\n<p><a href=\"https:\/\/www.europesays.com\/es\/wp-content\/uploads\/2025\/09\/photo_2025-09-13-21.23.46.jpeg\" data-slb-active=\"1\" data-slb-asset=\"766318320\" data-slb-internal=\"0\" data-slb-group=\"slb\"><img loading=\"lazy\" decoding=\"async\" width=\"1200\" height=\"800\" data-id=\"1066507\" src=\"https:\/\/www.europesays.com\/es\/wp-content\/uploads\/2025\/09\/photo_2025-09-13-21.23.46.jpeg\" alt=\"\" class=\"wp-image-1066507\"  \/><\/a><\/p>\n<p><a href=\"https:\/\/www.europesays.com\/es\/wp-content\/uploads\/2025\/09\/photo_2025-09-13-21.23.48.jpeg\" data-slb-active=\"1\" data-slb-asset=\"68615961\" data-slb-internal=\"0\" data-slb-group=\"slb\"><img loading=\"lazy\" decoding=\"async\" width=\"1200\" height=\"800\" data-id=\"1066506\" src=\"https:\/\/www.europesays.com\/es\/wp-content\/uploads\/2025\/09\/photo_2025-09-13-21.23.48.jpeg\" alt=\"\" class=\"wp-image-1066506\"  \/><\/a><\/p>\n<p><a href=\"https:\/\/www.europesays.com\/es\/wp-content\/uploads\/2025\/09\/photo_2025-09-13-21.23.50.jpeg\" data-slb-active=\"1\" data-slb-asset=\"1769754878\" data-slb-internal=\"0\" data-slb-group=\"slb\"><img loading=\"lazy\" decoding=\"async\" width=\"1200\" height=\"800\" data-id=\"1066503\" src=\"https:\/\/www.europesays.com\/es\/wp-content\/uploads\/2025\/09\/photo_2025-09-13-21.23.50.jpeg\" alt=\"\" class=\"wp-image-1066503\"  \/><\/a><\/p>\n<p><a href=\"https:\/\/www.europesays.com\/es\/wp-content\/uploads\/2025\/09\/photo_2025-09-13-21.23.52.jpeg\" data-slb-active=\"1\" data-slb-asset=\"1036451169\" data-slb-internal=\"0\" data-slb-group=\"slb\"><img loading=\"lazy\" decoding=\"async\" width=\"1200\" height=\"800\" data-id=\"1066502\" src=\"https:\/\/www.europesays.com\/es\/wp-content\/uploads\/2025\/09\/photo_2025-09-13-21.23.52.jpeg\" alt=\"\" class=\"wp-image-1066502\"  \/><\/a><\/p>\n<p><a href=\"https:\/\/www.europesays.com\/es\/wp-content\/uploads\/2025\/09\/photo_2025-09-13-21.23.53.jpeg\" data-slb-active=\"1\" data-slb-asset=\"521021010\" data-slb-internal=\"0\" data-slb-group=\"slb\"><img loading=\"lazy\" decoding=\"async\" width=\"1200\" height=\"800\" data-id=\"1066501\" src=\"https:\/\/www.europesays.com\/es\/wp-content\/uploads\/2025\/09\/photo_2025-09-13-21.23.53.jpeg\" alt=\"\" class=\"wp-image-1066501\"  \/><\/a><\/p>\n<p><a href=\"https:\/\/www.europesays.com\/es\/wp-content\/uploads\/2025\/09\/photo_2025-09-13-21.23.55.jpeg\" data-slb-active=\"1\" data-slb-asset=\"67945567\" data-slb-internal=\"0\" data-slb-group=\"slb\"><img loading=\"lazy\" decoding=\"async\" width=\"1200\" height=\"799\" data-id=\"1066500\" src=\"https:\/\/www.europesays.com\/es\/wp-content\/uploads\/2025\/09\/photo_2025-09-13-21.23.55.jpeg\" alt=\"\" class=\"wp-image-1066500\"  \/><\/a><\/p>\n<p><a href=\"https:\/\/www.europesays.com\/es\/wp-content\/uploads\/2025\/09\/photo_2025-09-13-21.23.56.jpeg\" data-slb-active=\"1\" data-slb-asset=\"482183907\" data-slb-internal=\"0\" data-slb-group=\"slb\"><img loading=\"lazy\" decoding=\"async\" width=\"1200\" height=\"800\" data-id=\"1066499\" src=\"https:\/\/www.europesays.com\/es\/wp-content\/uploads\/2025\/09\/photo_2025-09-13-21.23.56.jpeg\" alt=\"\" class=\"wp-image-1066499\"  \/><\/a><\/p>\n<p><a href=\"https:\/\/www.europesays.com\/es\/wp-content\/uploads\/2025\/09\/photo_2025-09-13-21.23.58.jpeg\" data-slb-active=\"1\" data-slb-asset=\"587527527\" data-slb-internal=\"0\" data-slb-group=\"slb\"><img loading=\"lazy\" decoding=\"async\" width=\"1200\" height=\"801\" data-id=\"1066498\" src=\"https:\/\/www.europesays.com\/es\/wp-content\/uploads\/2025\/09\/photo_2025-09-13-21.23.58.jpeg\" alt=\"\" class=\"wp-image-1066498\"  \/><\/a><\/p>\n<p><a href=\"https:\/\/www.europesays.com\/es\/wp-content\/uploads\/2025\/09\/photo_2025-09-13-21.23.59.jpeg\" data-slb-active=\"1\" data-slb-asset=\"454258409\" data-slb-internal=\"0\" data-slb-group=\"slb\"><img loading=\"lazy\" decoding=\"async\" width=\"1200\" height=\"799\" data-id=\"1066497\" src=\"https:\/\/www.europesays.com\/es\/wp-content\/uploads\/2025\/09\/photo_2025-09-13-21.23.59.jpeg\" alt=\"\" class=\"wp-image-1066497\"  \/><\/a><\/p>\n<p><a href=\"https:\/\/www.europesays.com\/es\/wp-content\/uploads\/2025\/09\/photo_2025-09-13-21.24.00.jpeg\" data-slb-active=\"1\" data-slb-asset=\"1617188365\" data-slb-internal=\"0\" data-slb-group=\"slb\"><img loading=\"lazy\" decoding=\"async\" width=\"1200\" height=\"800\" data-id=\"1066496\" src=\"https:\/\/www.europesays.com\/es\/wp-content\/uploads\/2025\/09\/photo_2025-09-13-21.24.00.jpeg\" alt=\"\" class=\"wp-image-1066496\"  \/><\/a><\/p>\n<p>S\u00ed lo hizo para sacar a saludar a Roca Rey antes de lidiar al tercero, un toro de un trap\u00edo tremendo. Si no llevara el hierro de Daniel Ruiz le habr\u00edan dado una ovaci\u00f3n. Muy centrado con \u00e9l estuvo el peruano, que se lo dej\u00f3 crudo en el caballo. El toro se despist\u00f3 m\u00e1s de la cuenta, aunque a la hora de la verdad, en el capote de Viruta, embisti\u00f3 con codicia y transmisi\u00f3n. Lo vio claro Roca Rey, que brind\u00f3 al p\u00fablico y se ech\u00f3 de rodillas cuando el toro ya ven\u00eda arrancado. Cambi\u00f3 el viaje por la espalda y convirti\u00f3 la plaza en un tablao. Camacho, camuflado en el alto del dos, se volvi\u00f3 loco. Juan Ignacio Mart\u00ednez, el m\u00edster de aquel Albacete de Diego Costa, rug\u00eda. El valor del torero de Per\u00fa es indiscutible. Y el ascenso en su temporada, innegable. Tras Bilbao ha cogido carrerilla. Plante\u00f3 la faena toda en los medios. Lo afianz\u00f3 por el derecho, pese a alguna ca\u00edda, y despu\u00e9s lo cruji\u00f3 en naturales poderos\u00edsimos. Era el pit\u00f3n del toro. Se estaba preparando para dar otra tanda cuando un aficionado se desvaneci\u00f3 en la meseta de toriles. \u00bfQu\u00e9 hizo Roca? Se alej\u00f3 del toro y se fue hacia all\u00ed, mirando c\u00f3mo se lo llevaban. Eso tambi\u00e9n es torear, estar pendiente de tu p\u00fablico. Despu\u00e9s, molinete de rodillas y varios p\u00e9ndulos rematados con un arrim\u00f3n de infarto. Un l\u00edo monumental. Lo mat\u00f3 de una estocada muy espectacular, aunque algo trasera y desprendida, que le vali\u00f3 una oreja rotund\u00edsima.<\/p>\n<p><a href=\"https:\/\/www.europesays.com\/es\/wp-content\/uploads\/2025\/09\/photo_2025-09-13-21.25.14.jpeg\" data-slb-active=\"1\" data-slb-asset=\"1111709174\" data-slb-internal=\"0\" data-slb-group=\"slb\"><img loading=\"lazy\" decoding=\"async\" width=\"1200\" height=\"800\" data-id=\"1066461\" src=\"https:\/\/www.europesays.com\/es\/wp-content\/uploads\/2025\/09\/photo_2025-09-13-21.25.14.jpeg\" alt=\"\" class=\"wp-image-1066461\"  \/><\/a><\/p>\n<p><a href=\"https:\/\/www.europesays.com\/es\/wp-content\/uploads\/2025\/09\/photo_2025-09-13-21.25.13.jpeg\" data-slb-active=\"1\" data-slb-asset=\"986646012\" data-slb-internal=\"0\" data-slb-group=\"slb\"><img loading=\"lazy\" decoding=\"async\" width=\"1200\" height=\"800\" data-id=\"1066462\" src=\"https:\/\/www.europesays.com\/es\/wp-content\/uploads\/2025\/09\/photo_2025-09-13-21.25.13.jpeg\" alt=\"\" class=\"wp-image-1066462\"  \/><\/a><\/p>\n<p><a href=\"https:\/\/www.europesays.com\/es\/wp-content\/uploads\/2025\/09\/photo_2025-09-13-21.24.46.jpeg\" data-slb-active=\"1\" data-slb-asset=\"1684082151\" data-slb-internal=\"0\" data-slb-group=\"slb\"><img loading=\"lazy\" decoding=\"async\" width=\"1200\" height=\"800\" data-id=\"1066464\" src=\"https:\/\/www.europesays.com\/es\/wp-content\/uploads\/2025\/09\/photo_2025-09-13-21.24.46.jpeg\" alt=\"\" class=\"wp-image-1066464\"  \/><\/a><\/p>\n<p><a href=\"https:\/\/www.europesays.com\/es\/wp-content\/uploads\/2025\/09\/photo_2025-09-13-21.24.45.jpeg\" data-slb-active=\"1\" data-slb-asset=\"712755356\" data-slb-internal=\"0\" data-slb-group=\"slb\"><img loading=\"lazy\" decoding=\"async\" width=\"1200\" height=\"799\" data-id=\"1066465\" src=\"https:\/\/www.europesays.com\/es\/wp-content\/uploads\/2025\/09\/photo_2025-09-13-21.24.45.jpeg\" alt=\"\" class=\"wp-image-1066465\"  \/><\/a><\/p>\n<p><a href=\"https:\/\/www.europesays.com\/es\/wp-content\/uploads\/2025\/09\/photo_2025-09-13-21.24.44.jpeg\" data-slb-active=\"1\" data-slb-asset=\"1349139739\" data-slb-internal=\"0\" data-slb-group=\"slb\"><img loading=\"lazy\" decoding=\"async\" width=\"1200\" height=\"800\" data-id=\"1066466\" src=\"https:\/\/www.europesays.com\/es\/wp-content\/uploads\/2025\/09\/photo_2025-09-13-21.24.44.jpeg\" alt=\"\" class=\"wp-image-1066466\"  \/><\/a><\/p>\n<p><a href=\"https:\/\/www.europesays.com\/es\/wp-content\/uploads\/2025\/09\/photo_2025-09-13-21.24.43.jpeg\" data-slb-active=\"1\" data-slb-asset=\"794243365\" data-slb-internal=\"0\" data-slb-group=\"slb\"><img loading=\"lazy\" decoding=\"async\" width=\"1200\" height=\"800\" data-id=\"1066467\" src=\"https:\/\/www.europesays.com\/es\/wp-content\/uploads\/2025\/09\/photo_2025-09-13-21.24.43.jpeg\" alt=\"\" class=\"wp-image-1066467\"  \/><\/a><\/p>\n<p><a href=\"https:\/\/www.europesays.com\/es\/wp-content\/uploads\/2025\/09\/photo_2025-09-13-21.24.40.jpeg\" data-slb-active=\"1\" data-slb-asset=\"201991394\" data-slb-internal=\"0\" data-slb-group=\"slb\"><img loading=\"lazy\" decoding=\"async\" width=\"1200\" height=\"800\" data-id=\"1066468\" src=\"https:\/\/www.europesays.com\/es\/wp-content\/uploads\/2025\/09\/photo_2025-09-13-21.24.40.jpeg\" alt=\"\" class=\"wp-image-1066468\"  \/><\/a><\/p>\n<p><a href=\"https:\/\/www.europesays.com\/es\/wp-content\/uploads\/2025\/09\/photo_2025-09-13-21.24.39.jpeg\" data-slb-active=\"1\" data-slb-asset=\"313811425\" data-slb-internal=\"0\" data-slb-group=\"slb\"><img loading=\"lazy\" decoding=\"async\" width=\"1200\" height=\"800\" data-id=\"1066469\" src=\"https:\/\/www.europesays.com\/es\/wp-content\/uploads\/2025\/09\/photo_2025-09-13-21.24.39.jpeg\" alt=\"\" class=\"wp-image-1066469\"  \/><\/a><\/p>\n<p><a href=\"https:\/\/www.europesays.com\/es\/wp-content\/uploads\/2025\/09\/photo_2025-09-13-21.24.49.jpeg\" data-slb-active=\"1\" data-slb-asset=\"391248323\" data-slb-internal=\"0\" data-slb-group=\"slb\"><img loading=\"lazy\" decoding=\"async\" width=\"1200\" height=\"800\" data-id=\"1066463\" src=\"https:\/\/www.europesays.com\/es\/wp-content\/uploads\/2025\/09\/photo_2025-09-13-21.24.49.jpeg\" alt=\"\" class=\"wp-image-1066463\"  \/><\/a><\/p>\n<p><a href=\"https:\/\/www.europesays.com\/es\/wp-content\/uploads\/2025\/09\/photo_2025-09-13-21.24.38.jpeg\" data-slb-active=\"1\" data-slb-asset=\"1703338059\" data-slb-internal=\"0\" data-slb-group=\"slb\"><img loading=\"lazy\" decoding=\"async\" width=\"1200\" height=\"800\" data-id=\"1066470\" src=\"https:\/\/www.europesays.com\/es\/wp-content\/uploads\/2025\/09\/photo_2025-09-13-21.24.38.jpeg\" alt=\"\" class=\"wp-image-1066470\"  \/><\/a><\/p>\n<p>El cuarto de Daniel Ruiz, \u2018Diablillo\u2019, fue una barbaridad. Cuando sali\u00f3 no dio esa impresi\u00f3n. Despegado del suelo y algo fr\u00edo. Entr\u00f3 en calor cuando Ure\u00f1a, muy arreado, le recet\u00f3 varias ver\u00f3nicas muy poderosas y cargando la suerte. Pas\u00f3 de puntillas por el caballo, aunque ya se le vio que iba a ser un prodigio en la muleta. No as\u00ed Ure\u00f1a, que tore\u00f3 retorcido, como cuando en el colegio llegaba el comp\u00e1s a la asignatura de Matem\u00e1ticas. La profesora te dec\u00eda que dibujaras el \u00e1ngulo de 90 grados. T\u00fa, que eras un poquito Ure\u00f1a, lo forzabas hasta que no daba m\u00e1s. Luego, claro, suspend\u00edas. \u00abEs que la se\u00f1o me tiene man\u00eda\u00bb, le dec\u00eda a mi padre cuando me caneaba con raz\u00f3n por gilipollas. La faena fue una cosa. El toro, otra. Un esc\u00e1ndalo. Lo que siempre so\u00f1\u00f3 Daniel Ruiz, ese gran creador de toros. Tantos y tantos ganaderos que han ido a Alcaraz a buscar bravura. Este lo fue. Pero debi\u00f3 y mereci\u00f3 morir en el ruedo. Y ser arrastrado entre los honores de la vuelta al ruedo. Tambi\u00e9n mereci\u00f3 mejor suerte por la ma\u00f1ana. Ese pit\u00f3n izquierdo seguir\u00e1 embistiendo para siempre. Si le hubieran dado sitio y distancia. Ver esa inercia y ese galope. El toro lo ten\u00eda, estoy convencido. Ojal\u00e1 lo transmita a la descendencia.<\/p>\n<p><a href=\"https:\/\/www.europesays.com\/es\/wp-content\/uploads\/2025\/09\/photo_2025-09-13-21.24.09.jpeg\" data-slb-active=\"1\" data-slb-asset=\"1439629244\" data-slb-internal=\"0\" data-slb-group=\"slb\"><img loading=\"lazy\" decoding=\"async\" width=\"1200\" height=\"800\" data-id=\"1066494\" src=\"https:\/\/www.europesays.com\/es\/wp-content\/uploads\/2025\/09\/photo_2025-09-13-21.24.09.jpeg\" alt=\"\" class=\"wp-image-1066494\"  \/><\/a><\/p>\n<p><a href=\"https:\/\/www.europesays.com\/es\/wp-content\/uploads\/2025\/09\/photo_2025-09-13-21.24.10.jpeg\" data-slb-active=\"1\" data-slb-asset=\"1986596879\" data-slb-internal=\"0\" data-slb-group=\"slb\"><img loading=\"lazy\" decoding=\"async\" width=\"1200\" height=\"801\" data-id=\"1066493\" src=\"https:\/\/www.europesays.com\/es\/wp-content\/uploads\/2025\/09\/photo_2025-09-13-21.24.10.jpeg\" alt=\"\" class=\"wp-image-1066493\"  \/><\/a><\/p>\n<p><a href=\"https:\/\/www.europesays.com\/es\/wp-content\/uploads\/2025\/09\/photo_2025-09-13-21.24.12.jpeg\" data-slb-active=\"1\" data-slb-asset=\"116518490\" data-slb-internal=\"0\" data-slb-group=\"slb\"><img loading=\"lazy\" decoding=\"async\" width=\"1200\" height=\"800\" data-id=\"1066492\" src=\"https:\/\/www.europesays.com\/es\/wp-content\/uploads\/2025\/09\/photo_2025-09-13-21.24.12.jpeg\" alt=\"\" class=\"wp-image-1066492\"  \/><\/a><\/p>\n<p><a href=\"https:\/\/www.europesays.com\/es\/wp-content\/uploads\/2025\/09\/photo_2025-09-13-21.24.13.jpeg\" data-slb-active=\"1\" data-slb-asset=\"1038448621\" data-slb-internal=\"0\" data-slb-group=\"slb\"><img loading=\"lazy\" decoding=\"async\" width=\"1200\" height=\"800\" data-id=\"1066491\" src=\"https:\/\/www.europesays.com\/es\/wp-content\/uploads\/2025\/09\/photo_2025-09-13-21.24.13.jpeg\" alt=\"\" class=\"wp-image-1066491\"  \/><\/a><\/p>\n<p><a href=\"https:\/\/www.europesays.com\/es\/wp-content\/uploads\/2025\/09\/photo_2025-09-13-21.24.14.jpeg\" data-slb-active=\"1\" data-slb-asset=\"137483230\" data-slb-internal=\"0\" data-slb-group=\"slb\"><img loading=\"lazy\" decoding=\"async\" width=\"1200\" height=\"800\" data-id=\"1066490\" src=\"https:\/\/www.europesays.com\/es\/wp-content\/uploads\/2025\/09\/photo_2025-09-13-21.24.14.jpeg\" alt=\"\" class=\"wp-image-1066490\"  \/><\/a><\/p>\n<p><a href=\"https:\/\/www.europesays.com\/es\/wp-content\/uploads\/2025\/09\/photo_2025-09-13-21.24.17.jpeg\" data-slb-active=\"1\" data-slb-asset=\"1300959058\" data-slb-internal=\"0\" data-slb-group=\"slb\"><img loading=\"lazy\" decoding=\"async\" width=\"1200\" height=\"800\" data-id=\"1066487\" src=\"https:\/\/www.europesays.com\/es\/wp-content\/uploads\/2025\/09\/photo_2025-09-13-21.24.17.jpeg\" alt=\"\" class=\"wp-image-1066487\"  \/><\/a><\/p>\n<p><a href=\"https:\/\/www.europesays.com\/es\/wp-content\/uploads\/2025\/09\/photo_2025-09-13-21.24.16.jpeg\" data-slb-active=\"1\" data-slb-asset=\"1334530490\" data-slb-internal=\"0\" data-slb-group=\"slb\"><img loading=\"lazy\" decoding=\"async\" width=\"1200\" height=\"801\" data-id=\"1066488\" src=\"https:\/\/www.europesays.com\/es\/wp-content\/uploads\/2025\/09\/photo_2025-09-13-21.24.16.jpeg\" alt=\"\" class=\"wp-image-1066488\"  \/><\/a><\/p>\n<p><a href=\"https:\/\/www.europesays.com\/es\/wp-content\/uploads\/2025\/09\/photo_2025-09-13-21.24.23.jpeg\" data-slb-active=\"1\" data-slb-asset=\"2124724309\" data-slb-internal=\"0\" data-slb-group=\"slb\"><img loading=\"lazy\" decoding=\"async\" width=\"1200\" height=\"800\" data-id=\"1066482\" src=\"https:\/\/www.europesays.com\/es\/wp-content\/uploads\/2025\/09\/photo_2025-09-13-21.24.23.jpeg\" alt=\"\" class=\"wp-image-1066482\"  \/><\/a><\/p>\n<p><a href=\"https:\/\/www.europesays.com\/es\/wp-content\/uploads\/2025\/09\/photo_2025-09-13-21.24.22.jpeg\" data-slb-active=\"1\" data-slb-asset=\"1358377973\" data-slb-internal=\"0\" data-slb-group=\"slb\"><img loading=\"lazy\" decoding=\"async\" width=\"1200\" height=\"800\" data-id=\"1066483\" src=\"https:\/\/www.europesays.com\/es\/wp-content\/uploads\/2025\/09\/photo_2025-09-13-21.24.22.jpeg\" alt=\"\" class=\"wp-image-1066483\"  \/><\/a><\/p>\n<p><a href=\"https:\/\/www.europesays.com\/es\/wp-content\/uploads\/2025\/09\/photo_2025-09-13-21.24.15.jpeg\" data-slb-active=\"1\" data-slb-asset=\"465010367\" data-slb-internal=\"0\" data-slb-group=\"slb\"><img loading=\"lazy\" decoding=\"async\" width=\"1200\" height=\"800\" data-id=\"1066489\" src=\"https:\/\/www.europesays.com\/es\/wp-content\/uploads\/2025\/09\/photo_2025-09-13-21.24.15.jpeg\" alt=\"\" class=\"wp-image-1066489\"  \/><\/a><\/p>\n<p><a href=\"https:\/\/www.europesays.com\/es\/wp-content\/uploads\/2025\/09\/photo_2025-09-13-21.24.08.jpeg\" data-slb-active=\"1\" data-slb-asset=\"1406224761\" data-slb-internal=\"0\" data-slb-group=\"slb\"><img loading=\"lazy\" decoding=\"async\" width=\"1200\" height=\"800\" data-id=\"1066495\" src=\"https:\/\/www.europesays.com\/es\/wp-content\/uploads\/2025\/09\/photo_2025-09-13-21.24.08.jpeg\" alt=\"\" class=\"wp-image-1066495\"  \/><\/a><\/p>\n<p>Al quinto le volvieron a pedir el indulto. Hay que prohibir el alcohol en los toros. Roca Rey estuvo tremendo. La tarde de su temporada. Por capacidad, dimensi\u00f3n e inteligencia. Adem\u00e1s, sabiendo de d\u00f3nde y c\u00f3mo ven\u00eda, reventado por un toro en Valladolid. El animal no fue nada del otro mundo, muy bonito, pero muy mal presentado. No fue ni siquiera de vuelta al ruedo. Joaqu\u00edn Coy es un gran tipo, con un sentido del humor genial, pero ha mutado en un presidente horrible. Un escarnio que ha convertido Albacete en una plaza de carros colombiana. Si le hubieran hecho caso a Mariano L\u00f3pez Ruiz y hubiesen puesto a 4 o 5 toreros por Morante, hoy Coy hubiese indultado hasta a los cabestros de Florito, que se jubila el 12 de octubre. Albacete ha perdido la cabeza y \u00e9l es el responsable \u00faltimo del hara kiri. El palco debe poner rigor y aleccionar. Debe ser dique de contenci\u00f3n contra los analfabetos que vienen a los toros porque \u00abPedro S\u00e1nchez hijo de\u2026\u00bb.<\/p>\n<p><a href=\"https:\/\/www.europesays.com\/es\/wp-content\/uploads\/2025\/09\/photo_2025-09-13-21.24.31.jpeg\" data-slb-active=\"1\" data-slb-asset=\"331145623\" data-slb-internal=\"0\" data-slb-group=\"slb\"><img loading=\"lazy\" decoding=\"async\" width=\"1200\" height=\"799\" data-id=\"1066475\" src=\"https:\/\/www.europesays.com\/es\/wp-content\/uploads\/2025\/09\/photo_2025-09-13-21.24.31.jpeg\" alt=\"\" class=\"wp-image-1066475\"  \/><\/a><\/p>\n<p><a href=\"https:\/\/www.europesays.com\/es\/wp-content\/uploads\/2025\/09\/photo_2025-09-13-21.24.25.jpeg\" data-slb-active=\"1\" data-slb-asset=\"126881688\" data-slb-internal=\"0\" data-slb-group=\"slb\"><img loading=\"lazy\" decoding=\"async\" width=\"1200\" height=\"800\" data-id=\"1066480\" src=\"https:\/\/www.europesays.com\/es\/wp-content\/uploads\/2025\/09\/photo_2025-09-13-21.24.25.jpeg\" alt=\"\" class=\"wp-image-1066480\"  \/><\/a><\/p>\n<p><a href=\"https:\/\/www.europesays.com\/es\/wp-content\/uploads\/2025\/09\/photo_2025-09-13-21.24.26.jpeg\" data-slb-active=\"1\" data-slb-asset=\"191253342\" data-slb-internal=\"0\" data-slb-group=\"slb\"><img loading=\"lazy\" decoding=\"async\" width=\"1200\" height=\"800\" data-id=\"1066479\" src=\"https:\/\/www.europesays.com\/es\/wp-content\/uploads\/2025\/09\/photo_2025-09-13-21.24.26.jpeg\" alt=\"\" class=\"wp-image-1066479\"  \/><\/a><\/p>\n<p><a href=\"https:\/\/www.europesays.com\/es\/wp-content\/uploads\/2025\/09\/photo_2025-09-13-21.24.27.jpeg\" data-slb-active=\"1\" data-slb-asset=\"1632184267\" data-slb-internal=\"0\" data-slb-group=\"slb\"><img loading=\"lazy\" decoding=\"async\" width=\"1200\" height=\"800\" data-id=\"1066478\" src=\"https:\/\/www.europesays.com\/es\/wp-content\/uploads\/2025\/09\/photo_2025-09-13-21.24.27.jpeg\" alt=\"\" class=\"wp-image-1066478\"  \/><\/a><\/p>\n<p><a href=\"https:\/\/www.europesays.com\/es\/wp-content\/uploads\/2025\/09\/photo_2025-09-13-21.24.29.jpeg\" data-slb-active=\"1\" data-slb-asset=\"448825388\" data-slb-internal=\"0\" data-slb-group=\"slb\"><img loading=\"lazy\" decoding=\"async\" width=\"1200\" height=\"801\" data-id=\"1066477\" src=\"https:\/\/www.europesays.com\/es\/wp-content\/uploads\/2025\/09\/photo_2025-09-13-21.24.29.jpeg\" alt=\"\" class=\"wp-image-1066477\"  \/><\/a><\/p>\n<p><a href=\"https:\/\/www.europesays.com\/es\/wp-content\/uploads\/2025\/09\/photo_2025-09-13-21.24.30.jpeg\" data-slb-active=\"1\" data-slb-asset=\"1552073114\" data-slb-internal=\"0\" data-slb-group=\"slb\"><img loading=\"lazy\" decoding=\"async\" width=\"1200\" height=\"800\" data-id=\"1066476\" src=\"https:\/\/www.europesays.com\/es\/wp-content\/uploads\/2025\/09\/photo_2025-09-13-21.24.30.jpeg\" alt=\"\" class=\"wp-image-1066476\"  \/><\/a><\/p>\n<p><a href=\"https:\/\/www.europesays.com\/es\/wp-content\/uploads\/2025\/09\/photo_2025-09-13-21.24.34.jpeg\" data-slb-active=\"1\" data-slb-asset=\"1500959083\" data-slb-internal=\"0\" data-slb-group=\"slb\"><img loading=\"lazy\" decoding=\"async\" width=\"1200\" height=\"800\" data-id=\"1066473\" src=\"https:\/\/www.europesays.com\/es\/wp-content\/uploads\/2025\/09\/photo_2025-09-13-21.24.34.jpeg\" alt=\"\" class=\"wp-image-1066473\"  \/><\/a><\/p>\n<p><a href=\"https:\/\/www.europesays.com\/es\/wp-content\/uploads\/2025\/09\/photo_2025-09-13-21.24.32.jpeg\" data-slb-active=\"1\" data-slb-asset=\"74467470\" data-slb-internal=\"0\" data-slb-group=\"slb\"><img loading=\"lazy\" decoding=\"async\" width=\"1200\" height=\"800\" data-id=\"1066474\" src=\"https:\/\/www.europesays.com\/es\/wp-content\/uploads\/2025\/09\/photo_2025-09-13-21.24.32.jpeg\" alt=\"\" class=\"wp-image-1066474\"  \/><\/a><\/p>\n<p><a href=\"https:\/\/www.europesays.com\/es\/wp-content\/uploads\/2025\/09\/photo_2025-09-13-21.24.37.jpeg\" data-slb-active=\"1\" data-slb-asset=\"1873863288\" data-slb-internal=\"0\" data-slb-group=\"slb\"><img loading=\"lazy\" decoding=\"async\" width=\"1200\" height=\"800\" data-id=\"1066471\" src=\"https:\/\/www.europesays.com\/es\/wp-content\/uploads\/2025\/09\/photo_2025-09-13-21.24.37.jpeg\" alt=\"\" class=\"wp-image-1066471\"  \/><\/a><\/p>\n<p><a href=\"https:\/\/www.europesays.com\/es\/wp-content\/uploads\/2025\/09\/photo_2025-09-13-21.24.36.jpeg\" data-slb-active=\"1\" data-slb-asset=\"729133284\" data-slb-internal=\"0\" data-slb-group=\"slb\"><img loading=\"lazy\" decoding=\"async\" width=\"1200\" height=\"800\" data-id=\"1066472\" src=\"https:\/\/www.europesays.com\/es\/wp-content\/uploads\/2025\/09\/photo_2025-09-13-21.24.36.jpeg\" alt=\"\" class=\"wp-image-1066472\"  \/><\/a><\/p>\n<p>Estoy convencido de que Genoveva no hubiese pasado por el aro de esta tauromaquia triunfalista. Para indultar son m\u00e1s laxos que para analizar esos pitones afeitados que cada mediod\u00eda consienten. Los \u00e1rbitros tienen el VAR. A estos les sobra el bar. Ten\u00eda el naranja en la mano, pero gracias a Dios, Roca Rey tuvo m\u00e1s altura de miras que \u00e9l mismo y tras, es verdad, darse cierta coba, se tir\u00f3 matar y cobr\u00f3 un estoconazo de premio. Dos orejones. El peruano estuvo tremendo. Con una ambici\u00f3n de novillero. Revent\u00f3 al toro por los dos pitones y lo hizo pasar por medio bueno. Lo tuvo, s\u00ed, pero gracias a las facilidades que le dio el torero. No fue de vuelta al ruedo. Roca, s\u00ed.<\/p>\n<p><img loading=\"lazy\" decoding=\"async\" width=\"1200\" height=\"800\" src=\"https:\/\/www.europesays.com\/es\/wp-content\/uploads\/2025\/09\/photo_2025-09-13-21.25.25.jpeg\" alt=\"\" class=\"wp-image-1066454\"  \/><\/p>\n<p>Qu\u00e9 alegr\u00eda haber recuperado esta versi\u00f3n de Roca Rey. Y qu\u00e9 pena, Albacete. A este paso no habr\u00e1 76 matadores. O 77. Este palco desnortado ser\u00e1 el monstruo final que acabe con la tauromaquia en Albacete tal y como la conocimos. Tal y como nos la ense\u00f1\u00f3 D\u00e1maso, que jam\u00e1s indult\u00f3 aqu\u00ed un toro. Era otra fiesta. Hab\u00eda personajes y hab\u00eda conocimientos. El toreo ha muerto y ahora las plazas son una discoteca m\u00e1s. No obstante, la plaza de toros en Albacete siempre fue el sitio para hacer botell\u00f3n. El Ayuntamiento prohibi\u00f3 que se hiciera fuera. Ahora, se hace dentro. Y las consecuencias las estamos pagando.<\/p>\n<p>FICHA DEL FESTEJO<br \/>S\u00e1bado 13 de septiembre de 2025. Albacete. 6\u00aa de la feria de la Virgen de Los Llanos. Lleno de \u00abNo hay billetes\u00bb. Toros de Daniel Ruiz, muy bien presentados y de gran juego, en general. El 4\u00ba, excelente, fue indultado de manera excesiva. Al 5\u00ba, alegre en la muleta y con fondo de bravo, se le dio una vuelta al ruedo muy amable. El 6\u00ba tuvo un gran pit\u00f3n izquierdo.<br \/>Paco Ure\u00f1a: silencio y dos orejas y rabo simb\u00f3licas.<br \/>Roca Rey: oreja y dos orejas tras aviso.<br \/>Manuel Caballero, que tom\u00f3 la alternativa: oreja con petici\u00f3n de la segunda y oreja.<\/p>\n<p>\/Fotos: Nestor Robaina\/ ((HABR\u00c1 AMPLIACI\u00d3N GR\u00c1FICA)))<\/p>\n<p><a href=\"https:\/\/www.europesays.com\/es\/wp-content\/uploads\/2025\/09\/photo_2025-09-13-21.23.16.jpeg\" data-slb-active=\"1\" data-slb-asset=\"426045575\" data-slb-internal=\"0\" data-slb-group=\"slb\"><img loading=\"lazy\" decoding=\"async\" width=\"1200\" height=\"800\" data-id=\"1066523\" src=\"https:\/\/www.europesays.com\/es\/wp-content\/uploads\/2025\/09\/photo_2025-09-13-21.23.16.jpeg\" alt=\"\" class=\"wp-image-1066523\"  \/><\/a><\/p>\n<p><a href=\"https:\/\/www.europesays.com\/es\/wp-content\/uploads\/2025\/09\/photo_2025-09-13-21.23.17.jpeg\" data-slb-active=\"1\" data-slb-asset=\"834902009\" data-slb-internal=\"0\" data-slb-group=\"slb\"><img loading=\"lazy\" decoding=\"async\" width=\"1200\" height=\"800\" data-id=\"1066522\" src=\"https:\/\/www.europesays.com\/es\/wp-content\/uploads\/2025\/09\/photo_2025-09-13-21.23.17.jpeg\" alt=\"\" class=\"wp-image-1066522\"  \/><\/a><\/p>\n<p><a href=\"https:\/\/www.europesays.com\/es\/wp-content\/uploads\/2025\/09\/photo_2025-09-13-21.23.18.jpeg\" data-slb-active=\"1\" data-slb-asset=\"1298660534\" data-slb-internal=\"0\" data-slb-group=\"slb\"><img loading=\"lazy\" decoding=\"async\" width=\"1200\" height=\"800\" data-id=\"1066521\" src=\"https:\/\/www.europesays.com\/es\/wp-content\/uploads\/2025\/09\/photo_2025-09-13-21.23.18.jpeg\" alt=\"\" class=\"wp-image-1066521\"  \/><\/a><\/p>\n<p><a href=\"https:\/\/www.europesays.com\/es\/wp-content\/uploads\/2025\/09\/photo_2025-09-13-21.23.19.jpeg\" data-slb-active=\"1\" data-slb-asset=\"1110361413\" data-slb-internal=\"0\" data-slb-group=\"slb\"><img loading=\"lazy\" decoding=\"async\" width=\"1200\" height=\"799\" data-id=\"1066520\" src=\"https:\/\/www.europesays.com\/es\/wp-content\/uploads\/2025\/09\/photo_2025-09-13-21.23.19.jpeg\" alt=\"\" class=\"wp-image-1066520\"  \/><\/a><\/p>\n<p><a href=\"https:\/\/www.europesays.com\/es\/wp-content\/uploads\/2025\/09\/photo_2025-09-13-21.23.20.jpeg\" data-slb-active=\"1\" data-slb-asset=\"1707632030\" data-slb-internal=\"0\" data-slb-group=\"slb\"><img loading=\"lazy\" decoding=\"async\" width=\"1200\" height=\"800\" data-id=\"1066519\" src=\"https:\/\/www.europesays.com\/es\/wp-content\/uploads\/2025\/09\/photo_2025-09-13-21.23.20.jpeg\" alt=\"\" class=\"wp-image-1066519\"  \/><\/a><\/p>\n<p><a href=\"https:\/\/www.europesays.com\/es\/wp-content\/uploads\/2025\/09\/photo_2025-09-13-21.23.21.jpeg\" data-slb-active=\"1\" data-slb-asset=\"617710692\" data-slb-internal=\"0\" data-slb-group=\"slb\"><img loading=\"lazy\" decoding=\"async\" width=\"1200\" height=\"800\" data-id=\"1066518\" src=\"https:\/\/www.europesays.com\/es\/wp-content\/uploads\/2025\/09\/photo_2025-09-13-21.23.21.jpeg\" alt=\"\" class=\"wp-image-1066518\"  \/><\/a><\/p>\n<p><a href=\"https:\/\/www.europesays.com\/es\/wp-content\/uploads\/2025\/09\/photo_2025-09-13-21.23.23.jpeg\" data-slb-active=\"1\" data-slb-asset=\"1384250567\" data-slb-internal=\"0\" data-slb-group=\"slb\"><img loading=\"lazy\" decoding=\"async\" width=\"1200\" height=\"800\" data-id=\"1066517\" src=\"https:\/\/www.europesays.com\/es\/wp-content\/uploads\/2025\/09\/photo_2025-09-13-21.23.23.jpeg\" alt=\"\" class=\"wp-image-1066517\"  \/><\/a><\/p>\n<p><a href=\"https:\/\/www.europesays.com\/es\/wp-content\/uploads\/2025\/09\/photo_2025-09-13-21.23.24.jpeg\" data-slb-active=\"1\" data-slb-asset=\"1325059040\" data-slb-internal=\"0\" data-slb-group=\"slb\"><img loading=\"lazy\" decoding=\"async\" width=\"1200\" height=\"800\" data-id=\"1066516\" src=\"https:\/\/www.europesays.com\/es\/wp-content\/uploads\/2025\/09\/photo_2025-09-13-21.23.24.jpeg\" alt=\"\" class=\"wp-image-1066516\"  \/><\/a><\/p>\n<p><a href=\"https:\/\/www.europesays.com\/es\/wp-content\/uploads\/2025\/09\/photo_2025-09-13-21.23.25.jpeg\" data-slb-active=\"1\" data-slb-asset=\"1564852367\" data-slb-internal=\"0\" data-slb-group=\"slb\"><img loading=\"lazy\" decoding=\"async\" width=\"1200\" height=\"800\" data-id=\"1066515\" src=\"https:\/\/www.europesays.com\/es\/wp-content\/uploads\/2025\/09\/photo_2025-09-13-21.23.25.jpeg\" alt=\"\" class=\"wp-image-1066515\"  \/><\/a><\/p>\n<p><a href=\"https:\/\/www.europesays.com\/es\/wp-content\/uploads\/2025\/09\/photo_2025-09-13-21.23.26.jpeg\" data-slb-active=\"1\" data-slb-asset=\"1461957992\" data-slb-internal=\"0\" data-slb-group=\"slb\"><img loading=\"lazy\" decoding=\"async\" width=\"1200\" height=\"1200\" data-id=\"1066514\" src=\"https:\/\/www.europesays.com\/es\/wp-content\/uploads\/2025\/09\/photo_2025-09-13-21.23.26.jpeg\" alt=\"\" class=\"wp-image-1066514\"  \/><\/a><\/p>\n<p><a href=\"https:\/\/www.europesays.com\/es\/wp-content\/uploads\/2025\/09\/photo_2025-09-13-21.23.28.jpeg\" data-slb-active=\"1\" data-slb-asset=\"275515218\" data-slb-internal=\"0\" data-slb-group=\"slb\"><img loading=\"lazy\" decoding=\"async\" width=\"1200\" height=\"800\" data-id=\"1066513\" src=\"https:\/\/www.europesays.com\/es\/wp-content\/uploads\/2025\/09\/photo_2025-09-13-21.23.28.jpeg\" alt=\"\" class=\"wp-image-1066513\"  \/><\/a><\/p>\n<p><a href=\"https:\/\/www.europesays.com\/es\/wp-content\/uploads\/2025\/09\/photo_2025-09-13-21.23.29.jpeg\" data-slb-active=\"1\" data-slb-asset=\"1319004893\" data-slb-internal=\"0\" data-slb-group=\"slb\"><img loading=\"lazy\" decoding=\"async\" width=\"1200\" height=\"800\" data-id=\"1066512\" src=\"https:\/\/www.europesays.com\/es\/wp-content\/uploads\/2025\/09\/photo_2025-09-13-21.23.29.jpeg\" alt=\"\" class=\"wp-image-1066512\"  \/><\/a><\/p>\n<p><a href=\"https:\/\/www.europesays.com\/es\/wp-content\/uploads\/2025\/09\/photo_2025-09-13-21.23.31.jpeg\" data-slb-active=\"1\" data-slb-asset=\"902385114\" data-slb-internal=\"0\" data-slb-group=\"slb\"><img loading=\"lazy\" decoding=\"async\" width=\"1200\" height=\"800\" data-id=\"1066511\" src=\"https:\/\/www.europesays.com\/es\/wp-content\/uploads\/2025\/09\/photo_2025-09-13-21.23.31.jpeg\" alt=\"\" class=\"wp-image-1066511\"  \/><\/a><\/p>\n<p><a href=\"https:\/\/www.europesays.com\/es\/wp-content\/uploads\/2025\/09\/photo_2025-09-13-21.23.32.jpeg\" data-slb-active=\"1\" data-slb-asset=\"1379277048\" data-slb-internal=\"0\" data-slb-group=\"slb\"><img loading=\"lazy\" decoding=\"async\" width=\"1200\" height=\"800\" data-id=\"1066510\" src=\"https:\/\/www.europesays.com\/es\/wp-content\/uploads\/2025\/09\/photo_2025-09-13-21.23.32.jpeg\" alt=\"\" class=\"wp-image-1066510\"  \/><\/a><\/p>\n<p><a href=\"https:\/\/www.europesays.com\/es\/wp-content\/uploads\/2025\/09\/photo_2025-09-13-21.23.33.jpeg\" data-slb-active=\"1\" data-slb-asset=\"2042153406\" data-slb-internal=\"0\" data-slb-group=\"slb\"><img loading=\"lazy\" decoding=\"async\" width=\"1200\" height=\"1200\" data-id=\"1066509\" src=\"https:\/\/www.europesays.com\/es\/wp-content\/uploads\/2025\/09\/photo_2025-09-13-21.23.33.jpeg\" alt=\"\" class=\"wp-image-1066509\"  \/><\/a><\/p>\n<p><a href=\"https:\/\/www.europesays.com\/es\/wp-content\/uploads\/2025\/09\/photo_2025-09-13-21.23.35.jpeg\" data-slb-active=\"1\" data-slb-asset=\"1057717850\" data-slb-internal=\"0\" data-slb-group=\"slb\"><img loading=\"lazy\" decoding=\"async\" width=\"1280\" height=\"853\" data-id=\"1066508\" src=\"https:\/\/www.europesays.com\/es\/wp-content\/uploads\/2025\/09\/photo_2025-09-13-21.23.35.jpeg\" alt=\"\" class=\"wp-image-1066508\"  \/><\/a><\/p>\n<p><a href=\"https:\/\/www.europesays.com\/es\/wp-content\/uploads\/2025\/09\/photo_2025-09-13-21.23.46.jpeg\" data-slb-active=\"1\" data-slb-asset=\"766318320\" data-slb-internal=\"0\" data-slb-group=\"slb\"><img loading=\"lazy\" decoding=\"async\" width=\"1200\" height=\"800\" data-id=\"1066507\" src=\"https:\/\/www.europesays.com\/es\/wp-content\/uploads\/2025\/09\/photo_2025-09-13-21.23.46.jpeg\" alt=\"\" class=\"wp-image-1066507\"  \/><\/a><\/p>\n<p><a href=\"https:\/\/www.europesays.com\/es\/wp-content\/uploads\/2025\/09\/photo_2025-09-13-21.23.48.jpeg\" data-slb-active=\"1\" data-slb-asset=\"68615961\" data-slb-internal=\"0\" data-slb-group=\"slb\"><img loading=\"lazy\" decoding=\"async\" width=\"1200\" height=\"800\" data-id=\"1066506\" src=\"https:\/\/www.europesays.com\/es\/wp-content\/uploads\/2025\/09\/photo_2025-09-13-21.23.48.jpeg\" alt=\"\" class=\"wp-image-1066506\"  \/><\/a><\/p>\n<p><a href=\"https:\/\/www.europesays.com\/es\/wp-content\/uploads\/2025\/09\/photo_2025-09-13-21.23.49.jpeg\" data-slb-active=\"1\" data-slb-asset=\"1567517796\" data-slb-internal=\"0\" data-slb-group=\"slb\"><img loading=\"lazy\" decoding=\"async\" width=\"1200\" height=\"800\" data-id=\"1066505\" src=\"https:\/\/www.europesays.com\/es\/wp-content\/uploads\/2025\/09\/photo_2025-09-13-21.23.49.jpeg\" alt=\"\" class=\"wp-image-1066505\"  \/><\/a><\/p>\n<p><a href=\"https:\/\/www.europesays.com\/es\/wp-content\/uploads\/2025\/09\/photo_2025-09-13-21.23.49-1.jpeg\" data-slb-active=\"1\" data-slb-asset=\"860144085\" data-slb-internal=\"0\" data-slb-group=\"slb\"><img loading=\"lazy\" decoding=\"async\" width=\"1200\" height=\"800\" data-id=\"1066504\" src=\"https:\/\/www.europesays.com\/es\/wp-content\/uploads\/2025\/09\/photo_2025-09-13-21.23.49-1.jpeg\" alt=\"\" class=\"wp-image-1066504\"  \/><\/a><\/p>\n<p><a href=\"https:\/\/www.europesays.com\/es\/wp-content\/uploads\/2025\/09\/photo_2025-09-13-21.23.50.jpeg\" data-slb-active=\"1\" data-slb-asset=\"1769754878\" data-slb-internal=\"0\" data-slb-group=\"slb\"><img loading=\"lazy\" decoding=\"async\" width=\"1200\" height=\"800\" data-id=\"1066503\" src=\"https:\/\/www.europesays.com\/es\/wp-content\/uploads\/2025\/09\/photo_2025-09-13-21.23.50.jpeg\" alt=\"\" class=\"wp-image-1066503\"  \/><\/a><\/p>\n<p><a href=\"https:\/\/www.europesays.com\/es\/wp-content\/uploads\/2025\/09\/photo_2025-09-13-21.23.52.jpeg\" data-slb-active=\"1\" data-slb-asset=\"1036451169\" data-slb-internal=\"0\" data-slb-group=\"slb\"><img loading=\"lazy\" decoding=\"async\" width=\"1200\" height=\"800\" data-id=\"1066502\" src=\"https:\/\/www.europesays.com\/es\/wp-content\/uploads\/2025\/09\/photo_2025-09-13-21.23.52.jpeg\" alt=\"\" class=\"wp-image-1066502\"  \/><\/a><\/p>\n<p><a href=\"https:\/\/www.europesays.com\/es\/wp-content\/uploads\/2025\/09\/photo_2025-09-13-21.23.53.jpeg\" data-slb-active=\"1\" data-slb-asset=\"521021010\" data-slb-internal=\"0\" data-slb-group=\"slb\"><img loading=\"lazy\" decoding=\"async\" width=\"1200\" height=\"800\" data-id=\"1066501\" src=\"https:\/\/www.europesays.com\/es\/wp-content\/uploads\/2025\/09\/photo_2025-09-13-21.23.53.jpeg\" alt=\"\" class=\"wp-image-1066501\"  \/><\/a><\/p>\n<p><a href=\"https:\/\/www.europesays.com\/es\/wp-content\/uploads\/2025\/09\/photo_2025-09-13-21.23.55.jpeg\" data-slb-active=\"1\" data-slb-asset=\"67945567\" data-slb-internal=\"0\" data-slb-group=\"slb\"><img loading=\"lazy\" decoding=\"async\" width=\"1200\" height=\"799\" data-id=\"1066500\" src=\"https:\/\/www.europesays.com\/es\/wp-content\/uploads\/2025\/09\/photo_2025-09-13-21.23.55.jpeg\" alt=\"\" class=\"wp-image-1066500\"  \/><\/a><\/p>\n<p><a href=\"https:\/\/www.europesays.com\/es\/wp-content\/uploads\/2025\/09\/photo_2025-09-13-21.23.56.jpeg\" data-slb-active=\"1\" data-slb-asset=\"482183907\" data-slb-internal=\"0\" data-slb-group=\"slb\"><img loading=\"lazy\" decoding=\"async\" width=\"1200\" height=\"800\" data-id=\"1066499\" src=\"https:\/\/www.europesays.com\/es\/wp-content\/uploads\/2025\/09\/photo_2025-09-13-21.23.56.jpeg\" alt=\"\" class=\"wp-image-1066499\"  \/><\/a><\/p>\n<p><a href=\"https:\/\/www.europesays.com\/es\/wp-content\/uploads\/2025\/09\/photo_2025-09-13-21.23.58.jpeg\" data-slb-active=\"1\" data-slb-asset=\"587527527\" data-slb-internal=\"0\" data-slb-group=\"slb\"><img loading=\"lazy\" decoding=\"async\" width=\"1200\" height=\"801\" data-id=\"1066498\" src=\"https:\/\/www.europesays.com\/es\/wp-content\/uploads\/2025\/09\/photo_2025-09-13-21.23.58.jpeg\" alt=\"\" class=\"wp-image-1066498\"  \/><\/a><\/p>\n<p><a href=\"https:\/\/www.europesays.com\/es\/wp-content\/uploads\/2025\/09\/photo_2025-09-13-21.23.59.jpeg\" data-slb-active=\"1\" data-slb-asset=\"454258409\" data-slb-internal=\"0\" data-slb-group=\"slb\"><img loading=\"lazy\" decoding=\"async\" width=\"1200\" height=\"799\" data-id=\"1066497\" src=\"https:\/\/www.europesays.com\/es\/wp-content\/uploads\/2025\/09\/photo_2025-09-13-21.23.59.jpeg\" alt=\"\" class=\"wp-image-1066497\"  \/><\/a><\/p>\n<p><a href=\"https:\/\/www.europesays.com\/es\/wp-content\/uploads\/2025\/09\/photo_2025-09-13-21.24.00.jpeg\" data-slb-active=\"1\" data-slb-asset=\"1617188365\" data-slb-internal=\"0\" data-slb-group=\"slb\"><img loading=\"lazy\" decoding=\"async\" width=\"1200\" height=\"800\" data-id=\"1066496\" src=\"https:\/\/www.europesays.com\/es\/wp-content\/uploads\/2025\/09\/photo_2025-09-13-21.24.00.jpeg\" alt=\"\" class=\"wp-image-1066496\"  \/><\/a><\/p>\n<p><a href=\"https:\/\/www.europesays.com\/es\/wp-content\/uploads\/2025\/09\/photo_2025-09-13-21.24.08.jpeg\" data-slb-active=\"1\" data-slb-asset=\"1406224761\" data-slb-internal=\"0\" data-slb-group=\"slb\"><img loading=\"lazy\" decoding=\"async\" width=\"1200\" height=\"800\" data-id=\"1066495\" src=\"https:\/\/www.europesays.com\/es\/wp-content\/uploads\/2025\/09\/photo_2025-09-13-21.24.08.jpeg\" alt=\"\" class=\"wp-image-1066495\"  \/><\/a><\/p>\n<p><a href=\"https:\/\/www.europesays.com\/es\/wp-content\/uploads\/2025\/09\/photo_2025-09-13-21.24.09.jpeg\" data-slb-active=\"1\" data-slb-asset=\"1439629244\" data-slb-internal=\"0\" data-slb-group=\"slb\"><img loading=\"lazy\" decoding=\"async\" width=\"1200\" height=\"800\" data-id=\"1066494\" src=\"https:\/\/www.europesays.com\/es\/wp-content\/uploads\/2025\/09\/photo_2025-09-13-21.24.09.jpeg\" alt=\"\" class=\"wp-image-1066494\"  \/><\/a><\/p>\n<p><a href=\"https:\/\/www.europesays.com\/es\/wp-content\/uploads\/2025\/09\/photo_2025-09-13-21.24.10.jpeg\" data-slb-active=\"1\" data-slb-asset=\"1986596879\" data-slb-internal=\"0\" data-slb-group=\"slb\"><img loading=\"lazy\" decoding=\"async\" width=\"1200\" height=\"801\" data-id=\"1066493\" src=\"https:\/\/www.europesays.com\/es\/wp-content\/uploads\/2025\/09\/photo_2025-09-13-21.24.10.jpeg\" alt=\"\" class=\"wp-image-1066493\"  \/><\/a><\/p>\n<p><a href=\"https:\/\/www.europesays.com\/es\/wp-content\/uploads\/2025\/09\/photo_2025-09-13-21.24.12.jpeg\" data-slb-active=\"1\" data-slb-asset=\"116518490\" data-slb-internal=\"0\" data-slb-group=\"slb\"><img loading=\"lazy\" decoding=\"async\" width=\"1200\" height=\"800\" data-id=\"1066492\" src=\"https:\/\/www.europesays.com\/es\/wp-content\/uploads\/2025\/09\/photo_2025-09-13-21.24.12.jpeg\" alt=\"\" class=\"wp-image-1066492\"  \/><\/a><\/p>\n<p><a href=\"https:\/\/www.europesays.com\/es\/wp-content\/uploads\/2025\/09\/photo_2025-09-13-21.24.13.jpeg\" data-slb-active=\"1\" data-slb-asset=\"1038448621\" data-slb-internal=\"0\" data-slb-group=\"slb\"><img loading=\"lazy\" decoding=\"async\" width=\"1200\" height=\"800\" data-id=\"1066491\" src=\"https:\/\/www.europesays.com\/es\/wp-content\/uploads\/2025\/09\/photo_2025-09-13-21.24.13.jpeg\" alt=\"\" class=\"wp-image-1066491\"  \/><\/a><\/p>\n<p><a href=\"https:\/\/www.europesays.com\/es\/wp-content\/uploads\/2025\/09\/photo_2025-09-13-21.24.14.jpeg\" data-slb-active=\"1\" data-slb-asset=\"137483230\" data-slb-internal=\"0\" data-slb-group=\"slb\"><img loading=\"lazy\" decoding=\"async\" width=\"1200\" height=\"800\" data-id=\"1066490\" src=\"https:\/\/www.europesays.com\/es\/wp-content\/uploads\/2025\/09\/photo_2025-09-13-21.24.14.jpeg\" alt=\"\" class=\"wp-image-1066490\"  \/><\/a><\/p>\n<p><a href=\"https:\/\/www.europesays.com\/es\/wp-content\/uploads\/2025\/09\/photo_2025-09-13-21.24.15.jpeg\" data-slb-active=\"1\" data-slb-asset=\"465010367\" data-slb-internal=\"0\" data-slb-group=\"slb\"><img loading=\"lazy\" decoding=\"async\" width=\"1200\" height=\"800\" data-id=\"1066489\" src=\"https:\/\/www.europesays.com\/es\/wp-content\/uploads\/2025\/09\/photo_2025-09-13-21.24.15.jpeg\" alt=\"\" class=\"wp-image-1066489\"  \/><\/a><\/p>\n<p><a href=\"https:\/\/www.europesays.com\/es\/wp-content\/uploads\/2025\/09\/photo_2025-09-13-21.24.16.jpeg\" data-slb-active=\"1\" data-slb-asset=\"1334530490\" data-slb-internal=\"0\" data-slb-group=\"slb\"><img loading=\"lazy\" decoding=\"async\" width=\"1200\" height=\"801\" data-id=\"1066488\" src=\"https:\/\/www.europesays.com\/es\/wp-content\/uploads\/2025\/09\/photo_2025-09-13-21.24.16.jpeg\" alt=\"\" class=\"wp-image-1066488\"  \/><\/a><\/p>\n<p><a href=\"https:\/\/www.europesays.com\/es\/wp-content\/uploads\/2025\/09\/photo_2025-09-13-21.24.17.jpeg\" data-slb-active=\"1\" data-slb-asset=\"1300959058\" data-slb-internal=\"0\" data-slb-group=\"slb\"><img loading=\"lazy\" decoding=\"async\" width=\"1200\" height=\"800\" data-id=\"1066487\" src=\"https:\/\/www.europesays.com\/es\/wp-content\/uploads\/2025\/09\/photo_2025-09-13-21.24.17.jpeg\" alt=\"\" class=\"wp-image-1066487\"  \/><\/a><\/p>\n<p><a href=\"https:\/\/www.europesays.com\/es\/wp-content\/uploads\/2025\/09\/photo_2025-09-13-21.24.18.jpeg\" data-slb-active=\"1\" data-slb-asset=\"1642764602\" data-slb-internal=\"0\" data-slb-group=\"slb\"><img loading=\"lazy\" decoding=\"async\" width=\"1200\" height=\"800\" data-id=\"1066486\" src=\"https:\/\/www.europesays.com\/es\/wp-content\/uploads\/2025\/09\/photo_2025-09-13-21.24.18.jpeg\" alt=\"\" class=\"wp-image-1066486\"  \/><\/a><\/p>\n<p><a href=\"https:\/\/www.europesays.com\/es\/wp-content\/uploads\/2025\/09\/photo_2025-09-13-21.24.19.jpeg\" data-slb-active=\"1\" data-slb-asset=\"533123788\" data-slb-internal=\"0\" data-slb-group=\"slb\"><img loading=\"lazy\" decoding=\"async\" width=\"1200\" height=\"800\" data-id=\"1066485\" src=\"https:\/\/www.europesays.com\/es\/wp-content\/uploads\/2025\/09\/photo_2025-09-13-21.24.19.jpeg\" alt=\"\" class=\"wp-image-1066485\"  \/><\/a><\/p>\n<p><a href=\"https:\/\/www.europesays.com\/es\/wp-content\/uploads\/2025\/09\/photo_2025-09-13-21.24.21.jpeg\" data-slb-active=\"1\" data-slb-asset=\"1323027616\" data-slb-internal=\"0\" data-slb-group=\"slb\"><img loading=\"lazy\" decoding=\"async\" width=\"1200\" height=\"800\" data-id=\"1066484\" src=\"https:\/\/www.europesays.com\/es\/wp-content\/uploads\/2025\/09\/photo_2025-09-13-21.24.21.jpeg\" alt=\"\" class=\"wp-image-1066484\"  \/><\/a><\/p>\n<p><a href=\"https:\/\/www.europesays.com\/es\/wp-content\/uploads\/2025\/09\/photo_2025-09-13-21.24.22.jpeg\" data-slb-active=\"1\" data-slb-asset=\"1358377973\" data-slb-internal=\"0\" data-slb-group=\"slb\"><img loading=\"lazy\" decoding=\"async\" width=\"1200\" height=\"800\" data-id=\"1066483\" src=\"https:\/\/www.europesays.com\/es\/wp-content\/uploads\/2025\/09\/photo_2025-09-13-21.24.22.jpeg\" alt=\"\" class=\"wp-image-1066483\"  \/><\/a><\/p>\n<p><a href=\"https:\/\/www.europesays.com\/es\/wp-content\/uploads\/2025\/09\/photo_2025-09-13-21.24.23.jpeg\" data-slb-active=\"1\" data-slb-asset=\"2124724309\" data-slb-internal=\"0\" data-slb-group=\"slb\"><img loading=\"lazy\" decoding=\"async\" width=\"1200\" height=\"800\" data-id=\"1066482\" src=\"https:\/\/www.europesays.com\/es\/wp-content\/uploads\/2025\/09\/photo_2025-09-13-21.24.23.jpeg\" alt=\"\" class=\"wp-image-1066482\"  \/><\/a><\/p>\n<p><a href=\"https:\/\/www.europesays.com\/es\/wp-content\/uploads\/2025\/09\/photo_2025-09-13-21.24.24.jpeg\" data-slb-active=\"1\" data-slb-asset=\"1297293992\" data-slb-internal=\"0\" data-slb-group=\"slb\"><img loading=\"lazy\" decoding=\"async\" width=\"1200\" height=\"800\" data-id=\"1066481\" src=\"https:\/\/www.europesays.com\/es\/wp-content\/uploads\/2025\/09\/photo_2025-09-13-21.24.24.jpeg\" alt=\"\" class=\"wp-image-1066481\"  \/><\/a><\/p>\n<p><a href=\"https:\/\/www.europesays.com\/es\/wp-content\/uploads\/2025\/09\/photo_2025-09-13-21.24.25.jpeg\" data-slb-active=\"1\" data-slb-asset=\"126881688\" data-slb-internal=\"0\" data-slb-group=\"slb\"><img loading=\"lazy\" decoding=\"async\" width=\"1200\" height=\"800\" data-id=\"1066480\" src=\"https:\/\/www.europesays.com\/es\/wp-content\/uploads\/2025\/09\/photo_2025-09-13-21.24.25.jpeg\" alt=\"\" class=\"wp-image-1066480\"  \/><\/a><\/p>\n<p><a href=\"https:\/\/www.europesays.com\/es\/wp-content\/uploads\/2025\/09\/photo_2025-09-13-21.24.26.jpeg\" data-slb-active=\"1\" data-slb-asset=\"191253342\" data-slb-internal=\"0\" data-slb-group=\"slb\"><img loading=\"lazy\" decoding=\"async\" width=\"1200\" height=\"800\" data-id=\"1066479\" src=\"https:\/\/www.europesays.com\/es\/wp-content\/uploads\/2025\/09\/photo_2025-09-13-21.24.26.jpeg\" alt=\"\" class=\"wp-image-1066479\"  \/><\/a><\/p>\n<p><a href=\"https:\/\/www.europesays.com\/es\/wp-content\/uploads\/2025\/09\/photo_2025-09-13-21.24.27.jpeg\" data-slb-active=\"1\" data-slb-asset=\"1632184267\" data-slb-internal=\"0\" data-slb-group=\"slb\"><img loading=\"lazy\" decoding=\"async\" width=\"1200\" height=\"800\" data-id=\"1066478\" src=\"https:\/\/www.europesays.com\/es\/wp-content\/uploads\/2025\/09\/photo_2025-09-13-21.24.27.jpeg\" alt=\"\" class=\"wp-image-1066478\"  \/><\/a><\/p>\n<p><a href=\"https:\/\/www.europesays.com\/es\/wp-content\/uploads\/2025\/09\/photo_2025-09-13-21.24.29.jpeg\" data-slb-active=\"1\" data-slb-asset=\"448825388\" data-slb-internal=\"0\" data-slb-group=\"slb\"><img loading=\"lazy\" decoding=\"async\" width=\"1200\" height=\"801\" data-id=\"1066477\" src=\"https:\/\/www.europesays.com\/es\/wp-content\/uploads\/2025\/09\/photo_2025-09-13-21.24.29.jpeg\" alt=\"\" class=\"wp-image-1066477\"  \/><\/a><\/p>\n<p><a href=\"https:\/\/www.europesays.com\/es\/wp-content\/uploads\/2025\/09\/photo_2025-09-13-21.24.30.jpeg\" data-slb-active=\"1\" data-slb-asset=\"1552073114\" data-slb-internal=\"0\" data-slb-group=\"slb\"><img loading=\"lazy\" decoding=\"async\" width=\"1200\" height=\"800\" data-id=\"1066476\" src=\"https:\/\/www.europesays.com\/es\/wp-content\/uploads\/2025\/09\/photo_2025-09-13-21.24.30.jpeg\" alt=\"\" class=\"wp-image-1066476\"  \/><\/a><\/p>\n<p><a href=\"https:\/\/www.europesays.com\/es\/wp-content\/uploads\/2025\/09\/photo_2025-09-13-21.24.31.jpeg\" data-slb-active=\"1\" data-slb-asset=\"331145623\" data-slb-internal=\"0\" data-slb-group=\"slb\"><img loading=\"lazy\" decoding=\"async\" width=\"1200\" height=\"799\" data-id=\"1066475\" src=\"https:\/\/www.europesays.com\/es\/wp-content\/uploads\/2025\/09\/photo_2025-09-13-21.24.31.jpeg\" alt=\"\" class=\"wp-image-1066475\"  \/><\/a><\/p>\n<p><a href=\"https:\/\/www.europesays.com\/es\/wp-content\/uploads\/2025\/09\/photo_2025-09-13-21.24.32.jpeg\" data-slb-active=\"1\" data-slb-asset=\"74467470\" data-slb-internal=\"0\" data-slb-group=\"slb\"><img loading=\"lazy\" decoding=\"async\" width=\"1200\" height=\"800\" data-id=\"1066474\" src=\"https:\/\/www.europesays.com\/es\/wp-content\/uploads\/2025\/09\/photo_2025-09-13-21.24.32.jpeg\" alt=\"\" class=\"wp-image-1066474\"  \/><\/a><\/p>\n<p><a href=\"https:\/\/www.europesays.com\/es\/wp-content\/uploads\/2025\/09\/photo_2025-09-13-21.24.34.jpeg\" data-slb-active=\"1\" data-slb-asset=\"1500959083\" data-slb-internal=\"0\" data-slb-group=\"slb\"><img loading=\"lazy\" decoding=\"async\" width=\"1200\" height=\"800\" data-id=\"1066473\" src=\"https:\/\/www.europesays.com\/es\/wp-content\/uploads\/2025\/09\/photo_2025-09-13-21.24.34.jpeg\" alt=\"\" class=\"wp-image-1066473\"  \/><\/a><\/p>\n<p><a href=\"https:\/\/www.europesays.com\/es\/wp-content\/uploads\/2025\/09\/photo_2025-09-13-21.24.36.jpeg\" data-slb-active=\"1\" data-slb-asset=\"729133284\" data-slb-internal=\"0\" data-slb-group=\"slb\"><img loading=\"lazy\" decoding=\"async\" width=\"1200\" height=\"800\" data-id=\"1066472\" src=\"https:\/\/www.europesays.com\/es\/wp-content\/uploads\/2025\/09\/photo_2025-09-13-21.24.36.jpeg\" alt=\"\" class=\"wp-image-1066472\"  \/><\/a><\/p>\n<p><a href=\"https:\/\/www.europesays.com\/es\/wp-content\/uploads\/2025\/09\/photo_2025-09-13-21.24.37.jpeg\" data-slb-active=\"1\" data-slb-asset=\"1873863288\" data-slb-internal=\"0\" data-slb-group=\"slb\"><img loading=\"lazy\" decoding=\"async\" width=\"1200\" height=\"800\" data-id=\"1066471\" src=\"https:\/\/www.europesays.com\/es\/wp-content\/uploads\/2025\/09\/photo_2025-09-13-21.24.37.jpeg\" alt=\"\" class=\"wp-image-1066471\"  \/><\/a><\/p>\n<p><a href=\"https:\/\/www.europesays.com\/es\/wp-content\/uploads\/2025\/09\/photo_2025-09-13-21.24.38.jpeg\" data-slb-active=\"1\" data-slb-asset=\"1703338059\" data-slb-internal=\"0\" data-slb-group=\"slb\"><img loading=\"lazy\" decoding=\"async\" width=\"1200\" height=\"800\" data-id=\"1066470\" src=\"https:\/\/www.europesays.com\/es\/wp-content\/uploads\/2025\/09\/photo_2025-09-13-21.24.38.jpeg\" alt=\"\" class=\"wp-image-1066470\"  \/><\/a><\/p>\n<p><a href=\"https:\/\/www.europesays.com\/es\/wp-content\/uploads\/2025\/09\/photo_2025-09-13-21.24.39.jpeg\" data-slb-active=\"1\" data-slb-asset=\"313811425\" data-slb-internal=\"0\" data-slb-group=\"slb\"><img loading=\"lazy\" decoding=\"async\" width=\"1200\" height=\"800\" data-id=\"1066469\" src=\"https:\/\/www.europesays.com\/es\/wp-content\/uploads\/2025\/09\/photo_2025-09-13-21.24.39.jpeg\" alt=\"\" class=\"wp-image-1066469\"  \/><\/a><\/p>\n<p><a href=\"https:\/\/www.europesays.com\/es\/wp-content\/uploads\/2025\/09\/photo_2025-09-13-21.24.40.jpeg\" data-slb-active=\"1\" data-slb-asset=\"201991394\" data-slb-internal=\"0\" data-slb-group=\"slb\"><img loading=\"lazy\" decoding=\"async\" width=\"1200\" height=\"800\" data-id=\"1066468\" src=\"https:\/\/www.europesays.com\/es\/wp-content\/uploads\/2025\/09\/photo_2025-09-13-21.24.40.jpeg\" alt=\"\" class=\"wp-image-1066468\"  \/><\/a><\/p>\n<p><a href=\"https:\/\/www.europesays.com\/es\/wp-content\/uploads\/2025\/09\/photo_2025-09-13-21.24.43.jpeg\" data-slb-active=\"1\" data-slb-asset=\"794243365\" data-slb-internal=\"0\" data-slb-group=\"slb\"><img loading=\"lazy\" decoding=\"async\" width=\"1200\" height=\"800\" data-id=\"1066467\" src=\"https:\/\/www.europesays.com\/es\/wp-content\/uploads\/2025\/09\/photo_2025-09-13-21.24.43.jpeg\" alt=\"\" class=\"wp-image-1066467\"  \/><\/a><\/p>\n<p><a href=\"https:\/\/www.europesays.com\/es\/wp-content\/uploads\/2025\/09\/photo_2025-09-13-21.24.44.jpeg\" data-slb-active=\"1\" data-slb-asset=\"1349139739\" data-slb-internal=\"0\" data-slb-group=\"slb\"><img loading=\"lazy\" decoding=\"async\" width=\"1200\" height=\"800\" data-id=\"1066466\" src=\"https:\/\/www.europesays.com\/es\/wp-content\/uploads\/2025\/09\/photo_2025-09-13-21.24.44.jpeg\" alt=\"\" class=\"wp-image-1066466\"  \/><\/a><\/p>\n<p><a href=\"https:\/\/www.europesays.com\/es\/wp-content\/uploads\/2025\/09\/photo_2025-09-13-21.24.45.jpeg\" data-slb-active=\"1\" data-slb-asset=\"712755356\" data-slb-internal=\"0\" data-slb-group=\"slb\"><img loading=\"lazy\" decoding=\"async\" width=\"1200\" height=\"799\" data-id=\"1066465\" src=\"https:\/\/www.europesays.com\/es\/wp-content\/uploads\/2025\/09\/photo_2025-09-13-21.24.45.jpeg\" alt=\"\" class=\"wp-image-1066465\"  \/><\/a><\/p>\n<p><a href=\"https:\/\/www.europesays.com\/es\/wp-content\/uploads\/2025\/09\/photo_2025-09-13-21.24.46.jpeg\" data-slb-active=\"1\" data-slb-asset=\"1684082151\" data-slb-internal=\"0\" data-slb-group=\"slb\"><img loading=\"lazy\" decoding=\"async\" width=\"1200\" height=\"800\" data-id=\"1066464\" src=\"https:\/\/www.europesays.com\/es\/wp-content\/uploads\/2025\/09\/photo_2025-09-13-21.24.46.jpeg\" alt=\"\" class=\"wp-image-1066464\"  \/><\/a><\/p>\n<p><a href=\"https:\/\/www.europesays.com\/es\/wp-content\/uploads\/2025\/09\/photo_2025-09-13-21.24.49.jpeg\" data-slb-active=\"1\" data-slb-asset=\"391248323\" data-slb-internal=\"0\" data-slb-group=\"slb\"><img loading=\"lazy\" decoding=\"async\" width=\"1200\" height=\"800\" data-id=\"1066463\" src=\"https:\/\/www.europesays.com\/es\/wp-content\/uploads\/2025\/09\/photo_2025-09-13-21.24.49.jpeg\" alt=\"\" class=\"wp-image-1066463\"  \/><\/a><\/p>\n<p><a href=\"https:\/\/www.europesays.com\/es\/wp-content\/uploads\/2025\/09\/photo_2025-09-13-21.25.13.jpeg\" data-slb-active=\"1\" data-slb-asset=\"986646012\" data-slb-internal=\"0\" data-slb-group=\"slb\"><img loading=\"lazy\" decoding=\"async\" width=\"1200\" height=\"800\" data-id=\"1066462\" src=\"https:\/\/www.europesays.com\/es\/wp-content\/uploads\/2025\/09\/photo_2025-09-13-21.25.13.jpeg\" alt=\"\" class=\"wp-image-1066462\"  \/><\/a><\/p>\n<p><a href=\"https:\/\/www.europesays.com\/es\/wp-content\/uploads\/2025\/09\/photo_2025-09-13-21.25.14.jpeg\" data-slb-active=\"1\" data-slb-asset=\"1111709174\" data-slb-internal=\"0\" data-slb-group=\"slb\"><img loading=\"lazy\" decoding=\"async\" width=\"1200\" height=\"800\" data-id=\"1066461\" src=\"https:\/\/www.europesays.com\/es\/wp-content\/uploads\/2025\/09\/photo_2025-09-13-21.25.14.jpeg\" alt=\"\" class=\"wp-image-1066461\"  \/><\/a><\/p>\n<p><a href=\"https:\/\/www.europesays.com\/es\/wp-content\/uploads\/2025\/09\/photo_2025-09-13-21.25.15.jpeg\" data-slb-active=\"1\" data-slb-asset=\"2110969362\" data-slb-internal=\"0\" data-slb-group=\"slb\"><img loading=\"lazy\" decoding=\"async\" width=\"1200\" height=\"800\" data-id=\"1066460\" src=\"https:\/\/www.europesays.com\/es\/wp-content\/uploads\/2025\/09\/photo_2025-09-13-21.25.15.jpeg\" alt=\"\" class=\"wp-image-1066460\"  \/><\/a><\/p>\n<p><a href=\"https:\/\/www.europesays.com\/es\/wp-content\/uploads\/2025\/09\/photo_2025-09-13-21.25.16.jpeg\" data-slb-active=\"1\" data-slb-asset=\"1732667765\" data-slb-internal=\"0\" data-slb-group=\"slb\"><img loading=\"lazy\" decoding=\"async\" width=\"1200\" height=\"800\" data-id=\"1066459\" src=\"https:\/\/www.europesays.com\/es\/wp-content\/uploads\/2025\/09\/photo_2025-09-13-21.25.16.jpeg\" alt=\"\" class=\"wp-image-1066459\"  \/><\/a><\/p>\n<p><a href=\"https:\/\/www.europesays.com\/es\/wp-content\/uploads\/2025\/09\/photo_2025-09-13-21.25.17.jpeg\" data-slb-active=\"1\" data-slb-asset=\"563394783\" data-slb-internal=\"0\" data-slb-group=\"slb\"><img loading=\"lazy\" decoding=\"async\" width=\"1200\" height=\"800\" data-id=\"1066458\" src=\"https:\/\/www.europesays.com\/es\/wp-content\/uploads\/2025\/09\/photo_2025-09-13-21.25.17.jpeg\" alt=\"\" class=\"wp-image-1066458\"  \/><\/a><\/p>\n<p><a href=\"https:\/\/www.europesays.com\/es\/wp-content\/uploads\/2025\/09\/photo_2025-09-13-21.25.17-1.jpeg\" data-slb-active=\"1\" data-slb-asset=\"515679152\" data-slb-internal=\"0\" data-slb-group=\"slb\"><img loading=\"lazy\" decoding=\"async\" width=\"1200\" height=\"800\" data-id=\"1066457\" src=\"https:\/\/www.europesays.com\/es\/wp-content\/uploads\/2025\/09\/photo_2025-09-13-21.25.17-1.jpeg\" alt=\"\" class=\"wp-image-1066457\"  \/><\/a><\/p>\n<p><a href=\"https:\/\/www.europesays.com\/es\/wp-content\/uploads\/2025\/09\/photo_2025-09-13-21.25.18.jpeg\" data-slb-active=\"1\" data-slb-asset=\"1695882135\" data-slb-internal=\"0\" data-slb-group=\"slb\"><img loading=\"lazy\" decoding=\"async\" width=\"1200\" height=\"800\" data-id=\"1066456\" src=\"https:\/\/www.europesays.com\/es\/wp-content\/uploads\/2025\/09\/photo_2025-09-13-21.25.18.jpeg\" alt=\"\" class=\"wp-image-1066456\"  \/><\/a><\/p>\n<p><a href=\"https:\/\/www.europesays.com\/es\/wp-content\/uploads\/2025\/09\/photo_2025-09-13-21.25.24.jpeg\" data-slb-active=\"1\" data-slb-asset=\"1553733437\" data-slb-internal=\"0\" data-slb-group=\"slb\"><img loading=\"lazy\" decoding=\"async\" width=\"1200\" height=\"800\" data-id=\"1066455\" src=\"https:\/\/www.europesays.com\/es\/wp-content\/uploads\/2025\/09\/photo_2025-09-13-21.25.24.jpeg\" alt=\"\" class=\"wp-image-1066455\"  \/><\/a><\/p>\n<p><a href=\"https:\/\/www.europesays.com\/es\/wp-content\/uploads\/2025\/09\/photo_2025-09-13-21.25.25.jpeg\" data-slb-active=\"1\" data-slb-asset=\"1501752108\" data-slb-internal=\"0\" data-slb-group=\"slb\"><img loading=\"lazy\" decoding=\"async\" width=\"1200\" height=\"800\" data-id=\"1066454\" src=\"https:\/\/www.europesays.com\/es\/wp-content\/uploads\/2025\/09\/photo_2025-09-13-21.25.25.jpeg\" alt=\"\" class=\"wp-image-1066454\"  \/><\/a><\/p>\n<p><a href=\"https:\/\/www.europesays.com\/es\/wp-content\/uploads\/2025\/09\/photo_2025-09-13-21.25.26.jpeg\" data-slb-active=\"1\" data-slb-asset=\"763883829\" data-slb-internal=\"0\" data-slb-group=\"slb\"><img loading=\"lazy\" decoding=\"async\" width=\"1200\" height=\"800\" data-id=\"1066453\" src=\"https:\/\/www.europesays.com\/es\/wp-content\/uploads\/2025\/09\/photo_2025-09-13-21.25.26.jpeg\" alt=\"\" class=\"wp-image-1066453\"  \/><\/a><\/p>\n<p><a href=\"https:\/\/www.europesays.com\/es\/wp-content\/uploads\/2025\/09\/photo_2025-09-13-21.25.27.jpeg\" data-slb-active=\"1\" data-slb-asset=\"1084765045\" data-slb-internal=\"0\" data-slb-group=\"slb\"><img loading=\"lazy\" decoding=\"async\" width=\"1200\" height=\"800\" data-id=\"1066452\" src=\"https:\/\/www.europesays.com\/es\/wp-content\/uploads\/2025\/09\/photo_2025-09-13-21.25.27.jpeg\" alt=\"\" class=\"wp-image-1066452\"  \/><\/a><\/p>\n<p><a href=\"https:\/\/www.europesays.com\/es\/wp-content\/uploads\/2025\/09\/photo_2025-09-13-21.25.28.jpeg\" data-slb-active=\"1\" data-slb-asset=\"1818097443\" data-slb-internal=\"0\" data-slb-group=\"slb\"><img loading=\"lazy\" decoding=\"async\" width=\"1200\" height=\"800\" data-id=\"1066451\" src=\"https:\/\/www.europesays.com\/es\/wp-content\/uploads\/2025\/09\/photo_2025-09-13-21.25.28.jpeg\" alt=\"\" class=\"wp-image-1066451\"  \/><\/a><\/p>\n<p><a href=\"https:\/\/www.europesays.com\/es\/wp-content\/uploads\/2025\/09\/2025-09-13-20.48.16.jpg\" data-slb-active=\"1\" data-slb-asset=\"1113351388\" data-slb-internal=\"0\" data-slb-group=\"slb\"><img loading=\"lazy\" decoding=\"async\" width=\"1200\" height=\"675\" data-id=\"1066446\" src=\"https:\/\/www.europesays.com\/es\/wp-content\/uploads\/2025\/09\/2025-09-13-20.48.16.jpg\" alt=\"\" class=\"wp-image-1066446\"  \/><\/a><\/p>\n<p><a href=\"https:\/\/www.europesays.com\/es\/wp-content\/uploads\/2025\/09\/photo_2025-09-13-20.43.58.jpeg\" data-slb-active=\"1\" data-slb-asset=\"415073847\" data-slb-internal=\"0\" data-slb-group=\"slb\"><img loading=\"lazy\" decoding=\"async\" width=\"1200\" height=\"675\" data-id=\"1066443\" src=\"https:\/\/www.europesays.com\/es\/wp-content\/uploads\/2025\/09\/photo_2025-09-13-20.43.58.jpeg\" alt=\"\" class=\"wp-image-1066443\"  \/><\/a><\/p>\n<p><a href=\"https:\/\/www.europesays.com\/es\/wp-content\/uploads\/2025\/09\/photo_2025-09-13-20.36.25.jpeg\" data-slb-active=\"1\" data-slb-asset=\"1465609643\" data-slb-internal=\"0\" data-slb-group=\"slb\"><img loading=\"lazy\" decoding=\"async\" width=\"1200\" height=\"677\" data-id=\"1066440\" src=\"https:\/\/www.europesays.com\/es\/wp-content\/uploads\/2025\/09\/photo_2025-09-13-20.36.25.jpeg\" alt=\"\" class=\"wp-image-1066440\"  \/><\/a><\/p>\n<p><a href=\"https:\/\/www.europesays.com\/es\/wp-content\/uploads\/2025\/09\/photo_2025-09-13-20.36.49.jpeg\" data-slb-active=\"1\" data-slb-asset=\"80320315\" data-slb-internal=\"0\" data-slb-group=\"slb\"><img loading=\"lazy\" decoding=\"async\" width=\"1200\" height=\"800\" data-id=\"1066439\" src=\"https:\/\/www.europesays.com\/es\/wp-content\/uploads\/2025\/09\/photo_2025-09-13-20.36.49.jpeg\" alt=\"\" class=\"wp-image-1066439\"  \/><\/a><\/p>\n<p><a href=\"https:\/\/www.europesays.com\/es\/wp-content\/uploads\/2025\/09\/2025-09-13-20.35.22.jpg\" data-slb-active=\"1\" data-slb-asset=\"1822050160\" data-slb-internal=\"0\" data-slb-group=\"slb\"><img loading=\"lazy\" decoding=\"async\" width=\"1200\" height=\"677\" data-id=\"1066438\" src=\"https:\/\/www.europesays.com\/es\/wp-content\/uploads\/2025\/09\/2025-09-13-20.35.22.jpg\" alt=\"\" class=\"wp-image-1066438\"  \/><\/a><\/p>\n","protected":false},"excerpt":{"rendered":"Mancheguito fue el primer matador de la historia de Albacete. De eso no hay duda. Hubo muchos aspirantes&hellip;\n","protected":false},"author":2,"featured_media":113324,"comment_status":"","ping_status":"","sticky":false,"template":"","format":"standard","meta":{"footnotes":""},"categories":[277],"tags":[373,168,25,24,338,23,167,374],"class_list":{"0":"post-113323","1":"post","2":"type-post","3":"status-publish","4":"format-standard","5":"has-post-thumbnail","7":"category-toreo","8":"tag-bullfighting","9":"tag-deportes","10":"tag-es","11":"tag-espana","12":"tag-portada","13":"tag-spain","14":"tag-sports","15":"tag-toreo"},"share_on_mastodon":{"url":"","error":""},"_links":{"self":[{"href":"https:\/\/www.europesays.com\/es\/wp-json\/wp\/v2\/posts\/113323","targetHints":{"allow":["GET"]}}],"collection":[{"href":"https:\/\/www.europesays.com\/es\/wp-json\/wp\/v2\/posts"}],"about":[{"href":"https:\/\/www.europesays.com\/es\/wp-json\/wp\/v2\/types\/post"}],"author":[{"embeddable":true,"href":"https:\/\/www.europesays.com\/es\/wp-json\/wp\/v2\/users\/2"}],"replies":[{"embeddable":true,"href":"https:\/\/www.europesays.com\/es\/wp-json\/wp\/v2\/comments?post=113323"}],"version-history":[{"count":0,"href":"https:\/\/www.europesays.com\/es\/wp-json\/wp\/v2\/posts\/113323\/revisions"}],"wp:featuredmedia":[{"embeddable":true,"href":"https:\/\/www.europesays.com\/es\/wp-json\/wp\/v2\/media\/113324"}],"wp:attachment":[{"href":"https:\/\/www.europesays.com\/es\/wp-json\/wp\/v2\/media?parent=113323"}],"wp:term":[{"taxonomy":"category","embeddable":true,"href":"https:\/\/www.europesays.com\/es\/wp-json\/wp\/v2\/categories?post=113323"},{"taxonomy":"post_tag","embeddable":true,"href":"https:\/\/www.europesays.com\/es\/wp-json\/wp\/v2\/tags?post=113323"}],"curies":[{"name":"wp","href":"https:\/\/api.w.org\/{rel}","templated":true}]}}