{"id":113327,"date":"2025-09-14T00:43:13","date_gmt":"2025-09-14T00:43:13","guid":{"rendered":"https:\/\/www.europesays.com\/es\/113327\/"},"modified":"2025-09-14T00:43:13","modified_gmt":"2025-09-14T00:43:13","slug":"la-numero-1-en-el-mundo-revelo-la-discriminacion-que-ha-sentido-en-el-tenis-femenino-me-decian-que-mi-carrera-dependia-de-perder-peso-o-encajar-en-un-estigma","status":"publish","type":"post","link":"https:\/\/www.europesays.com\/es\/113327\/","title":{"rendered":"La n\u00famero 1 en el mundo revel\u00f3 la discriminaci\u00f3n que ha sentido en el tenis femenino: \u201cMe dec\u00edan que mi carrera depend\u00eda de perder peso o encajar en un estigma\u201d"},"content":{"rendered":"<p>La tenista estadounidense <strong>Taylor Townsend<\/strong> se convirti\u00f3 en una de las figuras m\u00e1s destacadas del <strong>US Open<\/strong> que culmin\u00f3 el pasado 7 de septiembre.<\/p>\n<p>La n\u00famero 1 en el mundo en dobles destac\u00f3 por su rendimiento en el Abierto de Estados Unidos, pero esto no le alcanz\u00f3 para quedarse con el t\u00edtulo y caer ante Erin <strong>Routliffe y Gabriela Dabrowski<\/strong> en la final.<\/p>\n<p>Tras culminar el torneo, la tenista se sincer\u00f3 sobre varios aspectos en su vida que tambi\u00e9n han afectado en cierta manera su desempe\u00f1o en la cancha.<\/p>\n<p>En entrevista con el podcast <strong>\u2018The Pivot Podcast\u2019<\/strong> de los exjugadores de la NFL y presentador <strong>Ryan Clark, Fred Taylor y Channing Crowder<\/strong> sobre temas como la maternidad, la discriminaci\u00f3n y el tener que adaptar su imagen para encajar en un <strong>\u201cestigma\u201d.<\/strong><\/p>\n<p>Townsend fue cuestionada sobre unas palabras que dio hace un tiempo en las que afirm\u00f3 que siente que en Estados Unidos odian a las mujeres gordas negras.<\/p>\n<p>La tenista respondi\u00f3:<strong> \u201ces una pregunta capciosa porque es m\u00e1s profundo que el tenis. El tenis fue solo la v\u00eda y el escenario donde expuso lo que realmente estaba dentro, pero fue mucho antes de eso\u201d.<\/strong><\/p>\n<p>Taylor explic\u00f3 que se encontr\u00f3 con gente que le dec\u00edan que el progreso de su carrera profesional <strong>\u201cdepende de perder peso o de encajar en un estigma, y tener que lidiar con eso a nivel mundial fue muy duro\u201d.<\/strong><\/p>\n<p>La deportista cont\u00f3 que cuando se enter\u00f3 de que estaba embarazada una de las cosas que se dio cuenta fue del trauma generacional que exist\u00eda en ella.<\/p>\n<p><strong>\u201cY me di cuenta muchas de las voces, muchas de las cosas, muchos de los sentimientos que sent\u00eda y lo que ve\u00eda al mirarme al espejo, no era mi voz, era la voz de mi mam\u00e1. Era la voz de mi abuela\u201d,<\/strong> revel\u00f3.<\/p>\n<p>Townsend record\u00f3 que las palabras que recib\u00eda sobre su aspecto f\u00edsico por parte de miembros de su familia como su abuela o madre la hicieron da\u00f1o al punto de que no pudo ponerse un bikini de dos piezas hasta que cumpli\u00f3 los 23.<\/p>\n<p>La <strong>n\u00famero 1 en el ranking WTA<\/strong> que esos traumas y tener a gente que le dijera que estaba gorda, que no encajaba con el estigma le hicieron creer que no conseguir\u00eda jugar tenis a nivel profesional.<\/p>\n<p><strong>\u201cTuve que profundizar y hacer el trabajo de encontrar propia voz\u201d<\/strong>, a\u00f1adi\u00f3 la tenista que cont\u00f3 que tras sufrir su conmoci\u00f3n cerebral y estar des meses fuera del circuito fue <strong>\u201cel momento m\u00e1s transformador para m\u00ed\u201d.<\/strong><\/p>\n<p>Sobre la maternidad, coment\u00f3 que volver a las canchas tras su embarazo no fue f\u00e1cil y que:<strong> \u201cTuve que perder 43 kilos en menos de un a\u00f1o para volver a competir\u201d.<\/strong><\/p>\n<p>Taylor tambi\u00e9n habl\u00f3 de sus inicios en el deporte que tanto ama, sus logros, la inspiraci\u00f3n para jugar tenis y su identidad como deportista.<\/p>\n","protected":false},"excerpt":{"rendered":"La tenista estadounidense Taylor Townsend se convirti\u00f3 en una de las figuras m\u00e1s destacadas del US Open que&hellip;\n","protected":false},"author":2,"featured_media":113328,"comment_status":"","ping_status":"","sticky":false,"template":"","format":"standard","meta":{"footnotes":""},"categories":[274],"tags":[168,25,24,23,167,327,6811,326],"class_list":{"0":"post-113327","1":"post","2":"type-post","3":"status-publish","4":"format-standard","5":"has-post-thumbnail","7":"category-tenis","8":"tag-deportes","9":"tag-es","10":"tag-espana","11":"tag-spain","12":"tag-sports","13":"tag-tenis","14":"tag-tenista","15":"tag-tennis"},"share_on_mastodon":{"url":"","error":""},"_links":{"self":[{"href":"https:\/\/www.europesays.com\/es\/wp-json\/wp\/v2\/posts\/113327","targetHints":{"allow":["GET"]}}],"collection":[{"href":"https:\/\/www.europesays.com\/es\/wp-json\/wp\/v2\/posts"}],"about":[{"href":"https:\/\/www.europesays.com\/es\/wp-json\/wp\/v2\/types\/post"}],"author":[{"embeddable":true,"href":"https:\/\/www.europesays.com\/es\/wp-json\/wp\/v2\/users\/2"}],"replies":[{"embeddable":true,"href":"https:\/\/www.europesays.com\/es\/wp-json\/wp\/v2\/comments?post=113327"}],"version-history":[{"count":0,"href":"https:\/\/www.europesays.com\/es\/wp-json\/wp\/v2\/posts\/113327\/revisions"}],"wp:featuredmedia":[{"embeddable":true,"href":"https:\/\/www.europesays.com\/es\/wp-json\/wp\/v2\/media\/113328"}],"wp:attachment":[{"href":"https:\/\/www.europesays.com\/es\/wp-json\/wp\/v2\/media?parent=113327"}],"wp:term":[{"taxonomy":"category","embeddable":true,"href":"https:\/\/www.europesays.com\/es\/wp-json\/wp\/v2\/categories?post=113327"},{"taxonomy":"post_tag","embeddable":true,"href":"https:\/\/www.europesays.com\/es\/wp-json\/wp\/v2\/tags?post=113327"}],"curies":[{"name":"wp","href":"https:\/\/api.w.org\/{rel}","templated":true}]}}