{"id":113329,"date":"2025-09-14T00:44:08","date_gmt":"2025-09-14T00:44:08","guid":{"rendered":"https:\/\/www.europesays.com\/es\/113329\/"},"modified":"2025-09-14T00:44:08","modified_gmt":"2025-09-14T00:44:08","slug":"la-vuelta-se-ve-obligada-a-cambiar-el-recorrido-de-su-penultima-etapa-por-las-protestas-en-cercedilla","status":"publish","type":"post","link":"https:\/\/www.europesays.com\/es\/113329\/","title":{"rendered":"La Vuelta se ve obligada a cambiar el recorrido de su pen\u00faltima etapa por las protestas en Cercedilla"},"content":{"rendered":"<p class=\"article-text\">\n        La Vuelta Espa\u00f1a se ha visto <strong>obligada a desviar el recorrido de su pen\u00faltima etapa<\/strong>, con salida en Robledo de Chavela\u00a0y final en La Bola del Mundo y que recorr\u00eda diversos puntos de la Sierra de Madrid, por una <a href=\"https:\/\/www.infolibre.es\/politica\/boicot-israel-vuelta-negocio-gobierno-netanyahu-vetarlo_1_2059926.html\" class=\"link\" rel=\"nofollow noopener\" target=\"_blank\">gran protesta propalestina<\/a> ubicada en la madrile\u00f1a localidad de Cercedilla. La secretaria general de Podemos, <strong>Ione Belarra<\/strong>, y la eurodiputada <strong>Irene Montero<\/strong> han participado en la concentraci\u00f3n.\n    <\/p>\n<p class=\"article-text\">\n        En concreto, los corredores que marchaban <strong>escapados evitaron el paso por Cercedilla<\/strong>, donde hab\u00eda instalado un esprint intermedio. La organizaci\u00f3n desvi\u00f3 la carrera hacia la localidad de Los Molinos.\n    <\/p>\n<p><a href=\"https:\/\/www.infolibre.es\/politica\/1-500-policias-blindaran-madrid-final-vuelta-movilizaciones-gaza_1_2062340.html\" class=\"news-know-more partner-vertical-tablet-desktop\" data-dl-event=\"select_content\" data-dl-params=\"{&quot;content_type&quot;:&quot;ver_mas&quot;,&quot;im_link_page_name&quot;:&quot;articulo\\\/politica\\\/2062340&quot;,&quot;im_link_text&quot;:&quot;1.500 polic\\u00edas blindar\\u00e1n Madrid para el final de La Vuelta ante las movilizaciones por Gaza&quot;}\" rel=\"nofollow noopener\" target=\"_blank\"><\/p>\n<p>            <img decoding=\"async\" class=\"lazy\" src=\"data:image\/svg+xml,%3Csvg xmlns=\" http:=\"\" viewbox=\"0 0 1200 675\" alt=\"M\u00e1s de mil polic\u00edas blindan Madrid para el final de La Vuelta ante las movilizaciones por Gaza\"\/><\/p>\n<p>1.500 polic\u00edas blindar\u00e1n Madrid para el final de La Vuelta ante las movilizaciones por Gaza<\/p>\n<p>Ver m\u00e1s<\/p>\n<p><\/a><\/p>\n<p class=\"article-text\">\n        A lo largo del d\u00eda se hab\u00edan convocado concentraciones en las localidades madrile\u00f1as de <strong>Robledo de Chavela, San Lorenzo del Escorial, Cercedilla y Navacerrada<\/strong>, pero el pelot\u00f3n de la Vuelta Ciclista lleg\u00f3 finalmente a la meta en la Bola del Mundo.\n    <\/p>\n<p class=\"article-text\">\n        Para este fin de semana la Polic\u00eda <strong>ha desplegado 1.100 agentes y la Guardia Civil otros 400<\/strong> para velar por la seguridad de la Vuelta Ciclista a Espa\u00f1a, ante las protestas que se est\u00e1n sucediendo por la participaci\u00f3n del equipo Israel Premier Tech.\n    <\/p>\n<p class=\"article-text\">\n        La etapa de ma\u00f1ana domingo, que transcurre entre la localidad madrile\u00f1a de <strong>Alalpardo y Madrid<\/strong>, se ha recortado en 5 kil\u00f3metros por \u00abmotivos de circulaci\u00f3n\u00bb, seg\u00fan ha decidido la organizaci\u00f3n de la prueba.\n    <\/p>\n","protected":false},"excerpt":{"rendered":"La Vuelta Espa\u00f1a se ha visto obligada a desviar el recorrido de su pen\u00faltima etapa, con salida en&hellip;\n","protected":false},"author":2,"featured_media":113330,"comment_status":"","ping_status":"","sticky":false,"template":"","format":"standard","meta":{"footnotes":""},"categories":[273],"tags":[3054,25122,313,312,168,25,24,314,31972,4356,2315,1786,23,167,7096,1357],"class_list":{"0":"post-113329","1":"post","2":"type-post","3":"status-publish","4":"format-standard","5":"has-post-thumbnail","7":"category-ciclismo","8":"tag-cambiar","9":"tag-cercedilla","10":"tag-ciclismo","11":"tag-cycling","12":"tag-deportes","13":"tag-es","14":"tag-espana","15":"tag-etapa","16":"tag-obligada","17":"tag-penultima","18":"tag-protestas","19":"tag-recorrido","20":"tag-spain","21":"tag-sports","22":"tag-ve","23":"tag-vuelta"},"share_on_mastodon":{"url":"","error":""},"_links":{"self":[{"href":"https:\/\/www.europesays.com\/es\/wp-json\/wp\/v2\/posts\/113329","targetHints":{"allow":["GET"]}}],"collection":[{"href":"https:\/\/www.europesays.com\/es\/wp-json\/wp\/v2\/posts"}],"about":[{"href":"https:\/\/www.europesays.com\/es\/wp-json\/wp\/v2\/types\/post"}],"author":[{"embeddable":true,"href":"https:\/\/www.europesays.com\/es\/wp-json\/wp\/v2\/users\/2"}],"replies":[{"embeddable":true,"href":"https:\/\/www.europesays.com\/es\/wp-json\/wp\/v2\/comments?post=113329"}],"version-history":[{"count":0,"href":"https:\/\/www.europesays.com\/es\/wp-json\/wp\/v2\/posts\/113329\/revisions"}],"wp:featuredmedia":[{"embeddable":true,"href":"https:\/\/www.europesays.com\/es\/wp-json\/wp\/v2\/media\/113330"}],"wp:attachment":[{"href":"https:\/\/www.europesays.com\/es\/wp-json\/wp\/v2\/media?parent=113329"}],"wp:term":[{"taxonomy":"category","embeddable":true,"href":"https:\/\/www.europesays.com\/es\/wp-json\/wp\/v2\/categories?post=113329"},{"taxonomy":"post_tag","embeddable":true,"href":"https:\/\/www.europesays.com\/es\/wp-json\/wp\/v2\/tags?post=113329"}],"curies":[{"name":"wp","href":"https:\/\/api.w.org\/{rel}","templated":true}]}}