{"id":113339,"date":"2025-09-14T00:50:24","date_gmt":"2025-09-14T00:50:24","guid":{"rendered":"https:\/\/www.europesays.com\/es\/113339\/"},"modified":"2025-09-14T00:50:24","modified_gmt":"2025-09-14T00:50:24","slug":"vale-la-pena-una-vida-de-militancia-se-presenta-el-nuevo-libro-de-sebastian-artola","status":"publish","type":"post","link":"https:\/\/www.europesays.com\/es\/113339\/","title":{"rendered":"\u00abVale la pena\u00bb, una vida de militancia | Se presenta el nuevo libro de Sebasti\u00e1n Artola"},"content":{"rendered":"<p>Vale la pena. Ensayos sobre la militancia, el compa\u00f1erismo y el porvenir, el nuevo libro del polit\u00f3logo, docente de la UNR y militante Sebasti\u00e1n Artola se presenta hoy a las 18, en la librer\u00eda Homo Sapiens (Sarmiento 829). Participar\u00e1n de la presentaci\u00f3n Beatriz D\u00e1vilo, Roberto Retamoso y Juan Manuel Nu\u00f1ez.<\/p>\n<p>Publicado por la Editorial Orilla Brava, el libro es una memoria y un balance de casi 30 a\u00f1os de militancia, escrito desde la interioridad de una experiencia pol\u00edtica, que se inicia a mediados de la d\u00e9cada del 90, atraviesa los acontecimientos del 19 y 20 de diciembre del 2001, el ciclo de gobiernos de N\u00e9stor Kirchner a Cristina Fern\u00e1ndez, el macrismo, el gobierno del Frente de Todos y llega hasta el triunfo electoral de Javier Milei.<\/p>\n<p>Ahora bien, como el autor aclara, \u00abno es una autobiograf\u00eda, pero tampoco una historia en el sentido estricto de su ejercicio. Es un ensayo pol\u00edtico y reflexivo que bucea en los debates, desaf\u00edos y dilemas que habitaron esas construcciones colectivas, proponiendo, a la vez, una lectura de esas experiencias y recorridos en di\u00e1logo con la \u00e9poca y el presente\u00bb.\u00a0<\/p>\n<p>\u00a0<\/p>\n<p>Sin concesiones y buscando siempre ir al hueso, con un estilo \u00e1gil, despojado y sangu\u00edneo, Artola formula un conjunto de interpretaciones e hip\u00f3tesis para pensar la llegada al gobierno de la extrema derecha en el pa\u00eds de la mano de Javier Milei as\u00ed como tambi\u00e9n el estado de situaci\u00f3n que atraviesan el peronismo y el campo popular, \u201ca modo de aporte para hacer frente a este tiempo y, sobre todo, para ser capaces de construir una salida y un proyecto alternativo a las pol\u00edticas de ajuste y crueldad que gobiernan este tiempo\u201d.<\/p>\n","protected":false},"excerpt":{"rendered":"Vale la pena. Ensayos sobre la militancia, el compa\u00f1erismo y el porvenir, el nuevo libro del polit\u00f3logo, docente&hellip;\n","protected":false},"author":2,"featured_media":113340,"comment_status":"","ping_status":"","sticky":false,"template":"","format":"standard","meta":{"footnotes":""},"categories":[172],"tags":[224,777,146,147,25,24,225,23],"class_list":{"0":"post-113339","1":"post","2":"type-post","3":"status-publish","4":"format-standard","5":"has-post-thumbnail","7":"category-libros","8":"tag-books","9":"tag-ciudad","10":"tag-entertainment","11":"tag-entretenimiento","12":"tag-es","13":"tag-espana","14":"tag-libros","15":"tag-spain"},"share_on_mastodon":{"url":"","error":""},"_links":{"self":[{"href":"https:\/\/www.europesays.com\/es\/wp-json\/wp\/v2\/posts\/113339","targetHints":{"allow":["GET"]}}],"collection":[{"href":"https:\/\/www.europesays.com\/es\/wp-json\/wp\/v2\/posts"}],"about":[{"href":"https:\/\/www.europesays.com\/es\/wp-json\/wp\/v2\/types\/post"}],"author":[{"embeddable":true,"href":"https:\/\/www.europesays.com\/es\/wp-json\/wp\/v2\/users\/2"}],"replies":[{"embeddable":true,"href":"https:\/\/www.europesays.com\/es\/wp-json\/wp\/v2\/comments?post=113339"}],"version-history":[{"count":0,"href":"https:\/\/www.europesays.com\/es\/wp-json\/wp\/v2\/posts\/113339\/revisions"}],"wp:featuredmedia":[{"embeddable":true,"href":"https:\/\/www.europesays.com\/es\/wp-json\/wp\/v2\/media\/113340"}],"wp:attachment":[{"href":"https:\/\/www.europesays.com\/es\/wp-json\/wp\/v2\/media?parent=113339"}],"wp:term":[{"taxonomy":"category","embeddable":true,"href":"https:\/\/www.europesays.com\/es\/wp-json\/wp\/v2\/categories?post=113339"},{"taxonomy":"post_tag","embeddable":true,"href":"https:\/\/www.europesays.com\/es\/wp-json\/wp\/v2\/tags?post=113339"}],"curies":[{"name":"wp","href":"https:\/\/api.w.org\/{rel}","templated":true}]}}