{"id":113343,"date":"2025-09-14T00:53:08","date_gmt":"2025-09-14T00:53:08","guid":{"rendered":"https:\/\/www.europesays.com\/es\/113343\/"},"modified":"2025-09-14T00:53:08","modified_gmt":"2025-09-14T00:53:08","slug":"cual-es-la-mejor-pelicula-de-daniel-day-lewis","status":"publish","type":"post","link":"https:\/\/www.europesays.com\/es\/113343\/","title":{"rendered":"\u00bfCu\u00e1l es la mejor pel\u00edcula de Daniel Day-Lewis?"},"content":{"rendered":"<p class=\"paragraph\">Es uno de los <b>mejores actores de la historia <\/b>y, junto a Jack Nicholson y Walter Brennan, uno de tres \u00fanicos int\u00e9rpretes masculinos que han ganado tres Oscar. <b>Daniel Day-Lewis<\/b> se retir\u00f3 del cine en 2017 despu\u00e9s de protagonizar El hilo invisible, o eso parec\u00eda, porque ahora vuelve a la actuaci\u00f3n con <b>Anemone<\/b>, la pel\u00edcula que ha coescrito con su hijo Ronan, quien debuta como director con este largometraje que se estrenar\u00e1 en los cines en los pr\u00f3ximos meses.<\/p>\n<p class=\"paragraph\">Anemone ampliar\u00e1 una selecta filmograf\u00eda repleta de <b>grandes interpretaciones de Daniel Day-Lewis<\/b>, en no pocos casos por encima del conjunto del filme. En El Debate hemos seleccionado 10 t\u00edtulos en esta <b>encuesta<\/b> para que nuestros lectores escojan la <b>mejor pel\u00edcula de Daniel Day-Lewis<\/b> con dos acotaciones: una, que se trata de elegir la mejor pel\u00edcula y no su mejor interpretaci\u00f3n, que no tienen por qu\u00e9 coincidir; y dos, que en la lista no aparecen t\u00edtulos en los que tuvo un papel menor.<\/p>\n<p class=\"paragraph\">Los tres Oscar de Daniel Day-Lewis corresponden a la categor\u00eda de mejor actor. Los gan\u00f3 en 1990 por Mi pie izquierdo, en 2008 por Pozos de ambici\u00f3n y en 2013 por Lincoln. Adem\u00e1s, ha estado nominado en otras tres ocasiones, todas ellas tambi\u00e9n en el apartado de mejor actor: en 1994 por su actuaci\u00f3n en la pel\u00edcula En el nombre del padre, en 2003 por Gangs of New York y en 2018 por El hilo invisible, que durante estos a\u00f1os parec\u00eda su despedida del cine hasta su regreso con Anemone.<\/p>\n","protected":false},"excerpt":{"rendered":"Es uno de los mejores actores de la historia y, junto a Jack Nicholson y Walter Brennan, uno&hellip;\n","protected":false},"author":2,"featured_media":113344,"comment_status":"","ping_status":"","sticky":false,"template":"","format":"standard","meta":{"footnotes":""},"categories":[169],"tags":[177,146,147,25,24,176,175,23],"class_list":{"0":"post-113343","1":"post","2":"type-post","3":"status-publish","4":"format-standard","5":"has-post-thumbnail","7":"category-cine","8":"tag-cine","9":"tag-entertainment","10":"tag-entretenimiento","11":"tag-es","12":"tag-espana","13":"tag-film","14":"tag-movies","15":"tag-spain"},"share_on_mastodon":{"url":"","error":""},"_links":{"self":[{"href":"https:\/\/www.europesays.com\/es\/wp-json\/wp\/v2\/posts\/113343","targetHints":{"allow":["GET"]}}],"collection":[{"href":"https:\/\/www.europesays.com\/es\/wp-json\/wp\/v2\/posts"}],"about":[{"href":"https:\/\/www.europesays.com\/es\/wp-json\/wp\/v2\/types\/post"}],"author":[{"embeddable":true,"href":"https:\/\/www.europesays.com\/es\/wp-json\/wp\/v2\/users\/2"}],"replies":[{"embeddable":true,"href":"https:\/\/www.europesays.com\/es\/wp-json\/wp\/v2\/comments?post=113343"}],"version-history":[{"count":0,"href":"https:\/\/www.europesays.com\/es\/wp-json\/wp\/v2\/posts\/113343\/revisions"}],"wp:featuredmedia":[{"embeddable":true,"href":"https:\/\/www.europesays.com\/es\/wp-json\/wp\/v2\/media\/113344"}],"wp:attachment":[{"href":"https:\/\/www.europesays.com\/es\/wp-json\/wp\/v2\/media?parent=113343"}],"wp:term":[{"taxonomy":"category","embeddable":true,"href":"https:\/\/www.europesays.com\/es\/wp-json\/wp\/v2\/categories?post=113343"},{"taxonomy":"post_tag","embeddable":true,"href":"https:\/\/www.europesays.com\/es\/wp-json\/wp\/v2\/tags?post=113343"}],"curies":[{"name":"wp","href":"https:\/\/api.w.org\/{rel}","templated":true}]}}