{"id":113359,"date":"2025-09-14T01:06:09","date_gmt":"2025-09-14T01:06:09","guid":{"rendered":"https:\/\/www.europesays.com\/es\/113359\/"},"modified":"2025-09-14T01:06:09","modified_gmt":"2025-09-14T01:06:09","slug":"carlos-alcaraz-se-prepara-en-murcia-para-el-tramo-final-de-temporada","status":"publish","type":"post","link":"https:\/\/www.europesays.com\/es\/113359\/","title":{"rendered":"Carlos Alcaraz se prepara en Murcia para el tramo final de temporada"},"content":{"rendered":"<p class=\"v-mdl-ath__p v-mdl-ath__p--6\">\nS\u00e1bado, 13 de septiembre 2025, 18:12<\/p>\n<p class=\"v-p\">Apenas ha pasado tiempo desde que el pasado domingo <a href=\"https:\/\/www.laverdad.es\/carlos-alcaraz\/directo-carlos-alcaraz-jannik-sinner-final-open-20250907200131-di.html\" title=\"www.laverdad.es\" data-voc-vtm-id=\"in-text-traffic\" data-mrf-link=\"www.laverdad.es\" rel=\"nofollow noopener\" target=\"_blank\">Carlos Alcaraz levantase su sexto Grand Slam<\/a> en tierras estadounidenses y el murciano ya se prepara para el tramo final de temporada. Al nuevo n\u00famero 1 del mundo le toca defender 1.000 puntos en los \u00faltimos torneos de la temporada, siendo el ATP 500 de Pek\u00edn el lugar donde m\u00e1s tiene que proteger. En este territorio chino venci\u00f3 el curso pasado a Jannik Sinner en una final muy igualada 6-7, 6-4, 7-6 y sumo 500 puntos en su casillero. Este duelo fue en pista dura, como la final de US Open donde el chico de El Palmar sum\u00f3 el segundo Grand Slam de este curso.<\/p>\n<p class=\"v-p\">Carlos Alcaraz ha tenido unos d\u00edas de vacaciones y, como suele hacer, ha estado con sus amigos m\u00e1s cercanos para desconectar de estas semanas por Estados Unidos. Se le ha podido ver en las pistas duras de El Palmar, donde se disputaba el &#8216;Memorial Coba&#8217;, un trofeo creado por su grupo de amigos, y donde el tenista murciano le firm\u00f3 la camiseta al ganador de dicho trofeo.<\/p>\n<p>Con la mente puesta en el final<\/p>\n<p class=\"v-p\">Ahora, como le pide su entrenador Juan Carlos Ferrero, le toca prepararse para los \u00faltimos cuatro torneos oficiales que le quedan para finalizar la temporada 2025. Para ello, ha estado presente en la Academia Carlos Alcaraz en El Palmar entrenando sobre una pista dura cubierta, por lo que est\u00e1 practicando para unas condiciones especiales de partido que no benefician al murciano. La primera parada en este camino final es Pek\u00edn, que comienza la semana del 27 de septiembre y reparte 500 puntos.<\/p>\n<p class=\"v-p\">Por otro lado, su m\u00e1ximo rival, Jannik Sinner, tiene que defender los 2.830 puntos conquistados la temporada pasada en este tramo final. El tenista italiano levant\u00f3 el t\u00edtulo de Masters 1.000 de Shanghai ante Novak Djokovic y el t\u00edtulo de las Finales ATP ante Taylor Fritz. Adem\u00e1s, Sinner acab\u00f3 la temporada como el mejor tenista del mundo, superando de manera notable al tenista de El Palmar. Sin embargo, un a\u00f1o despu\u00e9s, la cosa ha cambiado y la probabilidad da como favorito a Carlos Alcaraz para acabar la temporada como n\u00famero 1 del ranking ATP. Aunque no debe confiarse, ya que la diferencia entre ambos tenistas es de 760 puntos, por lo que no es tan amplia como puede llegar a parecer.<\/p>\n<p>Comenta<\/p>\n<p>Reporta un error<\/p>\n","protected":false},"excerpt":{"rendered":"S\u00e1bado, 13 de septiembre 2025, 18:12 Apenas ha pasado tiempo desde que el pasado domingo Carlos Alcaraz levantase&hellip;\n","protected":false},"author":2,"featured_media":113360,"comment_status":"","ping_status":"","sticky":false,"template":"","format":"standard","meta":{"footnotes":""},"categories":[274],"tags":[4736,415,168,25,24,1058,5936,23,167,1152,327,326,1934,14238],"class_list":{"0":"post-113359","1":"post","2":"type-post","3":"status-publish","4":"format-standard","5":"has-post-thumbnail","7":"category-tenis","8":"tag-alcaraz","9":"tag-carlos","10":"tag-deportes","11":"tag-es","12":"tag-espana","13":"tag-final","14":"tag-prepara","15":"tag-spain","16":"tag-sports","17":"tag-temporada","18":"tag-tenis","19":"tag-tennis","20":"tag-tierra","21":"tag-tramo"},"share_on_mastodon":{"url":"","error":""},"_links":{"self":[{"href":"https:\/\/www.europesays.com\/es\/wp-json\/wp\/v2\/posts\/113359","targetHints":{"allow":["GET"]}}],"collection":[{"href":"https:\/\/www.europesays.com\/es\/wp-json\/wp\/v2\/posts"}],"about":[{"href":"https:\/\/www.europesays.com\/es\/wp-json\/wp\/v2\/types\/post"}],"author":[{"embeddable":true,"href":"https:\/\/www.europesays.com\/es\/wp-json\/wp\/v2\/users\/2"}],"replies":[{"embeddable":true,"href":"https:\/\/www.europesays.com\/es\/wp-json\/wp\/v2\/comments?post=113359"}],"version-history":[{"count":0,"href":"https:\/\/www.europesays.com\/es\/wp-json\/wp\/v2\/posts\/113359\/revisions"}],"wp:featuredmedia":[{"embeddable":true,"href":"https:\/\/www.europesays.com\/es\/wp-json\/wp\/v2\/media\/113360"}],"wp:attachment":[{"href":"https:\/\/www.europesays.com\/es\/wp-json\/wp\/v2\/media?parent=113359"}],"wp:term":[{"taxonomy":"category","embeddable":true,"href":"https:\/\/www.europesays.com\/es\/wp-json\/wp\/v2\/categories?post=113359"},{"taxonomy":"post_tag","embeddable":true,"href":"https:\/\/www.europesays.com\/es\/wp-json\/wp\/v2\/tags?post=113359"}],"curies":[{"name":"wp","href":"https:\/\/api.w.org\/{rel}","templated":true}]}}