{"id":113361,"date":"2025-09-14T01:07:07","date_gmt":"2025-09-14T01:07:07","guid":{"rendered":"https:\/\/www.europesays.com\/es\/113361\/"},"modified":"2025-09-14T01:07:07","modified_gmt":"2025-09-14T01:07:07","slug":"vuelta-a-espana-jay-vine-el-maillot-de-la-montana-deja-un-sabor-agridulce-queriamos-la-roja-ciclismo","status":"publish","type":"post","link":"https:\/\/www.europesays.com\/es\/113361\/","title":{"rendered":"Vuelta a Espa\u00f1a: Jay Vine: &quot;El maillot de la monta\u00f1a deja un sabor agridulce, quer\u00edamos la roja&quot; &#8211; Ciclismo"},"content":{"rendered":"<ol>\n<li><a href=\"https:\/\/news.google.com\/rss\/articles\/CBMiakFVX3lxTE9qRFRUMEdGeW5KX3RKREtUZ2VYZXdiWWZUR1lCeHhxaDlnUUI0T1luOWI4SHotN0NNZUJ0YUNja2toT3Z6bWRoTVoxeXE1R3ZKYmJZaXZzSWx2aF95TGktUlhSdkhTQldnYnc?oc=5\" target=\"_blank\" rel=\"nofollow noopener\">Vuelta a Espa\u00f1a: Jay Vine: \u00abEl maillot de la monta\u00f1a deja un sabor agridulce, quer\u00edamos la roja\u00bb<\/a>&nbsp;&nbsp;Ciclismo<\/li>\n<li><a href=\"https:\/\/news.google.com\/rss\/articles\/CBMimwFBVV95cUxOdi1YN1daTm0zY1A5MGxJRS1BN2hvdmNPTlo1RndIWGxtRFRzSW84T2d4b3Ria0llME0yS3huY3p6WEgxUmVQNndpRXA4MEZvU2NyU2p2Rlc5YXY1SzA5X3lUY0ptRFgtVHRzU050VEE2aU50aTVCZHdpbXJ0OFlGc2hoZEhZcjlveXZ3Q0pNNGpyRkwwVkVHTVZsRQ?oc=5\" target=\"_blank\" rel=\"nofollow noopener\">Vine: \u00abHe guardado mi energ\u00eda para ma\u00f1ana\u00bb<\/a>&nbsp;&nbsp;La Vuelta<\/li>\n<li><a href=\"https:\/\/news.google.com\/rss\/articles\/CBMijgFBVV95cUxNV0lhWnF6Qy1haWE0OW8tVk5OUF9VWi1MWG10emlwRVBKbldNM1lZWmk4ZmRHdjN6ZUxZcmJzdmZjV0xRcGl6UnRPZnBoVHdWOEhKVWEzZlgxYkxZN1UyV2N0RURxYWw1V09MRUNEbkIwQmt0NngyTHV0bnpyNnhlVTZYVW9wMjVoaWZtYXhn?oc=5\" target=\"_blank\" rel=\"nofollow noopener\">Vine: \u00abNo pod\u00eda hacer mucho m\u00e1s\u00bb<\/a>&nbsp;&nbsp;La Vuelta<\/li>\n<li><a href=\"https:\/\/news.google.com\/rss\/articles\/CBMilAFBVV95cUxPbEozb2JISVJ2NEh2cGw1TkxSamFkTk1yZG1qa01ybXFEd1V0YUJ3T080a3JUd3ZRLVk3cEowUl9CSTRIR0NwcE40aFlBWkhPQUxZeEJ6ZXZ6YXIzQmdXeFdWZHJlbnloZVFWODBLVWRtVDRqS0dkbjlkZG8yR1d2SXhhOVV4YkdVUlhoQ1EyLThEbDZj?oc=5\" target=\"_blank\" rel=\"nofollow noopener\">Vine: \u00abA\u00fan no hay nada irrecuperable\u00bb<\/a>&nbsp;&nbsp;La Vuelta<\/li>\n<li><a href=\"https:\/\/news.google.com\/rss\/articles\/CBMilwFBVV95cUxQV24ySURobVNFYUpHZGVWcmZMZDFMaFEyT2N6U2lkeU0xUEJ1aEJZV1A3WU5KdnlLcHVXWExUTHV1b2RiRGQtXzdhTDJfV2NNTUhveWdxaXRCbnIyYXVaWkl3X1kzSkE3QTNIVGNYQUcyVXpGZE1iT2t5YmVhNmdZLXFVeE44YjBWeXNfX2ZJbTdUdGtFQWRZ?oc=5\" target=\"_blank\" rel=\"nofollow noopener\">Jay Vine: \u00abGanar el maillot de la monta\u00f1a deja un sabor agridulce, quer\u00edamos la roja\u00bb<\/a>&nbsp;&nbsp;es-us.noticias.yahoo.com<\/li>\n<\/ol>\n","protected":false},"excerpt":{"rendered":"Vuelta a Espa\u00f1a: Jay Vine: \u00abEl maillot de la monta\u00f1a deja un sabor agridulce, quer\u00edamos la roja\u00bb&nbsp;&nbsp;Ciclismo Vine:&hellip;\n","protected":false},"author":2,"featured_media":113362,"comment_status":"","ping_status":"","sticky":false,"template":"","format":"standard","meta":{"footnotes":""},"categories":[273],"tags":[19710,313,1757,312,168,158,551,25,24,2888,23,167,550,30035,552],"class_list":{"0":"post-113361","1":"post","2":"type-post","3":"status-publish","4":"format-standard","5":"has-post-thumbnail","7":"category-ciclismo","8":"tag-australiano","9":"tag-ciclismo","10":"tag-ciclista","11":"tag-cycling","12":"tag-deportes","13":"tag-el","14":"tag-emirates","15":"tag-es","16":"tag-espana","17":"tag-jay","18":"tag-spain","19":"tag-sports","20":"tag-uae","21":"tag-vine","22":"tag-xrg"},"share_on_mastodon":{"url":"","error":""},"_links":{"self":[{"href":"https:\/\/www.europesays.com\/es\/wp-json\/wp\/v2\/posts\/113361","targetHints":{"allow":["GET"]}}],"collection":[{"href":"https:\/\/www.europesays.com\/es\/wp-json\/wp\/v2\/posts"}],"about":[{"href":"https:\/\/www.europesays.com\/es\/wp-json\/wp\/v2\/types\/post"}],"author":[{"embeddable":true,"href":"https:\/\/www.europesays.com\/es\/wp-json\/wp\/v2\/users\/2"}],"replies":[{"embeddable":true,"href":"https:\/\/www.europesays.com\/es\/wp-json\/wp\/v2\/comments?post=113361"}],"version-history":[{"count":0,"href":"https:\/\/www.europesays.com\/es\/wp-json\/wp\/v2\/posts\/113361\/revisions"}],"wp:featuredmedia":[{"embeddable":true,"href":"https:\/\/www.europesays.com\/es\/wp-json\/wp\/v2\/media\/113362"}],"wp:attachment":[{"href":"https:\/\/www.europesays.com\/es\/wp-json\/wp\/v2\/media?parent=113361"}],"wp:term":[{"taxonomy":"category","embeddable":true,"href":"https:\/\/www.europesays.com\/es\/wp-json\/wp\/v2\/categories?post=113361"},{"taxonomy":"post_tag","embeddable":true,"href":"https:\/\/www.europesays.com\/es\/wp-json\/wp\/v2\/tags?post=113361"}],"curies":[{"name":"wp","href":"https:\/\/api.w.org\/{rel}","templated":true}]}}